{"id":1020,"date":"2016-12-10T11:08:42","date_gmt":"2016-12-10T14:08:42","guid":{"rendered":"http:\/\/165.227.28.131\/blog\/?p=1020"},"modified":"2018-08-06T15:19:11","modified_gmt":"2018-08-06T18:19:11","slug":"nouvelle-annee-2013-paris","status":"publish","type":"post","link":"https:\/\/quizviajero.com\/blog\/nouvelle-annee-2013-paris\/","title":{"rendered":"Nouvelle Ann\u00e9e 2013 en Par\u00eds"},"content":{"rendered":"<blockquote><p>\u201cY si nos vamos a pasar a\u00f1o nuevo a Par\u00eds?\u201d. En ese instante el bizcochito Don Satur\u00ae que ten\u00eda entre dientes se fue derecho a mi tr\u00e1quea generando gener\u00e1ndome bruta tos. La idea me encant\u00f3, pero me fui forzado a aclarar \u201cMira que no tengo un mango, eh\u201d y ah\u00ed fue el momento en el que recib\u00ed el mayor de los regalos navide\u00f1os adelantados cuando o\u00ed la frase \u201cVos organizalo que yo invito\u201d.<\/p>\n<p>&nbsp;<\/p><\/blockquote>\n<h3><strong>La Sorpresa Inicial<\/strong><\/h3>\n<p>Se estaba cerrando el a\u00f1o 2013, est\u00e1bamos a mediados de octubre cuando en el trabajo decidieron, a modo de limpiar las horas extra adeudadas, \u201cregalarnos\u201d los d\u00edas 30\/12 2\/1 y 3\/1. Con la sorpresa que ese Mega hueco en mi agenda me hab\u00eda generado me fui muy campante a tomar unos mates a lo de mis viejos.<\/p>\n<p>Lo que no sab\u00eda es que ese d\u00eda me deparar\u00eda m\u00e1s sorpresas. Al contarlo, entre mate y mate, mi padre, un hombre nacido junto con el a\u00f1o, odiador de sus cumplea\u00f1os y amante de sus ra\u00edces galas, esboz\u00f3 \u201cY si nos vamos a pasar a\u00f1o nuevo a Par\u00eds?\u201d. En ese instante el bizcochito Don Satur\u00ae que ten\u00eda entre dientes se fue derecho a mi tr\u00e1quea generando gener\u00e1ndome bruta tos. La idea me encant\u00f3, pero me fui forzado a aclarar \u201cMira que no tengo un mango, eh\u201d y ah\u00ed fue el momento en el que recib\u00ed el mayor de los regalos navide\u00f1os adelantados cuando o\u00ed la frase \u201cVos organizalo que yo invito\u201d.<\/p>\n<p>Imaginar\u00e1n lo poco que dorm\u00ed esa noche. A mi juego me hab\u00edan llamado, aproximadamente a las 3 am ya ten\u00eda organizado el viaje para hacer PARIS \u2013 BRUJAS \u2013 AMSTERDAM con los a\u00e9reos pre seleccionados, hospedaje en Paris apalabrado, 4 hoteles reservados en cada una de las otras ciudades y los trenes ya analizados.<\/p>\n<p>Los d\u00edas fueron pasando, me fui juntando con mis viejos tratando de adaptar el itinerario del viaje a los gustos y necesidades de cada uno de los 3 viajeros. Para mediados de noviembre ya el viaje ten\u00eda forma, color y cuanto adjetivo se les ocurra. Ir\u00edamos el 27 a Paris v\u00eda KLM, previa escala en \u00c1msterdam y regresar\u00edamos desde la capital holandesa en vuelo directo el 5\/1 un itinerario nada despreciable.<\/p>\n<p>Claramente en el viaje operaria de Gu\u00eda Tur\u00edstico \/ GPS \/ Guardi\u00e1n del itinerario \/ Interlocutor \/ etc.<\/p>\n<h3><strong>Llegando a La France<\/strong><\/h3>\n<p>Llegado el 27\/12 a la salida del trabajo me fui para Ezeiza donde me encontr\u00e9 con mis viejos, era una tarde de mucho calor y yo con la campera en mano previendo el frio q me esperaba en Paris. Por suerte el vuelo paso sin pena ni gloria, ambos vuelos llegaron en horario y el equipaje llego a destino como se esperaba (y suele pasar).<\/p>\n<p><img fetchpriority=\"high\" decoding=\"async\" class=\"alignleft size-medium wp-image-1059\" src=\"https:\/\/quizviajero.com\/blog\/wp-content\/uploads\/2017\/12\/01-Paris-024-300x169.jpg\" alt=\"01-paris-024\" width=\"300\" height=\"169\" srcset=\"https:\/\/quizviajero.com\/blog\/wp-content\/uploads\/2017\/12\/01-Paris-024-300x169.jpg 300w, https:\/\/quizviajero.com\/blog\/wp-content\/uploads\/2017\/12\/01-Paris-024-768x432.jpg 768w, https:\/\/quizviajero.com\/blog\/wp-content\/uploads\/2017\/12\/01-Paris-024-1024x576.jpg 1024w, https:\/\/quizviajero.com\/blog\/wp-content\/uploads\/2017\/12\/01-Paris-024-260x146.jpg 260w, https:\/\/quizviajero.com\/blog\/wp-content\/uploads\/2017\/12\/01-Paris-024-50x28.jpg 50w, https:\/\/quizviajero.com\/blog\/wp-content\/uploads\/2017\/12\/01-Paris-024-133x75.jpg 133w, https:\/\/quizviajero.com\/blog\/wp-content\/uploads\/2017\/12\/01-Paris-024.jpg 1600w\" sizes=\"(max-width: 300px) 100vw, 300px\" \/>Consegu\u00ed un departamento a 6 cuadras de la Tour Eiffel, para los 5 d\u00edas en Paris, estaba emocionado con ir por primera vez a la Ciudad Luz, pero confieso q no le ten\u00eda mucha fe a la torre\u2026 el a\u00f1o anterior hab\u00eda pasado por Pisa y la famosa torre me gust\u00f3 pero \u201cmeh\u201d, honestamente esperaba lo mismo de la dichosa estructura met\u00e1lica. #SpoilerAlert!!! QUE EQUIVOCADO ESTABA!!! Llegamos de noche, tomamos el tren, luego el subte (o Metro como le dicen en dichos lares) y bajamos en la estaci\u00f3n Invalides, luego de varias escaleras salimos a la superficie encontr\u00e1ndonos en un parque amplio llamado Esplanade des Invalides, yo ven\u00eda concentrado en el mapa, las referencias q ten\u00eda en el celular, la direcci\u00f3n del departamento, el equipaje y dem\u00e1s variables. Una vez analizado todo levante la vista buscando alguna referencia para orientarme y si\u2026 ah\u00ed la vi\u2026 me miro\u2026 nos miramos\u2026 me gust\u00f3\u2026 una estructura met\u00e1lica toda iluminada de un color anaranjado \/ amarillento se ergu\u00eda sola, por sobre todos las casas de la zona, aun no nos conoc\u00edamos y ella ya me estaba obrando de faro. Guard\u00e9 todo mapas papeles y dem\u00e1s y empec\u00e9 a caminar atra\u00eddo hacia ella, ya me hab\u00eda olvidado del frio, el hambre y el sue\u00f1o\u2026 quer\u00eda ir hacia la torre. Por suerte esa era la direcci\u00f3n que ten\u00edamos que tomar.<\/p>\n<p><img decoding=\"async\" class=\"alignright size-medium wp-image-1049\" src=\"https:\/\/quizviajero.com\/blog\/wp-content\/uploads\/2017\/12\/01-Paris-690-300x225.jpg\" alt=\"01-paris-690\" width=\"300\" height=\"225\" srcset=\"https:\/\/quizviajero.com\/blog\/wp-content\/uploads\/2017\/12\/01-Paris-690-300x225.jpg 300w, https:\/\/quizviajero.com\/blog\/wp-content\/uploads\/2017\/12\/01-Paris-690-768x576.jpg 768w, https:\/\/quizviajero.com\/blog\/wp-content\/uploads\/2017\/12\/01-Paris-690-1024x768.jpg 1024w, https:\/\/quizviajero.com\/blog\/wp-content\/uploads\/2017\/12\/01-Paris-690-195x146.jpg 195w, https:\/\/quizviajero.com\/blog\/wp-content\/uploads\/2017\/12\/01-Paris-690-50x37.jpg 50w, https:\/\/quizviajero.com\/blog\/wp-content\/uploads\/2017\/12\/01-Paris-690-100x75.jpg 100w, https:\/\/quizviajero.com\/blog\/wp-content\/uploads\/2017\/12\/01-Paris-690.jpg 1343w\" sizes=\"(max-width: 300px) 100vw, 300px\" \/>Llegamos al departamento, hicimos los tr\u00e1mites pertinentes tiramos todas las valijas y nos fuimos derechito a verla de cerca, nunca olvidar\u00e9 las im\u00e1genes que grab\u00e9 en mi retina.<\/p>\n<p>Los d\u00edas subsiguientes recorrimos Paris y Versalles con un sorprendente buen clima, ni un d\u00eda nos sorprendi\u00f3 un bajo 0 y solo llovi\u00f3 un poco el 30\/12, incre\u00edble para las estad\u00edsticas de la ciudad.<\/p>\n<p>Voy a dejar para las gu\u00edas tradicionales las atracciones principales y los lugares que tienen q recorrer si o si. Ac\u00e1 tan solo tratare de contarles esas cosas q me generaron algo especial, algo lindo, digno de ser compartido.<\/p>\n<p><img decoding=\"async\" class=\"alignleft size-medium wp-image-1057\" src=\"https:\/\/quizviajero.com\/blog\/wp-content\/uploads\/2017\/12\/01-Paris-062-300x225.jpg\" alt=\"01-paris-062\" width=\"300\" height=\"225\" srcset=\"https:\/\/quizviajero.com\/blog\/wp-content\/uploads\/2017\/12\/01-Paris-062-300x225.jpg 300w, https:\/\/quizviajero.com\/blog\/wp-content\/uploads\/2017\/12\/01-Paris-062-768x576.jpg 768w, https:\/\/quizviajero.com\/blog\/wp-content\/uploads\/2017\/12\/01-Paris-062-1024x768.jpg 1024w, https:\/\/quizviajero.com\/blog\/wp-content\/uploads\/2017\/12\/01-Paris-062-195x146.jpg 195w, https:\/\/quizviajero.com\/blog\/wp-content\/uploads\/2017\/12\/01-Paris-062-50x37.jpg 50w, https:\/\/quizviajero.com\/blog\/wp-content\/uploads\/2017\/12\/01-Paris-062-100x75.jpg 100w, https:\/\/quizviajero.com\/blog\/wp-content\/uploads\/2017\/12\/01-Paris-062.jpg 1343w\" sizes=\"(max-width: 300px) 100vw, 300px\" \/>Visitamos infinidad de museos pero quer\u00eda destacar el que para m\u00ed es el m\u00e1s lindo de la ciudad aunque no el m\u00e1s famoso, el \u201cMusee D&#8217;orsay\u201d una estaci\u00f3n de tren a la vera del Sena que fue reconvertida en museo impresionista, arquitect\u00f3nicamente es PRECIOSO y tiene una de las obras que m\u00e1s emoci\u00f3n me han generado la \u201cNoche estrellada sobre el R\u00f3dano\u201d de Vincent Van Gogh. Como si fuera poco el museo tiene en su \u00faltimo piso un caf\u00e9 desde el cual se puede ver toda la ciudad a trav\u00e9s del reloj de la estaci\u00f3n.<\/p>\n<p><img loading=\"lazy\" decoding=\"async\" class=\"alignright size-medium wp-image-1055\" src=\"https:\/\/quizviajero.com\/blog\/wp-content\/uploads\/2017\/12\/01-Paris-279-300x225.jpg\" alt=\"01-paris-279\" width=\"300\" height=\"225\" srcset=\"https:\/\/quizviajero.com\/blog\/wp-content\/uploads\/2017\/12\/01-Paris-279-300x225.jpg 300w, https:\/\/quizviajero.com\/blog\/wp-content\/uploads\/2017\/12\/01-Paris-279-768x576.jpg 768w, https:\/\/quizviajero.com\/blog\/wp-content\/uploads\/2017\/12\/01-Paris-279-1024x768.jpg 1024w, https:\/\/quizviajero.com\/blog\/wp-content\/uploads\/2017\/12\/01-Paris-279-195x146.jpg 195w, https:\/\/quizviajero.com\/blog\/wp-content\/uploads\/2017\/12\/01-Paris-279-50x37.jpg 50w, https:\/\/quizviajero.com\/blog\/wp-content\/uploads\/2017\/12\/01-Paris-279-100x75.jpg 100w, https:\/\/quizviajero.com\/blog\/wp-content\/uploads\/2017\/12\/01-Paris-279.jpg 1343w\" sizes=\"(max-width: 300px) 100vw, 300px\" \/>Dentro de la tem\u00e1tica eclesi\u00e1stica s\u00f3lo se me ocurre recomendar que no dejen de ir la Saint Chappelle, una capilla cerca de Notre Dame que tiene todas las paredes recubiertas de vitrales. Es incre\u00edble como queda iluminada al pegarle el sol con todos los colores jugando entre s\u00ed.<\/p>\n<p>Otro lugar con mucha magia al que fuimos fue el barrio de Montmartre con su emblem\u00e1tica iglesia Sacre Coeur, afortunadamente una amiga me recomend\u00f3 entrar por \u201cdetr\u00e1s\u201d, ir en sentido opuesto al grueso de los turistas, empezar por la estaci\u00f3n de Lamarck en lugar de hacerlo por Anvers. La verdad fue un consejo muy acertado, nos permiti\u00f3 conocer el barrio con muchos menos turistas y poder sentirlo un poco m\u00e1s en su esencia. Mi consejo es q lo paseen, si bien pueden tener los hitos y lugares a ver, no se van a obviar ir a la iglesia o a la Place du Tertre, pero sientan el aire q se respira, pi\u00e9rdanse (GPS en mano) por la zona, hay peque\u00f1os lugares incre\u00edbles esperando ser descubiertos.<\/p>\n<p><img loading=\"lazy\" decoding=\"async\" class=\"alignleft size-medium wp-image-1058\" src=\"https:\/\/quizviajero.com\/blog\/wp-content\/uploads\/2017\/12\/01-Paris-028-300x169.jpg\" alt=\"01-paris-028\" width=\"300\" height=\"169\" srcset=\"https:\/\/quizviajero.com\/blog\/wp-content\/uploads\/2017\/12\/01-Paris-028-300x169.jpg 300w, https:\/\/quizviajero.com\/blog\/wp-content\/uploads\/2017\/12\/01-Paris-028-768x432.jpg 768w, https:\/\/quizviajero.com\/blog\/wp-content\/uploads\/2017\/12\/01-Paris-028-1024x576.jpg 1024w, https:\/\/quizviajero.com\/blog\/wp-content\/uploads\/2017\/12\/01-Paris-028-260x146.jpg 260w, https:\/\/quizviajero.com\/blog\/wp-content\/uploads\/2017\/12\/01-Paris-028-50x28.jpg 50w, https:\/\/quizviajero.com\/blog\/wp-content\/uploads\/2017\/12\/01-Paris-028-133x75.jpg 133w, https:\/\/quizviajero.com\/blog\/wp-content\/uploads\/2017\/12\/01-Paris-028.jpg 1600w\" sizes=\"(max-width: 300px) 100vw, 300px\" \/>Siguiendo con el raconto de cosas y lugares con magia especial en la ciudad les puedo recomendar que caminen \u00a0bien temprano, cerca del amanecer, bordeando el Sena, ver\u00e1n que la ciudad se llena de naranjas y dorados, las calles est\u00e1n despobladas dandole una paz que se ir\u00e1 perdiendo con el paso de las horas.<\/p>\n<p>Para aquellos que quieran sentarse a descansar o tener un momento para mirar a la gente les recomiendo q se sienten en alguno de los dos grandes jardines que tiene la ciudad, ya sea el de las Tulleries o el de Luxemburgo y miren a la gente pasar y desench\u00fafense de cualquier itinerario.<\/p>\n<p>Ac\u00e1 viene el punto no tan positivo\u2026 el festejo de a\u00f1o nuevo, honestamente, de esto si esperaba m\u00e1s. La gente se junta frente a la Tour Eiffel, en grupo de amigos, con su respectiva botella de bebida espirituosa y aguardan a que la bella met\u00e1lica d\u00e9 su brillo caracter\u00edstico de las \u201cen punto\u201d para luego gritar \u201dBonne Annee\u201d, abrazarse entre ellos y retirarse a seguir sus festejos en otras locaciones. No s\u00e9, esperaba algo, q la luz cambie de alguna manera, alg\u00fan fuego artificial, alg\u00fan algo\u2026 pero no, no fue el caso. Igualmente tengo q confesar q beber en flia un champagne frapee en el Champ du Mars garp\u00f3, no llen\u00f3 pero garp\u00f3.<\/p>\n<h3><strong>Brujas un lugar de Hechiceras<\/strong><\/h3>\n<p><img loading=\"lazy\" decoding=\"async\" class=\"alignleft size-medium wp-image-1044\" src=\"https:\/\/quizviajero.com\/blog\/wp-content\/uploads\/2017\/12\/02-Brugge-064-300x225.jpg\" alt=\"02-brugge-064\" width=\"300\" height=\"225\" srcset=\"https:\/\/quizviajero.com\/blog\/wp-content\/uploads\/2017\/12\/02-Brugge-064-300x225.jpg 300w, https:\/\/quizviajero.com\/blog\/wp-content\/uploads\/2017\/12\/02-Brugge-064-768x576.jpg 768w, https:\/\/quizviajero.com\/blog\/wp-content\/uploads\/2017\/12\/02-Brugge-064-1024x768.jpg 1024w, https:\/\/quizviajero.com\/blog\/wp-content\/uploads\/2017\/12\/02-Brugge-064-195x146.jpg 195w, https:\/\/quizviajero.com\/blog\/wp-content\/uploads\/2017\/12\/02-Brugge-064-50x37.jpg 50w, https:\/\/quizviajero.com\/blog\/wp-content\/uploads\/2017\/12\/02-Brugge-064-100x75.jpg 100w, https:\/\/quizviajero.com\/blog\/wp-content\/uploads\/2017\/12\/02-Brugge-064.jpg 1343w\" sizes=\"(max-width: 300px) 100vw, 300px\" \/>Llegamos a la ciudad Belga el 2\/1 por la noche, despu\u00e9s de 2:30 horas en tren Thalys desde la Gare du Nord hasta Brugge Midi y de ah\u00ed tomamos un colectivo que nos dej\u00f3 en la plaza principal, todo super practico y super c\u00f3modo.<\/p>\n<p>Brujas es una ciudad preciosa, una ciudad pacifica, con grandes plazas secas y canales. Sus casas de ladrillo le dan una imagen diferente a los canales de otras ciudades.<\/p>\n<p>Pese a las temperaturas de un 3 de enero se puede pasear muy c\u00f3modamente ya que las distancias son cortas y los refugios son muchos. Tambien es bueno recordar que los Belgas son muy famosos por dos cosas, sus chocolates y sus cervezas, los primeros son buenos para caminar a la intemperie, las segundas para refugiarse en alg\u00fan bar y recuperar temperatura.<\/p>\n<p><img loading=\"lazy\" decoding=\"async\" class=\"alignright size-medium wp-image-1047\" src=\"https:\/\/quizviajero.com\/blog\/wp-content\/uploads\/2017\/12\/02-Brugge-026-300x221.jpg\" alt=\"02-brugge-026\" width=\"300\" height=\"221\" srcset=\"https:\/\/quizviajero.com\/blog\/wp-content\/uploads\/2017\/12\/02-Brugge-026-300x221.jpg 300w, https:\/\/quizviajero.com\/blog\/wp-content\/uploads\/2017\/12\/02-Brugge-026-768x566.jpg 768w, https:\/\/quizviajero.com\/blog\/wp-content\/uploads\/2017\/12\/02-Brugge-026-1024x754.jpg 1024w, https:\/\/quizviajero.com\/blog\/wp-content\/uploads\/2017\/12\/02-Brugge-026-198x146.jpg 198w, https:\/\/quizviajero.com\/blog\/wp-content\/uploads\/2017\/12\/02-Brugge-026-50x37.jpg 50w, https:\/\/quizviajero.com\/blog\/wp-content\/uploads\/2017\/12\/02-Brugge-026-102x75.jpg 102w, https:\/\/quizviajero.com\/blog\/wp-content\/uploads\/2017\/12\/02-Brugge-026.jpg 1314w\" sizes=\"(max-width: 300px) 100vw, 300px\" \/>El \u00fanico consejo que puedo darles es que no dejen de caminar la ciudad lo mas que puedan, traten de subir a la torre para tener una vista panor\u00e1mica de la ciudad y vean dos cosas la Madonna de Brujas (estatua hecha por michelangelo) que esta en la Iglesia Nuestra Se\u00f1ora de Brujas y si pasan un viernes por la ciudad, en la Basilica de la Santa Sangre podr\u00e1n ver los restos de la que en teor\u00eda es sangre de Cristo, una de esas reliquias religiosas de las que \u201cno se sabe pero por las dudas se la guarda\u201d\u2026 no se yo por las dudas fui a verla para ver q onda y no me defraud\u00f3.<\/p>\n<h3><strong>Amsterdam, \u00bfciudad de pecados?<\/strong><\/h3>\n<p><img loading=\"lazy\" decoding=\"async\" class=\"alignleft size-medium wp-image-1040\" src=\"https:\/\/quizviajero.com\/blog\/wp-content\/uploads\/2017\/12\/03-Amsterdam-100-300x225.jpg\" alt=\"03-amsterdam-100\" width=\"300\" height=\"225\" srcset=\"https:\/\/quizviajero.com\/blog\/wp-content\/uploads\/2017\/12\/03-Amsterdam-100-300x225.jpg 300w, https:\/\/quizviajero.com\/blog\/wp-content\/uploads\/2017\/12\/03-Amsterdam-100-768x576.jpg 768w, https:\/\/quizviajero.com\/blog\/wp-content\/uploads\/2017\/12\/03-Amsterdam-100-1024x768.jpg 1024w, https:\/\/quizviajero.com\/blog\/wp-content\/uploads\/2017\/12\/03-Amsterdam-100-195x146.jpg 195w, https:\/\/quizviajero.com\/blog\/wp-content\/uploads\/2017\/12\/03-Amsterdam-100-50x37.jpg 50w, https:\/\/quizviajero.com\/blog\/wp-content\/uploads\/2017\/12\/03-Amsterdam-100-100x75.jpg 100w, https:\/\/quizviajero.com\/blog\/wp-content\/uploads\/2017\/12\/03-Amsterdam-100.jpg 1343w\" sizes=\"(max-width: 300px) 100vw, 300px\" \/>El d\u00eda 3 a la noche nos fuimos hacia la ciudad de los pecados europeos(?), capital de los pa\u00edses bajos AMSTERDAM. Nuestro plan, quedarnos 2 d\u00edas, recorrer y disfrutar. Claramente mi experiencia de la ciudad dist\u00f3 mucho de la de otros conocidos q fueron con amigos o en pareja, mi viaje fue tratar de sacarle todo el jugo a la Amsterdam diurna con un clima invernal. Por lo que nuevamente conto mucho de paseo, de un muy lindo tour a pie gratuito con la gente de Sandemans y alguna que otra cerveza al atardecer.<\/p>\n<p><img loading=\"lazy\" decoding=\"async\" class=\"alignright size-medium wp-image-1041\" src=\"https:\/\/quizviajero.com\/blog\/wp-content\/uploads\/2017\/12\/03-Amsterdam-075-300x220.jpg\" alt=\"03-amsterdam-075\" width=\"300\" height=\"220\" srcset=\"https:\/\/quizviajero.com\/blog\/wp-content\/uploads\/2017\/12\/03-Amsterdam-075-300x220.jpg 300w, https:\/\/quizviajero.com\/blog\/wp-content\/uploads\/2017\/12\/03-Amsterdam-075-768x562.jpg 768w, https:\/\/quizviajero.com\/blog\/wp-content\/uploads\/2017\/12\/03-Amsterdam-075-1024x750.jpg 1024w, https:\/\/quizviajero.com\/blog\/wp-content\/uploads\/2017\/12\/03-Amsterdam-075-199x146.jpg 199w, https:\/\/quizviajero.com\/blog\/wp-content\/uploads\/2017\/12\/03-Amsterdam-075-50x37.jpg 50w, https:\/\/quizviajero.com\/blog\/wp-content\/uploads\/2017\/12\/03-Amsterdam-075-102x75.jpg 102w, https:\/\/quizviajero.com\/blog\/wp-content\/uploads\/2017\/12\/03-Amsterdam-075.jpg 1306w\" sizes=\"(max-width: 300px) 100vw, 300px\" \/>Como puntos atractivos de la ciudad est\u00e1 la Iglesia de St Nicholas, el museo Van Gogh para los q les atraiga la obra del pintor y el perderse entre todos los canales conc\u00e9ntricos y disfrutar de cada casa con su alineaci\u00f3n tan particular.<\/p>\n<p>Lugar al que NO volveria, seria a la casa de Rembrandt, esperaba ver su obra y me encontr\u00e9 el \u201ccomo viv\u00eda\u201d.<\/p>\n<p>Para los tips nocturnos les agradecer\u00e9 los pongan en los comentarios asi los lectores q no conocen pueden hacerse de algo de informaci\u00f3n.<\/p>\n<h3><\/h3>\n<h3><strong>Bonus Track<\/strong><\/h3>\n<p>Confesi\u00f3n\u2026 empec\u00e9 a escribir el primer p\u00e1rrafo como introducci\u00f3n a otro viaje\u2026 el q se dispar\u00f3 por un concepto q este hizo germinar en mi mente\u2026 \u201c\u00bfY si paso alguna de las fiestas de viaje? \u00bfC\u00f3mo se vivir\u00e1n en otro lado?\u201d pero bueno\u2026 decid\u00ed darles el \u201cfull combo\u201d\u2026 les cont\u00e9 este y en la pr\u00f3xima entrega vendr\u00e1\u2026 <strong>NAVIDAD IMPERIAL 2014<\/strong> un recorrido en tren desde Colonia a Estambul.<\/p>\n<p>&nbsp;<\/p>\n<div id='gallery-1' class='gallery galleryid-1020 gallery-columns-5 gallery-size-medium'><figure class='gallery-item'>\n\t\t\t<div class='gallery-icon landscape'>\n\t\t\t\t<a href='https:\/\/quizviajero.com\/blog\/wp-content\/uploads\/2017\/12\/01-Paris-008.jpg'><img loading=\"lazy\" decoding=\"async\" width=\"300\" height=\"223\" src=\"https:\/\/quizviajero.com\/blog\/wp-content\/uploads\/2017\/12\/01-Paris-008-300x223.jpg\" class=\"attachment-medium size-medium\" alt=\"\" srcset=\"https:\/\/quizviajero.com\/blog\/wp-content\/uploads\/2017\/12\/01-Paris-008-300x223.jpg 300w, https:\/\/quizviajero.com\/blog\/wp-content\/uploads\/2017\/12\/01-Paris-008-768x570.jpg 768w, https:\/\/quizviajero.com\/blog\/wp-content\/uploads\/2017\/12\/01-Paris-008-1024x760.jpg 1024w, https:\/\/quizviajero.com\/blog\/wp-content\/uploads\/2017\/12\/01-Paris-008-197x146.jpg 197w, https:\/\/quizviajero.com\/blog\/wp-content\/uploads\/2017\/12\/01-Paris-008-50x37.jpg 50w, https:\/\/quizviajero.com\/blog\/wp-content\/uploads\/2017\/12\/01-Paris-008-101x75.jpg 101w, https:\/\/quizviajero.com\/blog\/wp-content\/uploads\/2017\/12\/01-Paris-008.jpg 1768w\" sizes=\"(max-width: 300px) 100vw, 300px\" \/><\/a>\n\t\t\t<\/div><\/figure><figure class='gallery-item'>\n\t\t\t<div class='gallery-icon landscape'>\n\t\t\t\t<a href='https:\/\/quizviajero.com\/blog\/wp-content\/uploads\/2017\/12\/01-Paris-013.jpg'><img loading=\"lazy\" decoding=\"async\" width=\"300\" height=\"223\" src=\"https:\/\/quizviajero.com\/blog\/wp-content\/uploads\/2017\/12\/01-Paris-013-300x223.jpg\" class=\"attachment-medium size-medium\" alt=\"\" srcset=\"https:\/\/quizviajero.com\/blog\/wp-content\/uploads\/2017\/12\/01-Paris-013-300x223.jpg 300w, https:\/\/quizviajero.com\/blog\/wp-content\/uploads\/2017\/12\/01-Paris-013-768x571.jpg 768w, https:\/\/quizviajero.com\/blog\/wp-content\/uploads\/2017\/12\/01-Paris-013-1024x761.jpg 1024w, https:\/\/quizviajero.com\/blog\/wp-content\/uploads\/2017\/12\/01-Paris-013-196x146.jpg 196w, https:\/\/quizviajero.com\/blog\/wp-content\/uploads\/2017\/12\/01-Paris-013-50x37.jpg 50w, https:\/\/quizviajero.com\/blog\/wp-content\/uploads\/2017\/12\/01-Paris-013-101x75.jpg 101w, https:\/\/quizviajero.com\/blog\/wp-content\/uploads\/2017\/12\/01-Paris-013.jpg 1328w\" sizes=\"(max-width: 300px) 100vw, 300px\" \/><\/a>\n\t\t\t<\/div><\/figure><figure class='gallery-item'>\n\t\t\t<div class='gallery-icon landscape'>\n\t\t\t\t<a href='https:\/\/quizviajero.com\/blog\/wp-content\/uploads\/2017\/12\/01-Paris-024.jpg'><img loading=\"lazy\" decoding=\"async\" width=\"300\" height=\"169\" src=\"https:\/\/quizviajero.com\/blog\/wp-content\/uploads\/2017\/12\/01-Paris-024-300x169.jpg\" class=\"attachment-medium size-medium\" alt=\"\" srcset=\"https:\/\/quizviajero.com\/blog\/wp-content\/uploads\/2017\/12\/01-Paris-024-300x169.jpg 300w, https:\/\/quizviajero.com\/blog\/wp-content\/uploads\/2017\/12\/01-Paris-024-768x432.jpg 768w, https:\/\/quizviajero.com\/blog\/wp-content\/uploads\/2017\/12\/01-Paris-024-1024x576.jpg 1024w, https:\/\/quizviajero.com\/blog\/wp-content\/uploads\/2017\/12\/01-Paris-024-260x146.jpg 260w, https:\/\/quizviajero.com\/blog\/wp-content\/uploads\/2017\/12\/01-Paris-024-50x28.jpg 50w, https:\/\/quizviajero.com\/blog\/wp-content\/uploads\/2017\/12\/01-Paris-024-133x75.jpg 133w, https:\/\/quizviajero.com\/blog\/wp-content\/uploads\/2017\/12\/01-Paris-024.jpg 1600w\" sizes=\"(max-width: 300px) 100vw, 300px\" \/><\/a>\n\t\t\t<\/div><\/figure><figure class='gallery-item'>\n\t\t\t<div class='gallery-icon landscape'>\n\t\t\t\t<a href='https:\/\/quizviajero.com\/blog\/wp-content\/uploads\/2017\/12\/01-Paris-028.jpg'><img loading=\"lazy\" decoding=\"async\" width=\"300\" height=\"169\" src=\"https:\/\/quizviajero.com\/blog\/wp-content\/uploads\/2017\/12\/01-Paris-028-300x169.jpg\" class=\"attachment-medium size-medium\" alt=\"\" srcset=\"https:\/\/quizviajero.com\/blog\/wp-content\/uploads\/2017\/12\/01-Paris-028-300x169.jpg 300w, https:\/\/quizviajero.com\/blog\/wp-content\/uploads\/2017\/12\/01-Paris-028-768x432.jpg 768w, https:\/\/quizviajero.com\/blog\/wp-content\/uploads\/2017\/12\/01-Paris-028-1024x576.jpg 1024w, https:\/\/quizviajero.com\/blog\/wp-content\/uploads\/2017\/12\/01-Paris-028-260x146.jpg 260w, https:\/\/quizviajero.com\/blog\/wp-content\/uploads\/2017\/12\/01-Paris-028-50x28.jpg 50w, https:\/\/quizviajero.com\/blog\/wp-content\/uploads\/2017\/12\/01-Paris-028-133x75.jpg 133w, https:\/\/quizviajero.com\/blog\/wp-content\/uploads\/2017\/12\/01-Paris-028.jpg 1600w\" sizes=\"(max-width: 300px) 100vw, 300px\" \/><\/a>\n\t\t\t<\/div><\/figure><figure class='gallery-item'>\n\t\t\t<div class='gallery-icon landscape'>\n\t\t\t\t<a href='https:\/\/quizviajero.com\/blog\/wp-content\/uploads\/2017\/12\/01-Paris-062.jpg'><img loading=\"lazy\" decoding=\"async\" width=\"300\" height=\"225\" src=\"https:\/\/quizviajero.com\/blog\/wp-content\/uploads\/2017\/12\/01-Paris-062-300x225.jpg\" class=\"attachment-medium size-medium\" alt=\"\" srcset=\"https:\/\/quizviajero.com\/blog\/wp-content\/uploads\/2017\/12\/01-Paris-062-300x225.jpg 300w, https:\/\/quizviajero.com\/blog\/wp-content\/uploads\/2017\/12\/01-Paris-062-768x576.jpg 768w, https:\/\/quizviajero.com\/blog\/wp-content\/uploads\/2017\/12\/01-Paris-062-1024x768.jpg 1024w, https:\/\/quizviajero.com\/blog\/wp-content\/uploads\/2017\/12\/01-Paris-062-195x146.jpg 195w, https:\/\/quizviajero.com\/blog\/wp-content\/uploads\/2017\/12\/01-Paris-062-50x37.jpg 50w, https:\/\/quizviajero.com\/blog\/wp-content\/uploads\/2017\/12\/01-Paris-062-100x75.jpg 100w, https:\/\/quizviajero.com\/blog\/wp-content\/uploads\/2017\/12\/01-Paris-062.jpg 1343w\" sizes=\"(max-width: 300px) 100vw, 300px\" \/><\/a>\n\t\t\t<\/div><\/figure><figure class='gallery-item'>\n\t\t\t<div class='gallery-icon landscape'>\n\t\t\t\t<a href='https:\/\/quizviajero.com\/blog\/wp-content\/uploads\/2017\/12\/01-Paris-177.jpg'><img loading=\"lazy\" decoding=\"async\" width=\"300\" height=\"220\" src=\"https:\/\/quizviajero.com\/blog\/wp-content\/uploads\/2017\/12\/01-Paris-177-300x220.jpg\" class=\"attachment-medium size-medium\" alt=\"\" srcset=\"https:\/\/quizviajero.com\/blog\/wp-content\/uploads\/2017\/12\/01-Paris-177-300x220.jpg 300w, https:\/\/quizviajero.com\/blog\/wp-content\/uploads\/2017\/12\/01-Paris-177-768x564.jpg 768w, https:\/\/quizviajero.com\/blog\/wp-content\/uploads\/2017\/12\/01-Paris-177-1024x752.jpg 1024w, https:\/\/quizviajero.com\/blog\/wp-content\/uploads\/2017\/12\/01-Paris-177-199x146.jpg 199w, https:\/\/quizviajero.com\/blog\/wp-content\/uploads\/2017\/12\/01-Paris-177-50x37.jpg 50w, https:\/\/quizviajero.com\/blog\/wp-content\/uploads\/2017\/12\/01-Paris-177-102x75.jpg 102w, https:\/\/quizviajero.com\/blog\/wp-content\/uploads\/2017\/12\/01-Paris-177.jpg 1309w\" sizes=\"(max-width: 300px) 100vw, 300px\" \/><\/a>\n\t\t\t<\/div><\/figure><figure class='gallery-item'>\n\t\t\t<div class='gallery-icon landscape'>\n\t\t\t\t<a href='https:\/\/quizviajero.com\/blog\/wp-content\/uploads\/2017\/12\/01-Paris-279.jpg'><img loading=\"lazy\" decoding=\"async\" width=\"300\" height=\"225\" src=\"https:\/\/quizviajero.com\/blog\/wp-content\/uploads\/2017\/12\/01-Paris-279-300x225.jpg\" class=\"attachment-medium size-medium\" alt=\"\" srcset=\"https:\/\/quizviajero.com\/blog\/wp-content\/uploads\/2017\/12\/01-Paris-279-300x225.jpg 300w, https:\/\/quizviajero.com\/blog\/wp-content\/uploads\/2017\/12\/01-Paris-279-768x576.jpg 768w, https:\/\/quizviajero.com\/blog\/wp-content\/uploads\/2017\/12\/01-Paris-279-1024x768.jpg 1024w, https:\/\/quizviajero.com\/blog\/wp-content\/uploads\/2017\/12\/01-Paris-279-195x146.jpg 195w, https:\/\/quizviajero.com\/blog\/wp-content\/uploads\/2017\/12\/01-Paris-279-50x37.jpg 50w, https:\/\/quizviajero.com\/blog\/wp-content\/uploads\/2017\/12\/01-Paris-279-100x75.jpg 100w, https:\/\/quizviajero.com\/blog\/wp-content\/uploads\/2017\/12\/01-Paris-279.jpg 1343w\" sizes=\"(max-width: 300px) 100vw, 300px\" \/><\/a>\n\t\t\t<\/div><\/figure><figure class='gallery-item'>\n\t\t\t<div class='gallery-icon landscape'>\n\t\t\t\t<a href='https:\/\/quizviajero.com\/blog\/wp-content\/uploads\/2017\/12\/01-Paris-353.jpg'><img loading=\"lazy\" decoding=\"async\" width=\"300\" height=\"169\" src=\"https:\/\/quizviajero.com\/blog\/wp-content\/uploads\/2017\/12\/01-Paris-353-300x169.jpg\" class=\"attachment-medium size-medium\" alt=\"\" srcset=\"https:\/\/quizviajero.com\/blog\/wp-content\/uploads\/2017\/12\/01-Paris-353-300x169.jpg 300w, https:\/\/quizviajero.com\/blog\/wp-content\/uploads\/2017\/12\/01-Paris-353-768x432.jpg 768w, https:\/\/quizviajero.com\/blog\/wp-content\/uploads\/2017\/12\/01-Paris-353-1024x576.jpg 1024w, https:\/\/quizviajero.com\/blog\/wp-content\/uploads\/2017\/12\/01-Paris-353-260x146.jpg 260w, https:\/\/quizviajero.com\/blog\/wp-content\/uploads\/2017\/12\/01-Paris-353-50x28.jpg 50w, https:\/\/quizviajero.com\/blog\/wp-content\/uploads\/2017\/12\/01-Paris-353-133x75.jpg 133w, https:\/\/quizviajero.com\/blog\/wp-content\/uploads\/2017\/12\/01-Paris-353.jpg 1600w\" sizes=\"(max-width: 300px) 100vw, 300px\" \/><\/a>\n\t\t\t<\/div><\/figure><figure class='gallery-item'>\n\t\t\t<div class='gallery-icon landscape'>\n\t\t\t\t<a href='https:\/\/quizviajero.com\/blog\/wp-content\/uploads\/2017\/12\/01-Paris-420.jpg'><img loading=\"lazy\" decoding=\"async\" width=\"300\" height=\"225\" src=\"https:\/\/quizviajero.com\/blog\/wp-content\/uploads\/2017\/12\/01-Paris-420-300x225.jpg\" class=\"attachment-medium size-medium\" alt=\"\" srcset=\"https:\/\/quizviajero.com\/blog\/wp-content\/uploads\/2017\/12\/01-Paris-420-300x225.jpg 300w, https:\/\/quizviajero.com\/blog\/wp-content\/uploads\/2017\/12\/01-Paris-420-768x575.jpg 768w, https:\/\/quizviajero.com\/blog\/wp-content\/uploads\/2017\/12\/01-Paris-420-1024x767.jpg 1024w, https:\/\/quizviajero.com\/blog\/wp-content\/uploads\/2017\/12\/01-Paris-420-195x146.jpg 195w, https:\/\/quizviajero.com\/blog\/wp-content\/uploads\/2017\/12\/01-Paris-420-50x37.jpg 50w, https:\/\/quizviajero.com\/blog\/wp-content\/uploads\/2017\/12\/01-Paris-420-100x75.jpg 100w, https:\/\/quizviajero.com\/blog\/wp-content\/uploads\/2017\/12\/01-Paris-420.jpg 1341w\" sizes=\"(max-width: 300px) 100vw, 300px\" \/><\/a>\n\t\t\t<\/div><\/figure><figure class='gallery-item'>\n\t\t\t<div class='gallery-icon landscape'>\n\t\t\t\t<a href='https:\/\/quizviajero.com\/blog\/wp-content\/uploads\/2017\/12\/01-Paris-466.jpg'><img loading=\"lazy\" decoding=\"async\" width=\"300\" height=\"168\" src=\"https:\/\/quizviajero.com\/blog\/wp-content\/uploads\/2017\/12\/01-Paris-466-300x168.jpg\" class=\"attachment-medium size-medium\" alt=\"\" srcset=\"https:\/\/quizviajero.com\/blog\/wp-content\/uploads\/2017\/12\/01-Paris-466-300x168.jpg 300w, https:\/\/quizviajero.com\/blog\/wp-content\/uploads\/2017\/12\/01-Paris-466-768x431.jpg 768w, https:\/\/quizviajero.com\/blog\/wp-content\/uploads\/2017\/12\/01-Paris-466-1024x575.jpg 1024w, https:\/\/quizviajero.com\/blog\/wp-content\/uploads\/2017\/12\/01-Paris-466-260x146.jpg 260w, https:\/\/quizviajero.com\/blog\/wp-content\/uploads\/2017\/12\/01-Paris-466-50x28.jpg 50w, https:\/\/quizviajero.com\/blog\/wp-content\/uploads\/2017\/12\/01-Paris-466-134x75.jpg 134w, https:\/\/quizviajero.com\/blog\/wp-content\/uploads\/2017\/12\/01-Paris-466.jpg 1600w\" sizes=\"(max-width: 300px) 100vw, 300px\" \/><\/a>\n\t\t\t<\/div><\/figure><figure class='gallery-item'>\n\t\t\t<div class='gallery-icon landscape'>\n\t\t\t\t<a href='https:\/\/quizviajero.com\/blog\/wp-content\/uploads\/2017\/12\/01-Paris-592.jpg'><img loading=\"lazy\" decoding=\"async\" width=\"300\" height=\"225\" src=\"https:\/\/quizviajero.com\/blog\/wp-content\/uploads\/2017\/12\/01-Paris-592-300x225.jpg\" class=\"attachment-medium size-medium\" alt=\"\" srcset=\"https:\/\/quizviajero.com\/blog\/wp-content\/uploads\/2017\/12\/01-Paris-592-300x225.jpg 300w, https:\/\/quizviajero.com\/blog\/wp-content\/uploads\/2017\/12\/01-Paris-592-768x576.jpg 768w, https:\/\/quizviajero.com\/blog\/wp-content\/uploads\/2017\/12\/01-Paris-592-1024x768.jpg 1024w, https:\/\/quizviajero.com\/blog\/wp-content\/uploads\/2017\/12\/01-Paris-592-195x146.jpg 195w, https:\/\/quizviajero.com\/blog\/wp-content\/uploads\/2017\/12\/01-Paris-592-50x37.jpg 50w, https:\/\/quizviajero.com\/blog\/wp-content\/uploads\/2017\/12\/01-Paris-592-100x75.jpg 100w, https:\/\/quizviajero.com\/blog\/wp-content\/uploads\/2017\/12\/01-Paris-592.jpg 1343w\" sizes=\"(max-width: 300px) 100vw, 300px\" \/><\/a>\n\t\t\t<\/div><\/figure><figure class='gallery-item'>\n\t\t\t<div class='gallery-icon landscape'>\n\t\t\t\t<a href='https:\/\/quizviajero.com\/blog\/wp-content\/uploads\/2017\/12\/01-Paris-690.jpg'><img loading=\"lazy\" decoding=\"async\" width=\"300\" height=\"225\" src=\"https:\/\/quizviajero.com\/blog\/wp-content\/uploads\/2017\/12\/01-Paris-690-300x225.jpg\" class=\"attachment-medium size-medium\" alt=\"\" srcset=\"https:\/\/quizviajero.com\/blog\/wp-content\/uploads\/2017\/12\/01-Paris-690-300x225.jpg 300w, https:\/\/quizviajero.com\/blog\/wp-content\/uploads\/2017\/12\/01-Paris-690-768x576.jpg 768w, https:\/\/quizviajero.com\/blog\/wp-content\/uploads\/2017\/12\/01-Paris-690-1024x768.jpg 1024w, https:\/\/quizviajero.com\/blog\/wp-content\/uploads\/2017\/12\/01-Paris-690-195x146.jpg 195w, https:\/\/quizviajero.com\/blog\/wp-content\/uploads\/2017\/12\/01-Paris-690-50x37.jpg 50w, https:\/\/quizviajero.com\/blog\/wp-content\/uploads\/2017\/12\/01-Paris-690-100x75.jpg 100w, https:\/\/quizviajero.com\/blog\/wp-content\/uploads\/2017\/12\/01-Paris-690.jpg 1343w\" sizes=\"(max-width: 300px) 100vw, 300px\" \/><\/a>\n\t\t\t<\/div><\/figure><figure class='gallery-item'>\n\t\t\t<div class='gallery-icon landscape'>\n\t\t\t\t<a href='https:\/\/quizviajero.com\/blog\/wp-content\/uploads\/2017\/12\/02-Brugge-011.jpg'><img loading=\"lazy\" decoding=\"async\" width=\"300\" height=\"225\" src=\"https:\/\/quizviajero.com\/blog\/wp-content\/uploads\/2017\/12\/02-Brugge-011-300x225.jpg\" class=\"attachment-medium size-medium\" alt=\"\" srcset=\"https:\/\/quizviajero.com\/blog\/wp-content\/uploads\/2017\/12\/02-Brugge-011-300x225.jpg 300w, https:\/\/quizviajero.com\/blog\/wp-content\/uploads\/2017\/12\/02-Brugge-011-768x576.jpg 768w, https:\/\/quizviajero.com\/blog\/wp-content\/uploads\/2017\/12\/02-Brugge-011-1024x768.jpg 1024w, https:\/\/quizviajero.com\/blog\/wp-content\/uploads\/2017\/12\/02-Brugge-011-195x146.jpg 195w, https:\/\/quizviajero.com\/blog\/wp-content\/uploads\/2017\/12\/02-Brugge-011-50x37.jpg 50w, https:\/\/quizviajero.com\/blog\/wp-content\/uploads\/2017\/12\/02-Brugge-011-100x75.jpg 100w, https:\/\/quizviajero.com\/blog\/wp-content\/uploads\/2017\/12\/02-Brugge-011.jpg 1343w\" sizes=\"(max-width: 300px) 100vw, 300px\" \/><\/a>\n\t\t\t<\/div><\/figure><figure class='gallery-item'>\n\t\t\t<div class='gallery-icon landscape'>\n\t\t\t\t<a href='https:\/\/quizviajero.com\/blog\/wp-content\/uploads\/2017\/12\/02-Brugge-026.jpg'><img loading=\"lazy\" decoding=\"async\" width=\"300\" height=\"221\" src=\"https:\/\/quizviajero.com\/blog\/wp-content\/uploads\/2017\/12\/02-Brugge-026-300x221.jpg\" class=\"attachment-medium size-medium\" alt=\"\" srcset=\"https:\/\/quizviajero.com\/blog\/wp-content\/uploads\/2017\/12\/02-Brugge-026-300x221.jpg 300w, https:\/\/quizviajero.com\/blog\/wp-content\/uploads\/2017\/12\/02-Brugge-026-768x566.jpg 768w, https:\/\/quizviajero.com\/blog\/wp-content\/uploads\/2017\/12\/02-Brugge-026-1024x754.jpg 1024w, https:\/\/quizviajero.com\/blog\/wp-content\/uploads\/2017\/12\/02-Brugge-026-198x146.jpg 198w, https:\/\/quizviajero.com\/blog\/wp-content\/uploads\/2017\/12\/02-Brugge-026-50x37.jpg 50w, https:\/\/quizviajero.com\/blog\/wp-content\/uploads\/2017\/12\/02-Brugge-026-102x75.jpg 102w, https:\/\/quizviajero.com\/blog\/wp-content\/uploads\/2017\/12\/02-Brugge-026.jpg 1314w\" sizes=\"(max-width: 300px) 100vw, 300px\" \/><\/a>\n\t\t\t<\/div><\/figure><figure class='gallery-item'>\n\t\t\t<div class='gallery-icon landscape'>\n\t\t\t\t<a href='https:\/\/quizviajero.com\/blog\/wp-content\/uploads\/2017\/12\/02-Brugge-028.jpg'><img loading=\"lazy\" decoding=\"async\" width=\"300\" height=\"225\" src=\"https:\/\/quizviajero.com\/blog\/wp-content\/uploads\/2017\/12\/02-Brugge-028-300x225.jpg\" class=\"attachment-medium size-medium\" alt=\"\" srcset=\"https:\/\/quizviajero.com\/blog\/wp-content\/uploads\/2017\/12\/02-Brugge-028-300x225.jpg 300w, https:\/\/quizviajero.com\/blog\/wp-content\/uploads\/2017\/12\/02-Brugge-028-768x576.jpg 768w, https:\/\/quizviajero.com\/blog\/wp-content\/uploads\/2017\/12\/02-Brugge-028-1024x768.jpg 1024w, https:\/\/quizviajero.com\/blog\/wp-content\/uploads\/2017\/12\/02-Brugge-028-195x146.jpg 195w, https:\/\/quizviajero.com\/blog\/wp-content\/uploads\/2017\/12\/02-Brugge-028-50x37.jpg 50w, https:\/\/quizviajero.com\/blog\/wp-content\/uploads\/2017\/12\/02-Brugge-028-100x75.jpg 100w, https:\/\/quizviajero.com\/blog\/wp-content\/uploads\/2017\/12\/02-Brugge-028.jpg 1343w\" sizes=\"(max-width: 300px) 100vw, 300px\" \/><\/a>\n\t\t\t<\/div><\/figure><figure class='gallery-item'>\n\t\t\t<div class='gallery-icon landscape'>\n\t\t\t\t<a href='https:\/\/quizviajero.com\/blog\/wp-content\/uploads\/2017\/12\/02-Brugge-063.jpg'><img loading=\"lazy\" decoding=\"async\" width=\"300\" height=\"221\" src=\"https:\/\/quizviajero.com\/blog\/wp-content\/uploads\/2017\/12\/02-Brugge-063-300x221.jpg\" class=\"attachment-medium size-medium\" alt=\"\" srcset=\"https:\/\/quizviajero.com\/blog\/wp-content\/uploads\/2017\/12\/02-Brugge-063-300x221.jpg 300w, https:\/\/quizviajero.com\/blog\/wp-content\/uploads\/2017\/12\/02-Brugge-063-768x566.jpg 768w, https:\/\/quizviajero.com\/blog\/wp-content\/uploads\/2017\/12\/02-Brugge-063-1024x754.jpg 1024w, https:\/\/quizviajero.com\/blog\/wp-content\/uploads\/2017\/12\/02-Brugge-063-198x146.jpg 198w, https:\/\/quizviajero.com\/blog\/wp-content\/uploads\/2017\/12\/02-Brugge-063-50x37.jpg 50w, https:\/\/quizviajero.com\/blog\/wp-content\/uploads\/2017\/12\/02-Brugge-063-102x75.jpg 102w, https:\/\/quizviajero.com\/blog\/wp-content\/uploads\/2017\/12\/02-Brugge-063.jpg 1314w\" sizes=\"(max-width: 300px) 100vw, 300px\" \/><\/a>\n\t\t\t<\/div><\/figure><figure class='gallery-item'>\n\t\t\t<div class='gallery-icon landscape'>\n\t\t\t\t<a href='https:\/\/quizviajero.com\/blog\/wp-content\/uploads\/2017\/12\/02-Brugge-064.jpg'><img loading=\"lazy\" decoding=\"async\" width=\"300\" height=\"225\" src=\"https:\/\/quizviajero.com\/blog\/wp-content\/uploads\/2017\/12\/02-Brugge-064-300x225.jpg\" class=\"attachment-medium size-medium\" alt=\"\" srcset=\"https:\/\/quizviajero.com\/blog\/wp-content\/uploads\/2017\/12\/02-Brugge-064-300x225.jpg 300w, https:\/\/quizviajero.com\/blog\/wp-content\/uploads\/2017\/12\/02-Brugge-064-768x576.jpg 768w, https:\/\/quizviajero.com\/blog\/wp-content\/uploads\/2017\/12\/02-Brugge-064-1024x768.jpg 1024w, https:\/\/quizviajero.com\/blog\/wp-content\/uploads\/2017\/12\/02-Brugge-064-195x146.jpg 195w, https:\/\/quizviajero.com\/blog\/wp-content\/uploads\/2017\/12\/02-Brugge-064-50x37.jpg 50w, https:\/\/quizviajero.com\/blog\/wp-content\/uploads\/2017\/12\/02-Brugge-064-100x75.jpg 100w, https:\/\/quizviajero.com\/blog\/wp-content\/uploads\/2017\/12\/02-Brugge-064.jpg 1343w\" sizes=\"(max-width: 300px) 100vw, 300px\" \/><\/a>\n\t\t\t<\/div><\/figure><figure class='gallery-item'>\n\t\t\t<div class='gallery-icon landscape'>\n\t\t\t\t<a href='https:\/\/quizviajero.com\/blog\/wp-content\/uploads\/2017\/12\/02-Brugge-112.jpg'><img loading=\"lazy\" decoding=\"async\" width=\"300\" height=\"225\" src=\"https:\/\/quizviajero.com\/blog\/wp-content\/uploads\/2017\/12\/02-Brugge-112-300x225.jpg\" class=\"attachment-medium size-medium\" alt=\"\" srcset=\"https:\/\/quizviajero.com\/blog\/wp-content\/uploads\/2017\/12\/02-Brugge-112-300x225.jpg 300w, https:\/\/quizviajero.com\/blog\/wp-content\/uploads\/2017\/12\/02-Brugge-112-768x576.jpg 768w, https:\/\/quizviajero.com\/blog\/wp-content\/uploads\/2017\/12\/02-Brugge-112-1024x768.jpg 1024w, https:\/\/quizviajero.com\/blog\/wp-content\/uploads\/2017\/12\/02-Brugge-112-195x146.jpg 195w, https:\/\/quizviajero.com\/blog\/wp-content\/uploads\/2017\/12\/02-Brugge-112-50x37.jpg 50w, https:\/\/quizviajero.com\/blog\/wp-content\/uploads\/2017\/12\/02-Brugge-112-100x75.jpg 100w, https:\/\/quizviajero.com\/blog\/wp-content\/uploads\/2017\/12\/02-Brugge-112.jpg 1343w\" sizes=\"(max-width: 300px) 100vw, 300px\" \/><\/a>\n\t\t\t<\/div><\/figure><figure class='gallery-item'>\n\t\t\t<div class='gallery-icon landscape'>\n\t\t\t\t<a href='https:\/\/quizviajero.com\/blog\/wp-content\/uploads\/2017\/12\/03-Amsterdam-066.jpg'><img loading=\"lazy\" decoding=\"async\" width=\"300\" height=\"225\" src=\"https:\/\/quizviajero.com\/blog\/wp-content\/uploads\/2017\/12\/03-Amsterdam-066-300x225.jpg\" class=\"attachment-medium size-medium\" alt=\"\" srcset=\"https:\/\/quizviajero.com\/blog\/wp-content\/uploads\/2017\/12\/03-Amsterdam-066-300x225.jpg 300w, https:\/\/quizviajero.com\/blog\/wp-content\/uploads\/2017\/12\/03-Amsterdam-066-768x576.jpg 768w, https:\/\/quizviajero.com\/blog\/wp-content\/uploads\/2017\/12\/03-Amsterdam-066-1024x768.jpg 1024w, https:\/\/quizviajero.com\/blog\/wp-content\/uploads\/2017\/12\/03-Amsterdam-066-195x146.jpg 195w, https:\/\/quizviajero.com\/blog\/wp-content\/uploads\/2017\/12\/03-Amsterdam-066-50x37.jpg 50w, https:\/\/quizviajero.com\/blog\/wp-content\/uploads\/2017\/12\/03-Amsterdam-066-100x75.jpg 100w, https:\/\/quizviajero.com\/blog\/wp-content\/uploads\/2017\/12\/03-Amsterdam-066.jpg 1343w\" sizes=\"(max-width: 300px) 100vw, 300px\" \/><\/a>\n\t\t\t<\/div><\/figure><figure class='gallery-item'>\n\t\t\t<div class='gallery-icon landscape'>\n\t\t\t\t<a href='https:\/\/quizviajero.com\/blog\/wp-content\/uploads\/2017\/12\/03-Amsterdam-075.jpg'><img loading=\"lazy\" decoding=\"async\" width=\"300\" height=\"220\" src=\"https:\/\/quizviajero.com\/blog\/wp-content\/uploads\/2017\/12\/03-Amsterdam-075-300x220.jpg\" class=\"attachment-medium size-medium\" alt=\"\" srcset=\"https:\/\/quizviajero.com\/blog\/wp-content\/uploads\/2017\/12\/03-Amsterdam-075-300x220.jpg 300w, https:\/\/quizviajero.com\/blog\/wp-content\/uploads\/2017\/12\/03-Amsterdam-075-768x562.jpg 768w, https:\/\/quizviajero.com\/blog\/wp-content\/uploads\/2017\/12\/03-Amsterdam-075-1024x750.jpg 1024w, https:\/\/quizviajero.com\/blog\/wp-content\/uploads\/2017\/12\/03-Amsterdam-075-199x146.jpg 199w, https:\/\/quizviajero.com\/blog\/wp-content\/uploads\/2017\/12\/03-Amsterdam-075-50x37.jpg 50w, https:\/\/quizviajero.com\/blog\/wp-content\/uploads\/2017\/12\/03-Amsterdam-075-102x75.jpg 102w, https:\/\/quizviajero.com\/blog\/wp-content\/uploads\/2017\/12\/03-Amsterdam-075.jpg 1306w\" sizes=\"(max-width: 300px) 100vw, 300px\" \/><\/a>\n\t\t\t<\/div><\/figure><figure class='gallery-item'>\n\t\t\t<div class='gallery-icon landscape'>\n\t\t\t\t<a href='https:\/\/quizviajero.com\/blog\/wp-content\/uploads\/2017\/12\/03-Amsterdam-133.jpg'><img loading=\"lazy\" decoding=\"async\" width=\"300\" height=\"225\" src=\"https:\/\/quizviajero.com\/blog\/wp-content\/uploads\/2017\/12\/03-Amsterdam-133-300x225.jpg\" class=\"attachment-medium size-medium\" alt=\"\" srcset=\"https:\/\/quizviajero.com\/blog\/wp-content\/uploads\/2017\/12\/03-Amsterdam-133-300x225.jpg 300w, https:\/\/quizviajero.com\/blog\/wp-content\/uploads\/2017\/12\/03-Amsterdam-133-768x576.jpg 768w, https:\/\/quizviajero.com\/blog\/wp-content\/uploads\/2017\/12\/03-Amsterdam-133-1024x768.jpg 1024w, https:\/\/quizviajero.com\/blog\/wp-content\/uploads\/2017\/12\/03-Amsterdam-133-195x146.jpg 195w, https:\/\/quizviajero.com\/blog\/wp-content\/uploads\/2017\/12\/03-Amsterdam-133-50x37.jpg 50w, https:\/\/quizviajero.com\/blog\/wp-content\/uploads\/2017\/12\/03-Amsterdam-133-100x75.jpg 100w, https:\/\/quizviajero.com\/blog\/wp-content\/uploads\/2017\/12\/03-Amsterdam-133.jpg 1343w\" sizes=\"(max-width: 300px) 100vw, 300px\" \/><\/a>\n\t\t\t<\/div><\/figure><figure class='gallery-item'>\n\t\t\t<div class='gallery-icon landscape'>\n\t\t\t\t<a href='https:\/\/quizviajero.com\/blog\/wp-content\/uploads\/2017\/12\/03-Amsterdam-145.jpg'><img loading=\"lazy\" decoding=\"async\" width=\"300\" height=\"169\" src=\"https:\/\/quizviajero.com\/blog\/wp-content\/uploads\/2017\/12\/03-Amsterdam-145-300x169.jpg\" class=\"attachment-medium size-medium\" alt=\"\" srcset=\"https:\/\/quizviajero.com\/blog\/wp-content\/uploads\/2017\/12\/03-Amsterdam-145-300x169.jpg 300w, https:\/\/quizviajero.com\/blog\/wp-content\/uploads\/2017\/12\/03-Amsterdam-145-768x432.jpg 768w, https:\/\/quizviajero.com\/blog\/wp-content\/uploads\/2017\/12\/03-Amsterdam-145-1024x576.jpg 1024w, https:\/\/quizviajero.com\/blog\/wp-content\/uploads\/2017\/12\/03-Amsterdam-145-260x146.jpg 260w, https:\/\/quizviajero.com\/blog\/wp-content\/uploads\/2017\/12\/03-Amsterdam-145-50x28.jpg 50w, https:\/\/quizviajero.com\/blog\/wp-content\/uploads\/2017\/12\/03-Amsterdam-145-133x75.jpg 133w, https:\/\/quizviajero.com\/blog\/wp-content\/uploads\/2017\/12\/03-Amsterdam-145.jpg 1620w\" sizes=\"(max-width: 300px) 100vw, 300px\" \/><\/a>\n\t\t\t<\/div><\/figure><figure class='gallery-item'>\n\t\t\t<div class='gallery-icon landscape'>\n\t\t\t\t<a href='https:\/\/quizviajero.com\/blog\/wp-content\/uploads\/2017\/12\/03-Amsterdam-100.jpg'><img loading=\"lazy\" decoding=\"async\" width=\"300\" height=\"225\" src=\"https:\/\/quizviajero.com\/blog\/wp-content\/uploads\/2017\/12\/03-Amsterdam-100-300x225.jpg\" class=\"attachment-medium size-medium\" alt=\"\" srcset=\"https:\/\/quizviajero.com\/blog\/wp-content\/uploads\/2017\/12\/03-Amsterdam-100-300x225.jpg 300w, https:\/\/quizviajero.com\/blog\/wp-content\/uploads\/2017\/12\/03-Amsterdam-100-768x576.jpg 768w, https:\/\/quizviajero.com\/blog\/wp-content\/uploads\/2017\/12\/03-Amsterdam-100-1024x768.jpg 1024w, https:\/\/quizviajero.com\/blog\/wp-content\/uploads\/2017\/12\/03-Amsterdam-100-195x146.jpg 195w, https:\/\/quizviajero.com\/blog\/wp-content\/uploads\/2017\/12\/03-Amsterdam-100-50x37.jpg 50w, https:\/\/quizviajero.com\/blog\/wp-content\/uploads\/2017\/12\/03-Amsterdam-100-100x75.jpg 100w, https:\/\/quizviajero.com\/blog\/wp-content\/uploads\/2017\/12\/03-Amsterdam-100.jpg 1343w\" sizes=\"(max-width: 300px) 100vw, 300px\" \/><\/a>\n\t\t\t<\/div><\/figure>\n\t\t<\/div>\n\n<p>&nbsp;<\/p>\n<hr \/>\n<p>&nbsp;<\/p>\n<p><strong>Por <a href=\"https:\/\/twitter.com\/duhauaxel\" target=\"_blank\">@duhauaxel<\/a><\/strong><\/p>\n","protected":false},"excerpt":{"rendered":"<p>\u201cY si nos vamos a pasar a\u00f1o nuevo a Par\u00eds?\u201d. En ese instante el bizcochito Don Satur\u00ae que ten\u00eda entre dientes se fue derecho a mi tr\u00e1quea generando gener\u00e1ndome bruta tos. La idea me encant\u00f3, pero me fui forzado a aclarar \u201cMira que no tengo un mango, eh\u201d y ah\u00ed fue el momento en el que recib\u00ed el mayor de los regalos navide\u00f1os adelantados cuando o\u00ed la frase \u201cVos organizalo que yo invito\u201d. &nbsp; La Sorpresa Inicial Se estaba cerrando el a\u00f1o 2013, est\u00e1bamos a mediados de octubre cuando en el trabajo decidieron, a modo de limpiar las horas extra adeudadas, \u201cregalarnos\u201d los d\u00edas 30\/12 2\/1 y 3\/1. Con la sorpresa que ese Mega hueco en mi agenda me hab\u00eda generado me fui muy campante a tomar unos mates a lo de mis viejos. Lo que no sab\u00eda es que ese d\u00eda me deparar\u00eda m\u00e1s sorpresas. Al contarlo, entre mate y mate, mi padre, un hombre nacido junto con el a\u00f1o, odiador de sus cumplea\u00f1os y amante de sus ra\u00edces galas, esboz\u00f3 \u201cY si nos vamos a pasar a\u00f1o nuevo a Par\u00eds?\u201d. En ese instante el bizcochito Don Satur\u00ae que ten\u00eda entre dientes se fue derecho a mi tr\u00e1quea generando gener\u00e1ndome bruta tos. La idea me encant\u00f3, pero me fui forzado a aclarar \u201cMira que no tengo un mango, eh\u201d y ah\u00ed fue el momento en el que recib\u00ed el mayor de los regalos navide\u00f1os adelantados cuando o\u00ed la frase \u201cVos organizalo que yo invito\u201d. Imaginar\u00e1n lo poco que dorm\u00ed esa noche. A mi juego me hab\u00edan llamado, aproximadamente a las 3 am ya ten\u00eda organizado el viaje para hacer PARIS \u2013 BRUJAS \u2013 AMSTERDAM con los a\u00e9reos pre seleccionados, hospedaje en Paris apalabrado, 4 hoteles reservados en cada una de las otras ciudades y los trenes ya analizados. Los d\u00edas fueron pasando, me fui juntando con mis viejos tratando de adaptar el itinerario del viaje a los gustos y necesidades de cada uno de los 3 viajeros. Para mediados de noviembre ya el viaje ten\u00eda forma, color y cuanto adjetivo se les ocurra. Ir\u00edamos el 27 a Paris v\u00eda KLM, previa escala en \u00c1msterdam y regresar\u00edamos desde la capital holandesa en vuelo directo el 5\/1 un itinerario nada despreciable. Claramente en el viaje operaria de Gu\u00eda Tur\u00edstico \/ GPS \/ Guardi\u00e1n del itinerario \/ Interlocutor \/ etc. Llegando a La France Llegado el 27\/12 a la salida del trabajo me fui para Ezeiza donde me encontr\u00e9 con mis viejos, era una tarde de mucho calor y yo con la campera en mano previendo el frio q me esperaba en Paris. Por suerte el vuelo paso sin pena ni gloria, ambos vuelos llegaron en horario y el equipaje llego a destino como se esperaba (y suele pasar). Consegu\u00ed un departamento a 6 cuadras de la Tour Eiffel, para los 5 d\u00edas en Paris, estaba emocionado con ir por primera vez a la Ciudad Luz, pero confieso q no le ten\u00eda mucha fe a la torre\u2026 el a\u00f1o anterior hab\u00eda pasado por Pisa y la famosa torre me gust\u00f3 pero \u201cmeh\u201d, honestamente esperaba lo mismo de la dichosa estructura met\u00e1lica. #SpoilerAlert!!! QUE EQUIVOCADO ESTABA!!! Llegamos de noche, tomamos el tren, luego el subte (o Metro como le dicen en dichos lares) y bajamos en la estaci\u00f3n Invalides, luego de varias escaleras salimos a la superficie encontr\u00e1ndonos en un parque amplio llamado Esplanade des Invalides, yo ven\u00eda concentrado en el mapa, las referencias q ten\u00eda en el celular, la direcci\u00f3n del departamento, el equipaje y dem\u00e1s variables. Una vez analizado todo levante la vista buscando alguna referencia para orientarme y si\u2026 ah\u00ed la vi\u2026 me miro\u2026 nos miramos\u2026 me gust\u00f3\u2026 una estructura met\u00e1lica toda iluminada de un color anaranjado \/ amarillento se ergu\u00eda sola, por sobre todos las casas de la zona, aun no nos conoc\u00edamos y ella ya me estaba obrando de faro. Guard\u00e9 todo mapas papeles y dem\u00e1s y empec\u00e9 a caminar atra\u00eddo hacia ella, ya me hab\u00eda olvidado del frio, el hambre y el sue\u00f1o\u2026 quer\u00eda ir hacia la torre. Por suerte esa era la direcci\u00f3n que ten\u00edamos que tomar. Llegamos al departamento, hicimos los tr\u00e1mites pertinentes tiramos todas las valijas y nos fuimos derechito a verla de cerca, nunca olvidar\u00e9 las im\u00e1genes que grab\u00e9 en mi retina. Los d\u00edas subsiguientes recorrimos Paris y Versalles con un sorprendente buen clima, ni un d\u00eda nos sorprendi\u00f3 un bajo 0 y solo llovi\u00f3 un poco el 30\/12, incre\u00edble para las estad\u00edsticas de la ciudad. Voy a dejar para las gu\u00edas tradicionales las atracciones principales y los lugares que tienen q recorrer si o si. Ac\u00e1 tan solo tratare de contarles esas cosas q me generaron algo especial, algo lindo, digno de ser compartido. Visitamos infinidad de museos pero quer\u00eda destacar el que para m\u00ed es el m\u00e1s lindo de la ciudad aunque no el m\u00e1s famoso, el \u201cMusee D&#8217;orsay\u201d una estaci\u00f3n de tren a la vera del Sena que fue reconvertida en museo impresionista, arquitect\u00f3nicamente es PRECIOSO y tiene una de las obras que m\u00e1s emoci\u00f3n me han generado la \u201cNoche estrellada sobre el R\u00f3dano\u201d de Vincent Van Gogh. Como si fuera poco el museo tiene en su \u00faltimo piso un caf\u00e9 desde el cual se puede ver toda la ciudad a trav\u00e9s del reloj de la estaci\u00f3n. Dentro de la tem\u00e1tica eclesi\u00e1stica s\u00f3lo se me ocurre recomendar que no dejen de ir la Saint Chappelle, una capilla cerca de Notre Dame que tiene todas las paredes recubiertas de vitrales. Es incre\u00edble como queda iluminada al pegarle el sol con todos los colores jugando entre s\u00ed. Otro lugar con mucha magia al que fuimos fue el barrio de Montmartre con su emblem\u00e1tica iglesia Sacre Coeur, afortunadamente una amiga me recomend\u00f3 entrar por \u201cdetr\u00e1s\u201d, ir en sentido opuesto al grueso de los turistas, empezar por la estaci\u00f3n de Lamarck en lugar de hacerlo por Anvers. La verdad fue un consejo muy acertado, nos permiti\u00f3 conocer el barrio con muchos menos turistas y poder sentirlo un poco m\u00e1s en su esencia. Mi<\/p>\n","protected":false},"author":7,"featured_media":1062,"comment_status":"open","ping_status":"open","sticky":false,"template":"","format":"standard","meta":{"_mo_disable_npp":"","_joinchat":[],"footnotes":""},"categories":[5,209,149,215],"tags":[],"class_list":["post-1020","post","type-post","status-publish","format-standard","has-post-thumbnail","hentry","category-bloggeroqv","category-destinos","category-especialparisqv","category-francia"],"yoast_head":"<!-- This site is optimized with the Yoast SEO plugin v27.5 - https:\/\/yoast.com\/product\/yoast-seo-wordpress\/ -->\n<title>Nouvelle Ann\u00e9e 2013 en Par\u00eds | QuizViajero<\/title>\n<meta name=\"robots\" content=\"index, follow, max-snippet:-1, max-image-preview:large, max-video-preview:-1\" \/>\n<link rel=\"canonical\" href=\"https:\/\/quizviajero.com\/blog\/nouvelle-annee-2013-paris\/\" \/>\n<meta property=\"og:locale\" content=\"es_ES\" \/>\n<meta property=\"og:type\" content=\"article\" \/>\n<meta property=\"og:title\" content=\"Nouvelle Ann\u00e9e 2013 en Par\u00eds | QuizViajero\" \/>\n<meta property=\"og:description\" content=\"\u201cY si nos vamos a pasar a\u00f1o nuevo a Par\u00eds?\u201d. En ese instante el bizcochito Don Satur\u00ae que ten\u00eda entre dientes se fue derecho a mi tr\u00e1quea generando gener\u00e1ndome bruta tos. La idea me encant\u00f3, pero me fui forzado a aclarar \u201cMira que no tengo un mango, eh\u201d y ah\u00ed fue el momento en el que recib\u00ed el mayor de los regalos navide\u00f1os adelantados cuando o\u00ed la frase \u201cVos organizalo que yo invito\u201d. &nbsp; La Sorpresa Inicial Se estaba cerrando el a\u00f1o 2013, est\u00e1bamos a mediados de octubre cuando en el trabajo decidieron, a modo de limpiar las horas extra adeudadas, \u201cregalarnos\u201d los d\u00edas 30\/12 2\/1 y 3\/1. Con la sorpresa que ese Mega hueco en mi agenda me hab\u00eda generado me fui muy campante a tomar unos mates a lo de mis viejos. Lo que no sab\u00eda es que ese d\u00eda me deparar\u00eda m\u00e1s sorpresas. Al contarlo, entre mate y mate, mi padre, un hombre nacido junto con el a\u00f1o, odiador de sus cumplea\u00f1os y amante de sus ra\u00edces galas, esboz\u00f3 \u201cY si nos vamos a pasar a\u00f1o nuevo a Par\u00eds?\u201d. En ese instante el bizcochito Don Satur\u00ae que ten\u00eda entre dientes se fue derecho a mi tr\u00e1quea generando gener\u00e1ndome bruta tos. La idea me encant\u00f3, pero me fui forzado a aclarar \u201cMira que no tengo un mango, eh\u201d y ah\u00ed fue el momento en el que recib\u00ed el mayor de los regalos navide\u00f1os adelantados cuando o\u00ed la frase \u201cVos organizalo que yo invito\u201d. Imaginar\u00e1n lo poco que dorm\u00ed esa noche. A mi juego me hab\u00edan llamado, aproximadamente a las 3 am ya ten\u00eda organizado el viaje para hacer PARIS \u2013 BRUJAS \u2013 AMSTERDAM con los a\u00e9reos pre seleccionados, hospedaje en Paris apalabrado, 4 hoteles reservados en cada una de las otras ciudades y los trenes ya analizados. Los d\u00edas fueron pasando, me fui juntando con mis viejos tratando de adaptar el itinerario del viaje a los gustos y necesidades de cada uno de los 3 viajeros. Para mediados de noviembre ya el viaje ten\u00eda forma, color y cuanto adjetivo se les ocurra. Ir\u00edamos el 27 a Paris v\u00eda KLM, previa escala en \u00c1msterdam y regresar\u00edamos desde la capital holandesa en vuelo directo el 5\/1 un itinerario nada despreciable. Claramente en el viaje operaria de Gu\u00eda Tur\u00edstico \/ GPS \/ Guardi\u00e1n del itinerario \/ Interlocutor \/ etc. Llegando a La France Llegado el 27\/12 a la salida del trabajo me fui para Ezeiza donde me encontr\u00e9 con mis viejos, era una tarde de mucho calor y yo con la campera en mano previendo el frio q me esperaba en Paris. Por suerte el vuelo paso sin pena ni gloria, ambos vuelos llegaron en horario y el equipaje llego a destino como se esperaba (y suele pasar). Consegu\u00ed un departamento a 6 cuadras de la Tour Eiffel, para los 5 d\u00edas en Paris, estaba emocionado con ir por primera vez a la Ciudad Luz, pero confieso q no le ten\u00eda mucha fe a la torre\u2026 el a\u00f1o anterior hab\u00eda pasado por Pisa y la famosa torre me gust\u00f3 pero \u201cmeh\u201d, honestamente esperaba lo mismo de la dichosa estructura met\u00e1lica. #SpoilerAlert!!! QUE EQUIVOCADO ESTABA!!! Llegamos de noche, tomamos el tren, luego el subte (o Metro como le dicen en dichos lares) y bajamos en la estaci\u00f3n Invalides, luego de varias escaleras salimos a la superficie encontr\u00e1ndonos en un parque amplio llamado Esplanade des Invalides, yo ven\u00eda concentrado en el mapa, las referencias q ten\u00eda en el celular, la direcci\u00f3n del departamento, el equipaje y dem\u00e1s variables. Una vez analizado todo levante la vista buscando alguna referencia para orientarme y si\u2026 ah\u00ed la vi\u2026 me miro\u2026 nos miramos\u2026 me gust\u00f3\u2026 una estructura met\u00e1lica toda iluminada de un color anaranjado \/ amarillento se ergu\u00eda sola, por sobre todos las casas de la zona, aun no nos conoc\u00edamos y ella ya me estaba obrando de faro. Guard\u00e9 todo mapas papeles y dem\u00e1s y empec\u00e9 a caminar atra\u00eddo hacia ella, ya me hab\u00eda olvidado del frio, el hambre y el sue\u00f1o\u2026 quer\u00eda ir hacia la torre. Por suerte esa era la direcci\u00f3n que ten\u00edamos que tomar. Llegamos al departamento, hicimos los tr\u00e1mites pertinentes tiramos todas las valijas y nos fuimos derechito a verla de cerca, nunca olvidar\u00e9 las im\u00e1genes que grab\u00e9 en mi retina. Los d\u00edas subsiguientes recorrimos Paris y Versalles con un sorprendente buen clima, ni un d\u00eda nos sorprendi\u00f3 un bajo 0 y solo llovi\u00f3 un poco el 30\/12, incre\u00edble para las estad\u00edsticas de la ciudad. Voy a dejar para las gu\u00edas tradicionales las atracciones principales y los lugares que tienen q recorrer si o si. Ac\u00e1 tan solo tratare de contarles esas cosas q me generaron algo especial, algo lindo, digno de ser compartido. Visitamos infinidad de museos pero quer\u00eda destacar el que para m\u00ed es el m\u00e1s lindo de la ciudad aunque no el m\u00e1s famoso, el \u201cMusee D&#8217;orsay\u201d una estaci\u00f3n de tren a la vera del Sena que fue reconvertida en museo impresionista, arquitect\u00f3nicamente es PRECIOSO y tiene una de las obras que m\u00e1s emoci\u00f3n me han generado la \u201cNoche estrellada sobre el R\u00f3dano\u201d de Vincent Van Gogh. Como si fuera poco el museo tiene en su \u00faltimo piso un caf\u00e9 desde el cual se puede ver toda la ciudad a trav\u00e9s del reloj de la estaci\u00f3n. Dentro de la tem\u00e1tica eclesi\u00e1stica s\u00f3lo se me ocurre recomendar que no dejen de ir la Saint Chappelle, una capilla cerca de Notre Dame que tiene todas las paredes recubiertas de vitrales. Es incre\u00edble como queda iluminada al pegarle el sol con todos los colores jugando entre s\u00ed. Otro lugar con mucha magia al que fuimos fue el barrio de Montmartre con su emblem\u00e1tica iglesia Sacre Coeur, afortunadamente una amiga me recomend\u00f3 entrar por \u201cdetr\u00e1s\u201d, ir en sentido opuesto al grueso de los turistas, empezar por la estaci\u00f3n de Lamarck en lugar de hacerlo por Anvers. La verdad fue un consejo muy acertado, nos permiti\u00f3 conocer el barrio con muchos menos turistas y poder sentirlo un poco m\u00e1s en su esencia. Mi\" \/>\n<meta property=\"og:url\" content=\"https:\/\/quizviajero.com\/blog\/nouvelle-annee-2013-paris\/\" \/>\n<meta property=\"og:site_name\" content=\"QuizViajero\" \/>\n<meta property=\"article:publisher\" content=\"https:\/\/www.facebook.com\/quizviajero\/\" \/>\n<meta property=\"article:published_time\" content=\"2016-12-10T14:08:42+00:00\" \/>\n<meta property=\"article:modified_time\" content=\"2018-08-06T18:19:11+00:00\" \/>\n<meta property=\"og:image\" content=\"https:\/\/quizviajero.com\/blog\/wp-content\/uploads\/2017\/12\/bloggeroqv-6.jpg\" \/>\n\t<meta property=\"og:image:width\" content=\"1280\" \/>\n\t<meta property=\"og:image:height\" content=\"640\" \/>\n\t<meta property=\"og:image:type\" content=\"image\/jpeg\" \/>\n<meta name=\"author\" content=\"@duhauaxel\" \/>\n<meta name=\"twitter:card\" content=\"summary_large_image\" \/>\n<meta name=\"twitter:creator\" content=\"@quiz_viajero\" \/>\n<meta name=\"twitter:site\" content=\"@quiz_viajero\" \/>\n<meta name=\"twitter:label1\" content=\"Escrito por\" \/>\n\t<meta name=\"twitter:data1\" content=\"@duhauaxel\" \/>\n\t<meta name=\"twitter:label2\" content=\"Tiempo de lectura\" \/>\n\t<meta name=\"twitter:data2\" content=\"9 minutos\" \/>\n<script type=\"application\/ld+json\" class=\"yoast-schema-graph\">{\"@context\":\"https:\\\/\\\/schema.org\",\"@graph\":[{\"@type\":\"Article\",\"@id\":\"https:\\\/\\\/quizviajero.com\\\/blog\\\/nouvelle-annee-2013-paris\\\/#article\",\"isPartOf\":{\"@id\":\"https:\\\/\\\/quizviajero.com\\\/blog\\\/nouvelle-annee-2013-paris\\\/\"},\"author\":{\"name\":\"@duhauaxel\",\"@id\":\"https:\\\/\\\/quizviajero.com\\\/blog\\\/#\\\/schema\\\/person\\\/20a7631ad0f9ab9a341032832a44c5ec\"},\"headline\":\"Nouvelle Ann\u00e9e 2013 en Par\u00eds\",\"datePublished\":\"2016-12-10T14:08:42+00:00\",\"dateModified\":\"2018-08-06T18:19:11+00:00\",\"mainEntityOfPage\":{\"@id\":\"https:\\\/\\\/quizviajero.com\\\/blog\\\/nouvelle-annee-2013-paris\\\/\"},\"wordCount\":1887,\"commentCount\":5,\"publisher\":{\"@id\":\"https:\\\/\\\/quizviajero.com\\\/blog\\\/#organization\"},\"image\":{\"@id\":\"https:\\\/\\\/quizviajero.com\\\/blog\\\/nouvelle-annee-2013-paris\\\/#primaryimage\"},\"thumbnailUrl\":\"https:\\\/\\\/quizviajero.com\\\/blog\\\/wp-content\\\/uploads\\\/2017\\\/12\\\/bloggeroqv-6.jpg\",\"articleSection\":[\"#BloggeroQV\",\"#DestinosQV\",\"#EspecialParisQV\",\"Francia\"],\"inLanguage\":\"es\",\"potentialAction\":[{\"@type\":\"CommentAction\",\"name\":\"Comment\",\"target\":[\"https:\\\/\\\/quizviajero.com\\\/blog\\\/nouvelle-annee-2013-paris\\\/#respond\"]}]},{\"@type\":\"WebPage\",\"@id\":\"https:\\\/\\\/quizviajero.com\\\/blog\\\/nouvelle-annee-2013-paris\\\/\",\"url\":\"https:\\\/\\\/quizviajero.com\\\/blog\\\/nouvelle-annee-2013-paris\\\/\",\"name\":\"Nouvelle Ann\u00e9e 2013 en Par\u00eds | QuizViajero\",\"isPartOf\":{\"@id\":\"https:\\\/\\\/quizviajero.com\\\/blog\\\/#website\"},\"primaryImageOfPage\":{\"@id\":\"https:\\\/\\\/quizviajero.com\\\/blog\\\/nouvelle-annee-2013-paris\\\/#primaryimage\"},\"image\":{\"@id\":\"https:\\\/\\\/quizviajero.com\\\/blog\\\/nouvelle-annee-2013-paris\\\/#primaryimage\"},\"thumbnailUrl\":\"https:\\\/\\\/quizviajero.com\\\/blog\\\/wp-content\\\/uploads\\\/2017\\\/12\\\/bloggeroqv-6.jpg\",\"datePublished\":\"2016-12-10T14:08:42+00:00\",\"dateModified\":\"2018-08-06T18:19:11+00:00\",\"breadcrumb\":{\"@id\":\"https:\\\/\\\/quizviajero.com\\\/blog\\\/nouvelle-annee-2013-paris\\\/#breadcrumb\"},\"inLanguage\":\"es\",\"potentialAction\":[{\"@type\":\"ReadAction\",\"target\":[\"https:\\\/\\\/quizviajero.com\\\/blog\\\/nouvelle-annee-2013-paris\\\/\"]}]},{\"@type\":\"ImageObject\",\"inLanguage\":\"es\",\"@id\":\"https:\\\/\\\/quizviajero.com\\\/blog\\\/nouvelle-annee-2013-paris\\\/#primaryimage\",\"url\":\"https:\\\/\\\/quizviajero.com\\\/blog\\\/wp-content\\\/uploads\\\/2017\\\/12\\\/bloggeroqv-6.jpg\",\"contentUrl\":\"https:\\\/\\\/quizviajero.com\\\/blog\\\/wp-content\\\/uploads\\\/2017\\\/12\\\/bloggeroqv-6.jpg\",\"width\":1280,\"height\":640},{\"@type\":\"BreadcrumbList\",\"@id\":\"https:\\\/\\\/quizviajero.com\\\/blog\\\/nouvelle-annee-2013-paris\\\/#breadcrumb\",\"itemListElement\":[{\"@type\":\"ListItem\",\"position\":1,\"name\":\"Home\",\"item\":\"https:\\\/\\\/quizviajero.com\\\/blog\\\/\"},{\"@type\":\"ListItem\",\"position\":2,\"name\":\"#DestinosQV\",\"item\":\"https:\\\/\\\/quizviajero.com\\\/blog\\\/destinos\\\/\"},{\"@type\":\"ListItem\",\"position\":3,\"name\":\"Europa\",\"item\":\"https:\\\/\\\/quizviajero.com\\\/blog\\\/destinos\\\/europa\\\/\"},{\"@type\":\"ListItem\",\"position\":4,\"name\":\"Francia\",\"item\":\"https:\\\/\\\/quizviajero.com\\\/blog\\\/destinos\\\/europa\\\/francia\\\/\"},{\"@type\":\"ListItem\",\"position\":5,\"name\":\"Nouvelle Ann\u00e9e 2013 en Par\u00eds\"}]},{\"@type\":\"WebSite\",\"@id\":\"https:\\\/\\\/quizviajero.com\\\/blog\\\/#website\",\"url\":\"https:\\\/\\\/quizviajero.com\\\/blog\\\/\",\"name\":\"QuizViajero\",\"description\":\"El primer juego sobre viajes con premios! \u2708\",\"publisher\":{\"@id\":\"https:\\\/\\\/quizviajero.com\\\/blog\\\/#organization\"},\"potentialAction\":[{\"@type\":\"SearchAction\",\"target\":{\"@type\":\"EntryPoint\",\"urlTemplate\":\"https:\\\/\\\/quizviajero.com\\\/blog\\\/?s={search_term_string}\"},\"query-input\":{\"@type\":\"PropertyValueSpecification\",\"valueRequired\":true,\"valueName\":\"search_term_string\"}}],\"inLanguage\":\"es\"},{\"@type\":\"Organization\",\"@id\":\"https:\\\/\\\/quizviajero.com\\\/blog\\\/#organization\",\"name\":\"QuizViajero\",\"url\":\"https:\\\/\\\/quizviajero.com\\\/blog\\\/\",\"logo\":{\"@type\":\"ImageObject\",\"inLanguage\":\"es\",\"@id\":\"https:\\\/\\\/quizviajero.com\\\/blog\\\/#\\\/schema\\\/logo\\\/image\\\/\",\"url\":\"https:\\\/\\\/quizviajero.com\\\/blog\\\/wp-content\\\/uploads\\\/2016\\\/11\\\/cropped-qv_logo-1.png\",\"contentUrl\":\"https:\\\/\\\/quizviajero.com\\\/blog\\\/wp-content\\\/uploads\\\/2016\\\/11\\\/cropped-qv_logo-1.png\",\"width\":301,\"height\":100,\"caption\":\"QuizViajero\"},\"image\":{\"@id\":\"https:\\\/\\\/quizviajero.com\\\/blog\\\/#\\\/schema\\\/logo\\\/image\\\/\"},\"sameAs\":[\"https:\\\/\\\/www.facebook.com\\\/quizviajero\\\/\",\"https:\\\/\\\/x.com\\\/quiz_viajero\",\"http:\\\/\\\/instagram.com\\\/quizviajeroig\"]},{\"@type\":\"Person\",\"@id\":\"https:\\\/\\\/quizviajero.com\\\/blog\\\/#\\\/schema\\\/person\\\/20a7631ad0f9ab9a341032832a44c5ec\",\"name\":\"@duhauaxel\",\"image\":{\"@type\":\"ImageObject\",\"inLanguage\":\"es\",\"@id\":\"https:\\\/\\\/secure.gravatar.com\\\/avatar\\\/d2543e5ef92931d3f98824c2884668e9de75f78dc9f01699514b62e09c5f2cd3?s=96&d=mm&r=g\",\"url\":\"https:\\\/\\\/secure.gravatar.com\\\/avatar\\\/d2543e5ef92931d3f98824c2884668e9de75f78dc9f01699514b62e09c5f2cd3?s=96&d=mm&r=g\",\"contentUrl\":\"https:\\\/\\\/secure.gravatar.com\\\/avatar\\\/d2543e5ef92931d3f98824c2884668e9de75f78dc9f01699514b62e09c5f2cd3?s=96&d=mm&r=g\",\"caption\":\"@duhauaxel\"},\"description\":\"Viajero in extremis, fot\u00f3grafo vocacional, enfermo del Millo y algo (?) geek\",\"url\":\"https:\\\/\\\/quizviajero.com\\\/blog\\\/author\\\/duxauaxel\\\/\"}]}<\/script>\n<!-- \/ Yoast SEO plugin. -->","yoast_head_json":{"title":"Nouvelle Ann\u00e9e 2013 en Par\u00eds | QuizViajero","robots":{"index":"index","follow":"follow","max-snippet":"max-snippet:-1","max-image-preview":"max-image-preview:large","max-video-preview":"max-video-preview:-1"},"canonical":"https:\/\/quizviajero.com\/blog\/nouvelle-annee-2013-paris\/","og_locale":"es_ES","og_type":"article","og_title":"Nouvelle Ann\u00e9e 2013 en Par\u00eds | QuizViajero","og_description":"\u201cY si nos vamos a pasar a\u00f1o nuevo a Par\u00eds?\u201d. En ese instante el bizcochito Don Satur\u00ae que ten\u00eda entre dientes se fue derecho a mi tr\u00e1quea generando gener\u00e1ndome bruta tos. La idea me encant\u00f3, pero me fui forzado a aclarar \u201cMira que no tengo un mango, eh\u201d y ah\u00ed fue el momento en el que recib\u00ed el mayor de los regalos navide\u00f1os adelantados cuando o\u00ed la frase \u201cVos organizalo que yo invito\u201d. &nbsp; La Sorpresa Inicial Se estaba cerrando el a\u00f1o 2013, est\u00e1bamos a mediados de octubre cuando en el trabajo decidieron, a modo de limpiar las horas extra adeudadas, \u201cregalarnos\u201d los d\u00edas 30\/12 2\/1 y 3\/1. Con la sorpresa que ese Mega hueco en mi agenda me hab\u00eda generado me fui muy campante a tomar unos mates a lo de mis viejos. Lo que no sab\u00eda es que ese d\u00eda me deparar\u00eda m\u00e1s sorpresas. Al contarlo, entre mate y mate, mi padre, un hombre nacido junto con el a\u00f1o, odiador de sus cumplea\u00f1os y amante de sus ra\u00edces galas, esboz\u00f3 \u201cY si nos vamos a pasar a\u00f1o nuevo a Par\u00eds?\u201d. En ese instante el bizcochito Don Satur\u00ae que ten\u00eda entre dientes se fue derecho a mi tr\u00e1quea generando gener\u00e1ndome bruta tos. La idea me encant\u00f3, pero me fui forzado a aclarar \u201cMira que no tengo un mango, eh\u201d y ah\u00ed fue el momento en el que recib\u00ed el mayor de los regalos navide\u00f1os adelantados cuando o\u00ed la frase \u201cVos organizalo que yo invito\u201d. Imaginar\u00e1n lo poco que dorm\u00ed esa noche. A mi juego me hab\u00edan llamado, aproximadamente a las 3 am ya ten\u00eda organizado el viaje para hacer PARIS \u2013 BRUJAS \u2013 AMSTERDAM con los a\u00e9reos pre seleccionados, hospedaje en Paris apalabrado, 4 hoteles reservados en cada una de las otras ciudades y los trenes ya analizados. Los d\u00edas fueron pasando, me fui juntando con mis viejos tratando de adaptar el itinerario del viaje a los gustos y necesidades de cada uno de los 3 viajeros. Para mediados de noviembre ya el viaje ten\u00eda forma, color y cuanto adjetivo se les ocurra. Ir\u00edamos el 27 a Paris v\u00eda KLM, previa escala en \u00c1msterdam y regresar\u00edamos desde la capital holandesa en vuelo directo el 5\/1 un itinerario nada despreciable. Claramente en el viaje operaria de Gu\u00eda Tur\u00edstico \/ GPS \/ Guardi\u00e1n del itinerario \/ Interlocutor \/ etc. Llegando a La France Llegado el 27\/12 a la salida del trabajo me fui para Ezeiza donde me encontr\u00e9 con mis viejos, era una tarde de mucho calor y yo con la campera en mano previendo el frio q me esperaba en Paris. Por suerte el vuelo paso sin pena ni gloria, ambos vuelos llegaron en horario y el equipaje llego a destino como se esperaba (y suele pasar). Consegu\u00ed un departamento a 6 cuadras de la Tour Eiffel, para los 5 d\u00edas en Paris, estaba emocionado con ir por primera vez a la Ciudad Luz, pero confieso q no le ten\u00eda mucha fe a la torre\u2026 el a\u00f1o anterior hab\u00eda pasado por Pisa y la famosa torre me gust\u00f3 pero \u201cmeh\u201d, honestamente esperaba lo mismo de la dichosa estructura met\u00e1lica. #SpoilerAlert!!! QUE EQUIVOCADO ESTABA!!! Llegamos de noche, tomamos el tren, luego el subte (o Metro como le dicen en dichos lares) y bajamos en la estaci\u00f3n Invalides, luego de varias escaleras salimos a la superficie encontr\u00e1ndonos en un parque amplio llamado Esplanade des Invalides, yo ven\u00eda concentrado en el mapa, las referencias q ten\u00eda en el celular, la direcci\u00f3n del departamento, el equipaje y dem\u00e1s variables. Una vez analizado todo levante la vista buscando alguna referencia para orientarme y si\u2026 ah\u00ed la vi\u2026 me miro\u2026 nos miramos\u2026 me gust\u00f3\u2026 una estructura met\u00e1lica toda iluminada de un color anaranjado \/ amarillento se ergu\u00eda sola, por sobre todos las casas de la zona, aun no nos conoc\u00edamos y ella ya me estaba obrando de faro. Guard\u00e9 todo mapas papeles y dem\u00e1s y empec\u00e9 a caminar atra\u00eddo hacia ella, ya me hab\u00eda olvidado del frio, el hambre y el sue\u00f1o\u2026 quer\u00eda ir hacia la torre. Por suerte esa era la direcci\u00f3n que ten\u00edamos que tomar. Llegamos al departamento, hicimos los tr\u00e1mites pertinentes tiramos todas las valijas y nos fuimos derechito a verla de cerca, nunca olvidar\u00e9 las im\u00e1genes que grab\u00e9 en mi retina. Los d\u00edas subsiguientes recorrimos Paris y Versalles con un sorprendente buen clima, ni un d\u00eda nos sorprendi\u00f3 un bajo 0 y solo llovi\u00f3 un poco el 30\/12, incre\u00edble para las estad\u00edsticas de la ciudad. Voy a dejar para las gu\u00edas tradicionales las atracciones principales y los lugares que tienen q recorrer si o si. Ac\u00e1 tan solo tratare de contarles esas cosas q me generaron algo especial, algo lindo, digno de ser compartido. Visitamos infinidad de museos pero quer\u00eda destacar el que para m\u00ed es el m\u00e1s lindo de la ciudad aunque no el m\u00e1s famoso, el \u201cMusee D&#8217;orsay\u201d una estaci\u00f3n de tren a la vera del Sena que fue reconvertida en museo impresionista, arquitect\u00f3nicamente es PRECIOSO y tiene una de las obras que m\u00e1s emoci\u00f3n me han generado la \u201cNoche estrellada sobre el R\u00f3dano\u201d de Vincent Van Gogh. Como si fuera poco el museo tiene en su \u00faltimo piso un caf\u00e9 desde el cual se puede ver toda la ciudad a trav\u00e9s del reloj de la estaci\u00f3n. Dentro de la tem\u00e1tica eclesi\u00e1stica s\u00f3lo se me ocurre recomendar que no dejen de ir la Saint Chappelle, una capilla cerca de Notre Dame que tiene todas las paredes recubiertas de vitrales. Es incre\u00edble como queda iluminada al pegarle el sol con todos los colores jugando entre s\u00ed. Otro lugar con mucha magia al que fuimos fue el barrio de Montmartre con su emblem\u00e1tica iglesia Sacre Coeur, afortunadamente una amiga me recomend\u00f3 entrar por \u201cdetr\u00e1s\u201d, ir en sentido opuesto al grueso de los turistas, empezar por la estaci\u00f3n de Lamarck en lugar de hacerlo por Anvers. La verdad fue un consejo muy acertado, nos permiti\u00f3 conocer el barrio con muchos menos turistas y poder sentirlo un poco m\u00e1s en su esencia. Mi","og_url":"https:\/\/quizviajero.com\/blog\/nouvelle-annee-2013-paris\/","og_site_name":"QuizViajero","article_publisher":"https:\/\/www.facebook.com\/quizviajero\/","article_published_time":"2016-12-10T14:08:42+00:00","article_modified_time":"2018-08-06T18:19:11+00:00","og_image":[{"width":1280,"height":640,"url":"https:\/\/quizviajero.com\/blog\/wp-content\/uploads\/2017\/12\/bloggeroqv-6.jpg","type":"image\/jpeg"}],"author":"@duhauaxel","twitter_card":"summary_large_image","twitter_creator":"@quiz_viajero","twitter_site":"@quiz_viajero","twitter_misc":{"Escrito por":"@duhauaxel","Tiempo de lectura":"9 minutos"},"schema":{"@context":"https:\/\/schema.org","@graph":[{"@type":"Article","@id":"https:\/\/quizviajero.com\/blog\/nouvelle-annee-2013-paris\/#article","isPartOf":{"@id":"https:\/\/quizviajero.com\/blog\/nouvelle-annee-2013-paris\/"},"author":{"name":"@duhauaxel","@id":"https:\/\/quizviajero.com\/blog\/#\/schema\/person\/20a7631ad0f9ab9a341032832a44c5ec"},"headline":"Nouvelle Ann\u00e9e 2013 en Par\u00eds","datePublished":"2016-12-10T14:08:42+00:00","dateModified":"2018-08-06T18:19:11+00:00","mainEntityOfPage":{"@id":"https:\/\/quizviajero.com\/blog\/nouvelle-annee-2013-paris\/"},"wordCount":1887,"commentCount":5,"publisher":{"@id":"https:\/\/quizviajero.com\/blog\/#organization"},"image":{"@id":"https:\/\/quizviajero.com\/blog\/nouvelle-annee-2013-paris\/#primaryimage"},"thumbnailUrl":"https:\/\/quizviajero.com\/blog\/wp-content\/uploads\/2017\/12\/bloggeroqv-6.jpg","articleSection":["#BloggeroQV","#DestinosQV","#EspecialParisQV","Francia"],"inLanguage":"es","potentialAction":[{"@type":"CommentAction","name":"Comment","target":["https:\/\/quizviajero.com\/blog\/nouvelle-annee-2013-paris\/#respond"]}]},{"@type":"WebPage","@id":"https:\/\/quizviajero.com\/blog\/nouvelle-annee-2013-paris\/","url":"https:\/\/quizviajero.com\/blog\/nouvelle-annee-2013-paris\/","name":"Nouvelle Ann\u00e9e 2013 en Par\u00eds | QuizViajero","isPartOf":{"@id":"https:\/\/quizviajero.com\/blog\/#website"},"primaryImageOfPage":{"@id":"https:\/\/quizviajero.com\/blog\/nouvelle-annee-2013-paris\/#primaryimage"},"image":{"@id":"https:\/\/quizviajero.com\/blog\/nouvelle-annee-2013-paris\/#primaryimage"},"thumbnailUrl":"https:\/\/quizviajero.com\/blog\/wp-content\/uploads\/2017\/12\/bloggeroqv-6.jpg","datePublished":"2016-12-10T14:08:42+00:00","dateModified":"2018-08-06T18:19:11+00:00","breadcrumb":{"@id":"https:\/\/quizviajero.com\/blog\/nouvelle-annee-2013-paris\/#breadcrumb"},"inLanguage":"es","potentialAction":[{"@type":"ReadAction","target":["https:\/\/quizviajero.com\/blog\/nouvelle-annee-2013-paris\/"]}]},{"@type":"ImageObject","inLanguage":"es","@id":"https:\/\/quizviajero.com\/blog\/nouvelle-annee-2013-paris\/#primaryimage","url":"https:\/\/quizviajero.com\/blog\/wp-content\/uploads\/2017\/12\/bloggeroqv-6.jpg","contentUrl":"https:\/\/quizviajero.com\/blog\/wp-content\/uploads\/2017\/12\/bloggeroqv-6.jpg","width":1280,"height":640},{"@type":"BreadcrumbList","@id":"https:\/\/quizviajero.com\/blog\/nouvelle-annee-2013-paris\/#breadcrumb","itemListElement":[{"@type":"ListItem","position":1,"name":"Home","item":"https:\/\/quizviajero.com\/blog\/"},{"@type":"ListItem","position":2,"name":"#DestinosQV","item":"https:\/\/quizviajero.com\/blog\/destinos\/"},{"@type":"ListItem","position":3,"name":"Europa","item":"https:\/\/quizviajero.com\/blog\/destinos\/europa\/"},{"@type":"ListItem","position":4,"name":"Francia","item":"https:\/\/quizviajero.com\/blog\/destinos\/europa\/francia\/"},{"@type":"ListItem","position":5,"name":"Nouvelle Ann\u00e9e 2013 en Par\u00eds"}]},{"@type":"WebSite","@id":"https:\/\/quizviajero.com\/blog\/#website","url":"https:\/\/quizviajero.com\/blog\/","name":"QuizViajero","description":"El primer juego sobre viajes con premios! \u2708","publisher":{"@id":"https:\/\/quizviajero.com\/blog\/#organization"},"potentialAction":[{"@type":"SearchAction","target":{"@type":"EntryPoint","urlTemplate":"https:\/\/quizviajero.com\/blog\/?s={search_term_string}"},"query-input":{"@type":"PropertyValueSpecification","valueRequired":true,"valueName":"search_term_string"}}],"inLanguage":"es"},{"@type":"Organization","@id":"https:\/\/quizviajero.com\/blog\/#organization","name":"QuizViajero","url":"https:\/\/quizviajero.com\/blog\/","logo":{"@type":"ImageObject","inLanguage":"es","@id":"https:\/\/quizviajero.com\/blog\/#\/schema\/logo\/image\/","url":"https:\/\/quizviajero.com\/blog\/wp-content\/uploads\/2016\/11\/cropped-qv_logo-1.png","contentUrl":"https:\/\/quizviajero.com\/blog\/wp-content\/uploads\/2016\/11\/cropped-qv_logo-1.png","width":301,"height":100,"caption":"QuizViajero"},"image":{"@id":"https:\/\/quizviajero.com\/blog\/#\/schema\/logo\/image\/"},"sameAs":["https:\/\/www.facebook.com\/quizviajero\/","https:\/\/x.com\/quiz_viajero","http:\/\/instagram.com\/quizviajeroig"]},{"@type":"Person","@id":"https:\/\/quizviajero.com\/blog\/#\/schema\/person\/20a7631ad0f9ab9a341032832a44c5ec","name":"@duhauaxel","image":{"@type":"ImageObject","inLanguage":"es","@id":"https:\/\/secure.gravatar.com\/avatar\/d2543e5ef92931d3f98824c2884668e9de75f78dc9f01699514b62e09c5f2cd3?s=96&d=mm&r=g","url":"https:\/\/secure.gravatar.com\/avatar\/d2543e5ef92931d3f98824c2884668e9de75f78dc9f01699514b62e09c5f2cd3?s=96&d=mm&r=g","contentUrl":"https:\/\/secure.gravatar.com\/avatar\/d2543e5ef92931d3f98824c2884668e9de75f78dc9f01699514b62e09c5f2cd3?s=96&d=mm&r=g","caption":"@duhauaxel"},"description":"Viajero in extremis, fot\u00f3grafo vocacional, enfermo del Millo y algo (?) geek","url":"https:\/\/quizviajero.com\/blog\/author\/duxauaxel\/"}]}},"_links":{"self":[{"href":"https:\/\/quizviajero.com\/blog\/wp-json\/wp\/v2\/posts\/1020","targetHints":{"allow":["GET"]}}],"collection":[{"href":"https:\/\/quizviajero.com\/blog\/wp-json\/wp\/v2\/posts"}],"about":[{"href":"https:\/\/quizviajero.com\/blog\/wp-json\/wp\/v2\/types\/post"}],"author":[{"embeddable":true,"href":"https:\/\/quizviajero.com\/blog\/wp-json\/wp\/v2\/users\/7"}],"replies":[{"embeddable":true,"href":"https:\/\/quizviajero.com\/blog\/wp-json\/wp\/v2\/comments?post=1020"}],"version-history":[{"count":0,"href":"https:\/\/quizviajero.com\/blog\/wp-json\/wp\/v2\/posts\/1020\/revisions"}],"wp:featuredmedia":[{"embeddable":true,"href":"https:\/\/quizviajero.com\/blog\/wp-json\/wp\/v2\/media\/1062"}],"wp:attachment":[{"href":"https:\/\/quizviajero.com\/blog\/wp-json\/wp\/v2\/media?parent=1020"}],"wp:term":[{"taxonomy":"category","embeddable":true,"href":"https:\/\/quizviajero.com\/blog\/wp-json\/wp\/v2\/categories?post=1020"},{"taxonomy":"post_tag","embeddable":true,"href":"https:\/\/quizviajero.com\/blog\/wp-json\/wp\/v2\/tags?post=1020"}],"curies":[{"name":"wp","href":"https:\/\/api.w.org\/{rel}","templated":true}]}}