{"id":12233,"date":"2025-06-03T17:27:34","date_gmt":"2025-06-03T20:27:34","guid":{"rendered":"https:\/\/quizviajero.com\/blog\/?p=12233"},"modified":"2025-06-03T17:27:34","modified_gmt":"2025-06-03T20:27:34","slug":"asi-fue-el-viaje-grupal-por-los-alpes-2025","status":"publish","type":"post","link":"https:\/\/quizviajero.com\/blog\/asi-fue-el-viaje-grupal-por-los-alpes-2025\/","title":{"rendered":"As\u00ed fue el viaje grupal por los Alpes 2025"},"content":{"rendered":"<p>Reci\u00e9n regresados de otro inolvidable viaje grupal que organizamos junto a Divercity Travel y Ram\u00e9 Travel por los Alpes y un poco m\u00e1s, aqu\u00ed va el resumen del mismo.<\/p>\n<h3>FECHAS DE VIAJE:<\/h3>\n<p>Del 15 al 30 de mayo de 2025.<\/p>\n<h3>ITINERARIO:<\/h3>\n<p>3 noches en M\u00fanich<\/p>\n<p>2 noches en Salzburgo<\/p>\n<p>2 noches en Innsbruck<\/p>\n<p>2 noches en Bolzano<\/p>\n<p>3 noches en el Lago di Garda<\/p>\n<p>3 noches en Bologna<\/p>\n<h3>GRUPO:<\/h3>\n<p>30 personas m\u00e1s 2 gu\u00edas fijos y 1 gu\u00eda local en cada una de las paradas.<\/p>\n<p><img fetchpriority=\"high\" decoding=\"async\" class=\"alignnone size-full wp-image-12236\" src=\"https:\/\/quizviajero.com\/blog\/wp-content\/uploads\/2025\/06\/f1535429-490e-4199-96de-f7d0e5ff6144.jpg\" alt=\"\" width=\"1066\" height=\"1280\" srcset=\"https:\/\/quizviajero.com\/blog\/wp-content\/uploads\/2025\/06\/f1535429-490e-4199-96de-f7d0e5ff6144.jpg 1066w, https:\/\/quizviajero.com\/blog\/wp-content\/uploads\/2025\/06\/f1535429-490e-4199-96de-f7d0e5ff6144-333x400.jpg 333w, https:\/\/quizviajero.com\/blog\/wp-content\/uploads\/2025\/06\/f1535429-490e-4199-96de-f7d0e5ff6144-853x1024.jpg 853w, https:\/\/quizviajero.com\/blog\/wp-content\/uploads\/2025\/06\/f1535429-490e-4199-96de-f7d0e5ff6144-768x922.jpg 768w\" sizes=\"(max-width: 1066px) 100vw, 1066px\" \/><\/p>\n<h3>BIT\u00c1CORA DE VIAJE<\/h3>\n<h4>D\u00cdA 1: LLEGADA A M\u00daNICH<\/h4>\n<p>La idea de este viaje era hacer un circuito in\u00e9dito (que no exista en la oferta de viajes grupales) para cruzar los Alpes por Austria y terminar en una de las zonas m\u00e1s lindas y menos visitadas del norte de Italia. M\u00fanich era el punto de partida o la ciudad de entrada al circuito, ya que est\u00e1 muy cerca de Salzburgo y tiene un aeropuerto con muy buenas conexiones. El primer d\u00eda fue de llegada. 15 personas viajamos juntas desde Buenos Aires con Lufthansa v\u00eda Frankfurt. Los otros 15 viajaron por otros medios, ya que se encontraban en Europa desde unos d\u00edas antes.<\/p>\n<p>Al llegar, todos hicimos una breve reuni\u00f3n en el hotel y partimos hacia la cena de bienvenida en un restaurante de comida t\u00edpica de esa zona de Alemania.<\/p>\n<p><img decoding=\"async\" class=\"alignnone size-full wp-image-12276\" src=\"https:\/\/quizviajero.com\/blog\/wp-content\/uploads\/2025\/06\/IMG_9968-rotated.jpg\" alt=\"\" width=\"1512\" height=\"2016\" srcset=\"https:\/\/quizviajero.com\/blog\/wp-content\/uploads\/2025\/06\/IMG_9968-rotated.jpg 1512w, https:\/\/quizviajero.com\/blog\/wp-content\/uploads\/2025\/06\/IMG_9968-300x400.jpg 300w, https:\/\/quizviajero.com\/blog\/wp-content\/uploads\/2025\/06\/IMG_9968-768x1024.jpg 768w, https:\/\/quizviajero.com\/blog\/wp-content\/uploads\/2025\/06\/IMG_9968-1152x1536.jpg 1152w\" sizes=\"(max-width: 1512px) 100vw, 1512px\" \/><\/p>\n<h4>D\u00cdA 2: CENTRO HIST\u00d3RICO DE M\u00daNICH<\/h4>\n<p>El d\u00eda 2 partimos a la ma\u00f1ana para hacer una recorrida en micro con gu\u00eda local por algunas zonas de Munich y luego bajamos en el centro hist\u00f3rico para recorrerlo y conocerlo. Como toda ciudad grande de Alemania, M\u00fanich fue destruida en la Segunda Guerra Mundial, por lo cual todo lo que se ve, incluyendo lo que parece antiguo, tiene pocos a\u00f1os. El recorrido con gu\u00eda finaliz\u00f3 en el mercado (una cosa hermosa) y la tarde fue libre para que cada quien haga lo que desee.<\/p>\n<p><img decoding=\"async\" class=\"alignnone size-full wp-image-12277\" src=\"https:\/\/quizviajero.com\/blog\/wp-content\/uploads\/2025\/06\/IMG_9997.jpg\" alt=\"\" width=\"2016\" height=\"1512\" srcset=\"https:\/\/quizviajero.com\/blog\/wp-content\/uploads\/2025\/06\/IMG_9997.jpg 2016w, https:\/\/quizviajero.com\/blog\/wp-content\/uploads\/2025\/06\/IMG_9997-400x300.jpg 400w, https:\/\/quizviajero.com\/blog\/wp-content\/uploads\/2025\/06\/IMG_9997-1024x768.jpg 1024w, https:\/\/quizviajero.com\/blog\/wp-content\/uploads\/2025\/06\/IMG_9997-768x576.jpg 768w, https:\/\/quizviajero.com\/blog\/wp-content\/uploads\/2025\/06\/IMG_9997-1536x1152.jpg 1536w\" sizes=\"(max-width: 2016px) 100vw, 2016px\" \/><\/p>\n<h4>D\u00cdA 3: M\u00daNICH<\/h4>\n<p>En este d\u00eda hicimos otra visita guiada por las afueras del centro hist\u00f3rico de M\u00fanich, y probablemente la parte m\u00e1s atractiva de la ciudad. Primero visitamos el Palacio de Nymphenburg, que es realmente espectacular. Luego hicimos una visita al famoso edificio de BMW, su concesionaria, que es impresionante. Pasamos frente al parque Ol\u00edmpico y terminamos en la isla de los museos.<\/p>\n<p>Por la tarde, varios visitamos el Jard\u00edn Ingl\u00e9s, que es uno de los parques urbanos m\u00e1s grandes y lindos de Europa.<\/p>\n<p><img loading=\"lazy\" decoding=\"async\" class=\"alignnone size-full wp-image-12278\" src=\"https:\/\/quizviajero.com\/blog\/wp-content\/uploads\/2025\/06\/IMG_0046-rotated.jpg\" alt=\"\" width=\"1512\" height=\"2016\" srcset=\"https:\/\/quizviajero.com\/blog\/wp-content\/uploads\/2025\/06\/IMG_0046-rotated.jpg 1512w, https:\/\/quizviajero.com\/blog\/wp-content\/uploads\/2025\/06\/IMG_0046-300x400.jpg 300w, https:\/\/quizviajero.com\/blog\/wp-content\/uploads\/2025\/06\/IMG_0046-768x1024.jpg 768w, https:\/\/quizviajero.com\/blog\/wp-content\/uploads\/2025\/06\/IMG_0046-1152x1536.jpg 1152w\" sizes=\"(max-width: 1512px) 100vw, 1512px\" \/><\/p>\n<h4 class=\"BK5CCe  cS4Vcb-pGL6qe-fwJd0c\">DIA 4: Salzburgo<\/h4>\n<p>Luego de desayunar, partimos con nuestro micro privado hacia Salzburgo. El trayecto dura poco menos de una hora y media. Al llegar a Salzburgo, hicimos directo una visita guiada por el centro hist\u00f3rico. Salzburgo es una ciudad peque\u00f1a y hermosa, casi perfecta. Todo es prolijo y con una tremenda belleza est\u00e9tica. Nos sentimos protagonistas de La Novicia Rebelde.<\/p>\n<p>Vale mucho la pena subir al fuerte, no solo es muy lindo y bien pensado para el turismo, adem\u00e1s, desde all\u00ed, se aprecian las primeras grandes vistas de los Alpes.<\/p>\n<p><img loading=\"lazy\" decoding=\"async\" class=\"alignnone size-full wp-image-12237\" src=\"https:\/\/quizviajero.com\/blog\/wp-content\/uploads\/2025\/06\/IMG_0242-rotated.jpg\" alt=\"\" width=\"1512\" height=\"2016\" srcset=\"https:\/\/quizviajero.com\/blog\/wp-content\/uploads\/2025\/06\/IMG_0242-rotated.jpg 1512w, https:\/\/quizviajero.com\/blog\/wp-content\/uploads\/2025\/06\/IMG_0242-300x400.jpg 300w, https:\/\/quizviajero.com\/blog\/wp-content\/uploads\/2025\/06\/IMG_0242-768x1024.jpg 768w, https:\/\/quizviajero.com\/blog\/wp-content\/uploads\/2025\/06\/IMG_0242-1152x1536.jpg 1152w\" sizes=\"(max-width: 1512px) 100vw, 1512px\" \/><\/p>\n<p><img loading=\"lazy\" decoding=\"async\" class=\"alignnone size-full wp-image-12239\" src=\"https:\/\/quizviajero.com\/blog\/wp-content\/uploads\/2025\/06\/IMG_0307.jpg\" alt=\"\" width=\"2016\" height=\"1512\" srcset=\"https:\/\/quizviajero.com\/blog\/wp-content\/uploads\/2025\/06\/IMG_0307.jpg 2016w, https:\/\/quizviajero.com\/blog\/wp-content\/uploads\/2025\/06\/IMG_0307-400x300.jpg 400w, https:\/\/quizviajero.com\/blog\/wp-content\/uploads\/2025\/06\/IMG_0307-1024x768.jpg 1024w, https:\/\/quizviajero.com\/blog\/wp-content\/uploads\/2025\/06\/IMG_0307-768x576.jpg 768w, https:\/\/quizviajero.com\/blog\/wp-content\/uploads\/2025\/06\/IMG_0307-1536x1152.jpg 1536w\" sizes=\"(max-width: 2016px) 100vw, 2016px\" \/><\/p>\n<h4>DIA 5: VISITA A HALLSTATT<\/h4>\n<p>Hallstatt es un peque\u00f1o pueblo de cuento ubicado frente a un lago y rodeado de monta\u00f1as a solo 60 kms de Salzburgo. Es considerado uno de los pueblitos m\u00e1s lindos del mundo y el \u00fanico problema que puede tener es la cantidad de turistas que lo visitan, y por supuesto, es fundamental que te toque un d\u00eda lindo para apreciarlo bien. Tuvimos suerte en ambos casos: el d\u00eda estaba hermoso y la cantidad de turistas no era mucha.<\/p>\n<p><img loading=\"lazy\" decoding=\"async\" class=\"alignnone size-full wp-image-12241\" src=\"https:\/\/quizviajero.com\/blog\/wp-content\/uploads\/2025\/06\/IMG_0521.jpg\" alt=\"\" width=\"2016\" height=\"1512\" srcset=\"https:\/\/quizviajero.com\/blog\/wp-content\/uploads\/2025\/06\/IMG_0521.jpg 2016w, https:\/\/quizviajero.com\/blog\/wp-content\/uploads\/2025\/06\/IMG_0521-400x300.jpg 400w, https:\/\/quizviajero.com\/blog\/wp-content\/uploads\/2025\/06\/IMG_0521-1024x768.jpg 1024w, https:\/\/quizviajero.com\/blog\/wp-content\/uploads\/2025\/06\/IMG_0521-768x576.jpg 768w, https:\/\/quizviajero.com\/blog\/wp-content\/uploads\/2025\/06\/IMG_0521-1536x1152.jpg 1536w\" sizes=\"(max-width: 2016px) 100vw, 2016px\" \/><\/p>\n<p>Hay una especie de telef\u00e9rico para subir hasta un mirador, un poco caro pero las vistas hacen que valga la pena.<\/p>\n<p><img loading=\"lazy\" decoding=\"async\" class=\"alignnone size-full wp-image-12240\" src=\"https:\/\/quizviajero.com\/blog\/wp-content\/uploads\/2025\/06\/IMG_0487-rotated.jpg\" alt=\"\" width=\"1512\" height=\"2016\" srcset=\"https:\/\/quizviajero.com\/blog\/wp-content\/uploads\/2025\/06\/IMG_0487-rotated.jpg 1512w, https:\/\/quizviajero.com\/blog\/wp-content\/uploads\/2025\/06\/IMG_0487-300x400.jpg 300w, https:\/\/quizviajero.com\/blog\/wp-content\/uploads\/2025\/06\/IMG_0487-768x1024.jpg 768w, https:\/\/quizviajero.com\/blog\/wp-content\/uploads\/2025\/06\/IMG_0487-1152x1536.jpg 1152w\" sizes=\"(max-width: 1512px) 100vw, 1512px\" \/><\/p>\n<p>Arriba hay un restaurante para comer con algunas de las vistas m\u00e1s espectaculares de la tierra.<\/p>\n<p>Mi cara de felicidad lo dec\u00eda todo.<\/p>\n<p><img loading=\"lazy\" decoding=\"async\" class=\"alignnone size-full wp-image-12235\" src=\"https:\/\/quizviajero.com\/blog\/wp-content\/uploads\/2025\/06\/928ea5fd-16cd-4063-b497-c62366af70c9.jpg\" alt=\"\" width=\"1600\" height=\"1200\" srcset=\"https:\/\/quizviajero.com\/blog\/wp-content\/uploads\/2025\/06\/928ea5fd-16cd-4063-b497-c62366af70c9.jpg 1600w, https:\/\/quizviajero.com\/blog\/wp-content\/uploads\/2025\/06\/928ea5fd-16cd-4063-b497-c62366af70c9-400x300.jpg 400w, https:\/\/quizviajero.com\/blog\/wp-content\/uploads\/2025\/06\/928ea5fd-16cd-4063-b497-c62366af70c9-1024x768.jpg 1024w, https:\/\/quizviajero.com\/blog\/wp-content\/uploads\/2025\/06\/928ea5fd-16cd-4063-b497-c62366af70c9-768x576.jpg 768w, https:\/\/quizviajero.com\/blog\/wp-content\/uploads\/2025\/06\/928ea5fd-16cd-4063-b497-c62366af70c9-1536x1152.jpg 1536w\" sizes=\"(max-width: 1600px) 100vw, 1600px\" \/><\/p>\n<p>Las expectativas con Hallstatt eran alt\u00edsimas y es uno de los lugares donde la realidad supera a la imaginaci\u00f3n.<\/p>\n<p>Por la tarde volvimos a Salzburgo para seguir disfrutando de esa ciudad maravillosa.<\/p>\n<h4>D\u00cdA 6: INNSBRUCK<\/h4>\n<p>Al d\u00eda siguiente partimos en nuestro bus hacia Innsbruck en un camino que atraviesa los Alpes y no tiene desperdicio. Al llegar hicimos una visita guiada por la parte menos c\u00e9ntrica de la ciudad y luego por el centro hist\u00f3rico. Innsbruck tiene la particularidad de estar rodeada de monta\u00f1as hermosas y ser atravesida por un r\u00edo de aguas verdes. En cada calle hay vistas espectaculares a las monta\u00f1as y el centro hist\u00f3rico es una belleza.<\/p>\n<p><img loading=\"lazy\" decoding=\"async\" class=\"alignnone size-full wp-image-12242\" src=\"https:\/\/quizviajero.com\/blog\/wp-content\/uploads\/2025\/06\/IMG_0739-rotated.jpg\" alt=\"\" width=\"1512\" height=\"2016\" srcset=\"https:\/\/quizviajero.com\/blog\/wp-content\/uploads\/2025\/06\/IMG_0739-rotated.jpg 1512w, https:\/\/quizviajero.com\/blog\/wp-content\/uploads\/2025\/06\/IMG_0739-300x400.jpg 300w, https:\/\/quizviajero.com\/blog\/wp-content\/uploads\/2025\/06\/IMG_0739-768x1024.jpg 768w, https:\/\/quizviajero.com\/blog\/wp-content\/uploads\/2025\/06\/IMG_0739-1152x1536.jpg 1152w\" sizes=\"(max-width: 1512px) 100vw, 1512px\" \/><\/p>\n<p><img loading=\"lazy\" decoding=\"async\" class=\"alignnone size-full wp-image-12245\" src=\"https:\/\/quizviajero.com\/blog\/wp-content\/uploads\/2025\/06\/IMG_0940-rotated.jpg\" alt=\"\" width=\"1512\" height=\"2016\" srcset=\"https:\/\/quizviajero.com\/blog\/wp-content\/uploads\/2025\/06\/IMG_0940-rotated.jpg 1512w, https:\/\/quizviajero.com\/blog\/wp-content\/uploads\/2025\/06\/IMG_0940-300x400.jpg 300w, https:\/\/quizviajero.com\/blog\/wp-content\/uploads\/2025\/06\/IMG_0940-768x1024.jpg 768w, https:\/\/quizviajero.com\/blog\/wp-content\/uploads\/2025\/06\/IMG_0940-1152x1536.jpg 1152w\" sizes=\"(max-width: 1512px) 100vw, 1512px\" \/><\/p>\n<h4>D\u00cdA 7: CASTILLO DE NEUSCHWANSTEIN<\/h4>\n<p>Lo m\u00e1s usual para ir al castillo de Neuschwanstein es hacerlo desde M\u00fanich por el d\u00eda. Pero es mucho m\u00e1s lindo ir desde Innsbruck, ya que el camino atraviesa los Alpes por una ruta esc\u00e9nica espectacular. Por supuesto, para que este tenga sentido, tiene que tocarte un d\u00eda lindo y no fue nuestro caso en la ida. Fuimos al castillo un d\u00eda de lluvia, pero el cielo se abri\u00f3 cuando comenzamos a regresar, as\u00ed que a la vuelta pudimos disfrutar del paisaje. Y m\u00e1s a\u00fan porque un accidente en medio de la ruta nos detuvo durante una hora en medio de los Alpes. Aprovechamos para bajar del micro, respirar aire puro y hacer amistades con otros conductores varados en la ruta.<\/p>\n<p>El castillo de Neuschwanstein es una mega atracci\u00f3n tur\u00edstica que vale la pena m\u00e1s por el entorno que por el castillo en s\u00ed. Los paisajes que lo rodean son indescriptibles, y eso que nos toc\u00f3 un d\u00eda con mal clima.<\/p>\n<p><img loading=\"lazy\" decoding=\"async\" class=\"alignnone size-full wp-image-12243\" src=\"https:\/\/quizviajero.com\/blog\/wp-content\/uploads\/2025\/06\/IMG_0819.jpg\" alt=\"\" width=\"2016\" height=\"1512\" srcset=\"https:\/\/quizviajero.com\/blog\/wp-content\/uploads\/2025\/06\/IMG_0819.jpg 2016w, https:\/\/quizviajero.com\/blog\/wp-content\/uploads\/2025\/06\/IMG_0819-400x300.jpg 400w, https:\/\/quizviajero.com\/blog\/wp-content\/uploads\/2025\/06\/IMG_0819-1024x768.jpg 1024w, https:\/\/quizviajero.com\/blog\/wp-content\/uploads\/2025\/06\/IMG_0819-768x576.jpg 768w, https:\/\/quizviajero.com\/blog\/wp-content\/uploads\/2025\/06\/IMG_0819-1536x1152.jpg 1536w\" sizes=\"(max-width: 2016px) 100vw, 2016px\" \/><\/p>\n<p><img loading=\"lazy\" decoding=\"async\" class=\"alignnone size-full wp-image-12281\" src=\"https:\/\/quizviajero.com\/blog\/wp-content\/uploads\/2025\/06\/IMG_0891-rotated.jpg\" alt=\"\" width=\"1512\" height=\"2016\" srcset=\"https:\/\/quizviajero.com\/blog\/wp-content\/uploads\/2025\/06\/IMG_0891-rotated.jpg 1512w, https:\/\/quizviajero.com\/blog\/wp-content\/uploads\/2025\/06\/IMG_0891-300x400.jpg 300w, https:\/\/quizviajero.com\/blog\/wp-content\/uploads\/2025\/06\/IMG_0891-768x1024.jpg 768w, https:\/\/quizviajero.com\/blog\/wp-content\/uploads\/2025\/06\/IMG_0891-1152x1536.jpg 1152w\" sizes=\"(max-width: 1512px) 100vw, 1512px\" \/><\/p>\n<p>Aprovechamos el accidente para sacarnos una linda foto de grupo.<\/p>\n<p><img loading=\"lazy\" decoding=\"async\" class=\"alignnone size-full wp-image-12282\" src=\"https:\/\/quizviajero.com\/blog\/wp-content\/uploads\/2025\/06\/36e72dfa-c73c-4ced-9aaf-6a6d69b3f60f.jpg\" alt=\"\" width=\"1280\" height=\"591\" srcset=\"https:\/\/quizviajero.com\/blog\/wp-content\/uploads\/2025\/06\/36e72dfa-c73c-4ced-9aaf-6a6d69b3f60f.jpg 1280w, https:\/\/quizviajero.com\/blog\/wp-content\/uploads\/2025\/06\/36e72dfa-c73c-4ced-9aaf-6a6d69b3f60f-400x185.jpg 400w, https:\/\/quizviajero.com\/blog\/wp-content\/uploads\/2025\/06\/36e72dfa-c73c-4ced-9aaf-6a6d69b3f60f-1024x473.jpg 1024w, https:\/\/quizviajero.com\/blog\/wp-content\/uploads\/2025\/06\/36e72dfa-c73c-4ced-9aaf-6a6d69b3f60f-768x355.jpg 768w\" sizes=\"(max-width: 1280px) 100vw, 1280px\" \/><\/p>\n<p>Al regresar a Innsbruck, el cielo se hab\u00eda abierto por completo y tuvimos una tardecita espectacular por las callecitas de la hermosa ciudad.<\/p>\n<h4>D\u00cdA 8: DOLOMITAS<\/h4>\n<p>Muchas personas no saben que Italia tiene una de las zonas m\u00e1s lindas de los Alpes en la regi\u00f3n llamada Trentino Alto Adigio. Es una parte de Italia en la que el idioma principal no es el italiano, sino el alem\u00e1n, ya que perteneci\u00f3 a Austria hasta la Segunda Guerra Mundial. Lo particular de esta zona, y que la hace diferente a otras partes de los Alpes, es que su cadena monta\u00f1osa llamada Dolomitas son formaciones rocosas que le dan un aire muy especial. A nivel paisaj\u00edstico, es una de las zonas m\u00e1s lindas del mundo.<\/p>\n<p>El riesgo de ir a las Dolomitas, como en cualquier regi\u00f3n donde lo atractivo es el paisaje de monta\u00f1as, es que te toque mal clima y no veas nada. Eso nos sucedi\u00f3 el primer d\u00eda de los dos que estuvimos en las Dolomitas.<\/p>\n<p>La ciudad principal del Trentino es Bolzano, hacia all\u00ed nos dirigimos desde Innsbruck. Todo el viaje bajo una lluvia intensa y sin posibilidad de apreciar el paisaje.<\/p>\n<p>Al llegar a Bolzano hicimos una recorrida con gu\u00eda local por la ciudad, tambi\u00e9n bajo la lluvia. Por la tarde ten\u00edamos planeado hacer el primer recorrido paisaj\u00edstico por las monta\u00f1as, pero dado el clima decidimos cambiar de planes y visitar la ciudad\/pueblo de Merano. Un lugar con aguas termales que hac\u00eda de balneario para las diferentes realezas que gobernaron la zona por lo cual tiene construcciones maravillosas.<\/p>\n<p>Al llegar a Merano la lluvia se detuvo y disfrutamos de un lugar espectacular adornado con flores por todas partes.<\/p>\n<p><img loading=\"lazy\" decoding=\"async\" class=\"alignnone size-full wp-image-12246\" src=\"https:\/\/quizviajero.com\/blog\/wp-content\/uploads\/2025\/06\/IMG_1066-rotated.jpg\" alt=\"\" width=\"1512\" height=\"2016\" srcset=\"https:\/\/quizviajero.com\/blog\/wp-content\/uploads\/2025\/06\/IMG_1066-rotated.jpg 1512w, https:\/\/quizviajero.com\/blog\/wp-content\/uploads\/2025\/06\/IMG_1066-300x400.jpg 300w, https:\/\/quizviajero.com\/blog\/wp-content\/uploads\/2025\/06\/IMG_1066-768x1024.jpg 768w, https:\/\/quizviajero.com\/blog\/wp-content\/uploads\/2025\/06\/IMG_1066-1152x1536.jpg 1152w\" sizes=\"(max-width: 1512px) 100vw, 1512px\" \/><\/p>\n<p><img loading=\"lazy\" decoding=\"async\" class=\"alignnone size-full wp-image-12283\" src=\"https:\/\/quizviajero.com\/blog\/wp-content\/uploads\/2025\/06\/IMG_1032.jpg\" alt=\"\" width=\"2016\" height=\"1512\" srcset=\"https:\/\/quizviajero.com\/blog\/wp-content\/uploads\/2025\/06\/IMG_1032.jpg 2016w, https:\/\/quizviajero.com\/blog\/wp-content\/uploads\/2025\/06\/IMG_1032-400x300.jpg 400w, https:\/\/quizviajero.com\/blog\/wp-content\/uploads\/2025\/06\/IMG_1032-1024x768.jpg 1024w, https:\/\/quizviajero.com\/blog\/wp-content\/uploads\/2025\/06\/IMG_1032-768x576.jpg 768w, https:\/\/quizviajero.com\/blog\/wp-content\/uploads\/2025\/06\/IMG_1032-1536x1152.jpg 1536w\" sizes=\"(max-width: 2016px) 100vw, 2016px\" \/><\/p>\n<p><img loading=\"lazy\" decoding=\"async\" class=\"alignnone size-full wp-image-12284\" src=\"https:\/\/quizviajero.com\/blog\/wp-content\/uploads\/2025\/06\/IMG_1044-rotated.jpg\" alt=\"\" width=\"1512\" height=\"2016\" srcset=\"https:\/\/quizviajero.com\/blog\/wp-content\/uploads\/2025\/06\/IMG_1044-rotated.jpg 1512w, https:\/\/quizviajero.com\/blog\/wp-content\/uploads\/2025\/06\/IMG_1044-300x400.jpg 300w, https:\/\/quizviajero.com\/blog\/wp-content\/uploads\/2025\/06\/IMG_1044-768x1024.jpg 768w, https:\/\/quizviajero.com\/blog\/wp-content\/uploads\/2025\/06\/IMG_1044-1152x1536.jpg 1152w\" sizes=\"(max-width: 1512px) 100vw, 1512px\" \/><\/p>\n<p><img loading=\"lazy\" decoding=\"async\" class=\"alignnone size-full wp-image-12285\" src=\"https:\/\/quizviajero.com\/blog\/wp-content\/uploads\/2025\/06\/IMG_1067-rotated.jpg\" alt=\"\" width=\"1512\" height=\"2016\" srcset=\"https:\/\/quizviajero.com\/blog\/wp-content\/uploads\/2025\/06\/IMG_1067-rotated.jpg 1512w, https:\/\/quizviajero.com\/blog\/wp-content\/uploads\/2025\/06\/IMG_1067-300x400.jpg 300w, https:\/\/quizviajero.com\/blog\/wp-content\/uploads\/2025\/06\/IMG_1067-768x1024.jpg 768w, https:\/\/quizviajero.com\/blog\/wp-content\/uploads\/2025\/06\/IMG_1067-1152x1536.jpg 1152w\" sizes=\"(max-width: 1512px) 100vw, 1512px\" \/><\/p>\n<p>Terminamos el d\u00eda con una rica cena Italiana en el hotel de Bolzano con vistas espectaculares de fondo.<\/p>\n<p><img loading=\"lazy\" decoding=\"async\" class=\"alignnone size-full wp-image-12249\" src=\"https:\/\/quizviajero.com\/blog\/wp-content\/uploads\/2025\/06\/IMG_1120.jpg\" alt=\"\" width=\"2016\" height=\"1512\" srcset=\"https:\/\/quizviajero.com\/blog\/wp-content\/uploads\/2025\/06\/IMG_1120.jpg 2016w, https:\/\/quizviajero.com\/blog\/wp-content\/uploads\/2025\/06\/IMG_1120-400x300.jpg 400w, https:\/\/quizviajero.com\/blog\/wp-content\/uploads\/2025\/06\/IMG_1120-1024x768.jpg 1024w, https:\/\/quizviajero.com\/blog\/wp-content\/uploads\/2025\/06\/IMG_1120-768x576.jpg 768w, https:\/\/quizviajero.com\/blog\/wp-content\/uploads\/2025\/06\/IMG_1120-1536x1152.jpg 1536w\" sizes=\"(max-width: 2016px) 100vw, 2016px\" \/><\/p>\n<h4>D\u00cdA 9: DOLOMITAS<\/h4>\n<p>Hicimos cantos y rezos para que este d\u00eda saliera el sol y nuestros deseos funcionaron. Est\u00e1bamos a punto de vivir uno de los d\u00edas viajeros m\u00e1s espectaculares de nuestras vidas.<\/p>\n<p>Partimos temprano con el micro a aprovechar con todo el d\u00eda soleado para hacer distintos circuitos por las Dolomitas, sus paisajes y sus pueblos. Lo que vimos quedar\u00e1 grabado siempre en nuestra memoria.<\/p>\n<p>Primera parada: lago di carezza.<\/p>\n<p><img loading=\"lazy\" decoding=\"async\" class=\"alignnone size-full wp-image-12250\" src=\"https:\/\/quizviajero.com\/blog\/wp-content\/uploads\/2025\/06\/IMG_1185.jpg\" alt=\"\" width=\"2016\" height=\"1512\" srcset=\"https:\/\/quizviajero.com\/blog\/wp-content\/uploads\/2025\/06\/IMG_1185.jpg 2016w, https:\/\/quizviajero.com\/blog\/wp-content\/uploads\/2025\/06\/IMG_1185-400x300.jpg 400w, https:\/\/quizviajero.com\/blog\/wp-content\/uploads\/2025\/06\/IMG_1185-1024x768.jpg 1024w, https:\/\/quizviajero.com\/blog\/wp-content\/uploads\/2025\/06\/IMG_1185-768x576.jpg 768w, https:\/\/quizviajero.com\/blog\/wp-content\/uploads\/2025\/06\/IMG_1185-1536x1152.jpg 1536w\" sizes=\"(max-width: 2016px) 100vw, 2016px\" \/><\/p>\n<p>Sin palabras. La foto no tiene filtros, no est\u00e1 trucada y mi celular ni siquiera es gran cosa.<\/p>\n<p><img loading=\"lazy\" decoding=\"async\" class=\"alignnone size-full wp-image-12286\" src=\"https:\/\/quizviajero.com\/blog\/wp-content\/uploads\/2025\/06\/7f38c33b-fbc7-4e44-a7e4-f960ec31100b.jpg\" alt=\"\" width=\"1280\" height=\"720\" srcset=\"https:\/\/quizviajero.com\/blog\/wp-content\/uploads\/2025\/06\/7f38c33b-fbc7-4e44-a7e4-f960ec31100b.jpg 1280w, https:\/\/quizviajero.com\/blog\/wp-content\/uploads\/2025\/06\/7f38c33b-fbc7-4e44-a7e4-f960ec31100b-400x225.jpg 400w, https:\/\/quizviajero.com\/blog\/wp-content\/uploads\/2025\/06\/7f38c33b-fbc7-4e44-a7e4-f960ec31100b-1024x576.jpg 1024w, https:\/\/quizviajero.com\/blog\/wp-content\/uploads\/2025\/06\/7f38c33b-fbc7-4e44-a7e4-f960ec31100b-768x432.jpg 768w\" sizes=\"(max-width: 1280px) 100vw, 1280px\" \/><\/p>\n<p><img loading=\"lazy\" decoding=\"async\" class=\"alignnone size-full wp-image-12251\" src=\"https:\/\/quizviajero.com\/blog\/wp-content\/uploads\/2025\/06\/IMG_1223-rotated.jpg\" alt=\"\" width=\"1512\" height=\"2016\" srcset=\"https:\/\/quizviajero.com\/blog\/wp-content\/uploads\/2025\/06\/IMG_1223-rotated.jpg 1512w, https:\/\/quizviajero.com\/blog\/wp-content\/uploads\/2025\/06\/IMG_1223-300x400.jpg 300w, https:\/\/quizviajero.com\/blog\/wp-content\/uploads\/2025\/06\/IMG_1223-768x1024.jpg 768w, https:\/\/quizviajero.com\/blog\/wp-content\/uploads\/2025\/06\/IMG_1223-1152x1536.jpg 1152w\" sizes=\"(max-width: 1512px) 100vw, 1512px\" \/><\/p>\n<p><img loading=\"lazy\" decoding=\"async\" class=\"alignnone size-full wp-image-12287\" src=\"https:\/\/quizviajero.com\/blog\/wp-content\/uploads\/2025\/06\/IMG_1240-rotated.jpg\" alt=\"\" width=\"1512\" height=\"2016\" srcset=\"https:\/\/quizviajero.com\/blog\/wp-content\/uploads\/2025\/06\/IMG_1240-rotated.jpg 1512w, https:\/\/quizviajero.com\/blog\/wp-content\/uploads\/2025\/06\/IMG_1240-300x400.jpg 300w, https:\/\/quizviajero.com\/blog\/wp-content\/uploads\/2025\/06\/IMG_1240-768x1024.jpg 768w, https:\/\/quizviajero.com\/blog\/wp-content\/uploads\/2025\/06\/IMG_1240-1152x1536.jpg 1152w\" sizes=\"(max-width: 1512px) 100vw, 1512px\" \/><\/p>\n<p>Segunda parada: Ortisei<\/p>\n<p><img loading=\"lazy\" decoding=\"async\" class=\"alignnone size-full wp-image-12252\" src=\"https:\/\/quizviajero.com\/blog\/wp-content\/uploads\/2025\/06\/IMG_1338.jpg\" alt=\"\" width=\"2016\" height=\"1512\" srcset=\"https:\/\/quizviajero.com\/blog\/wp-content\/uploads\/2025\/06\/IMG_1338.jpg 2016w, https:\/\/quizviajero.com\/blog\/wp-content\/uploads\/2025\/06\/IMG_1338-400x300.jpg 400w, https:\/\/quizviajero.com\/blog\/wp-content\/uploads\/2025\/06\/IMG_1338-1024x768.jpg 1024w, https:\/\/quizviajero.com\/blog\/wp-content\/uploads\/2025\/06\/IMG_1338-768x576.jpg 768w, https:\/\/quizviajero.com\/blog\/wp-content\/uploads\/2025\/06\/IMG_1338-1536x1152.jpg 1536w\" sizes=\"(max-width: 2016px) 100vw, 2016px\" \/><\/p>\n<p><img loading=\"lazy\" decoding=\"async\" class=\"alignnone size-full wp-image-12289\" src=\"https:\/\/quizviajero.com\/blog\/wp-content\/uploads\/2025\/06\/IMG_1300.jpg\" alt=\"\" width=\"2016\" height=\"1512\" srcset=\"https:\/\/quizviajero.com\/blog\/wp-content\/uploads\/2025\/06\/IMG_1300.jpg 2016w, https:\/\/quizviajero.com\/blog\/wp-content\/uploads\/2025\/06\/IMG_1300-400x300.jpg 400w, https:\/\/quizviajero.com\/blog\/wp-content\/uploads\/2025\/06\/IMG_1300-1024x768.jpg 1024w, https:\/\/quizviajero.com\/blog\/wp-content\/uploads\/2025\/06\/IMG_1300-768x576.jpg 768w, https:\/\/quizviajero.com\/blog\/wp-content\/uploads\/2025\/06\/IMG_1300-1536x1152.jpg 1536w\" sizes=\"(max-width: 2016px) 100vw, 2016px\" \/><\/p>\n<p><img loading=\"lazy\" decoding=\"async\" class=\"alignnone size-full wp-image-12290\" src=\"https:\/\/quizviajero.com\/blog\/wp-content\/uploads\/2025\/06\/IMG_1313-1.jpg\" alt=\"\" width=\"2016\" height=\"1512\" srcset=\"https:\/\/quizviajero.com\/blog\/wp-content\/uploads\/2025\/06\/IMG_1313-1.jpg 2016w, https:\/\/quizviajero.com\/blog\/wp-content\/uploads\/2025\/06\/IMG_1313-1-400x300.jpg 400w, https:\/\/quizviajero.com\/blog\/wp-content\/uploads\/2025\/06\/IMG_1313-1-1024x768.jpg 1024w, https:\/\/quizviajero.com\/blog\/wp-content\/uploads\/2025\/06\/IMG_1313-1-768x576.jpg 768w, https:\/\/quizviajero.com\/blog\/wp-content\/uploads\/2025\/06\/IMG_1313-1-1536x1152.jpg 1536w\" sizes=\"(max-width: 2016px) 100vw, 2016px\" \/><\/p>\n<p>Tercera parada: Castelrotto<\/p>\n<p><img loading=\"lazy\" decoding=\"async\" class=\"alignnone size-full wp-image-12253\" src=\"https:\/\/quizviajero.com\/blog\/wp-content\/uploads\/2025\/06\/IMG_1394.jpg\" alt=\"\" width=\"2016\" height=\"1512\" srcset=\"https:\/\/quizviajero.com\/blog\/wp-content\/uploads\/2025\/06\/IMG_1394.jpg 2016w, https:\/\/quizviajero.com\/blog\/wp-content\/uploads\/2025\/06\/IMG_1394-400x300.jpg 400w, https:\/\/quizviajero.com\/blog\/wp-content\/uploads\/2025\/06\/IMG_1394-1024x768.jpg 1024w, https:\/\/quizviajero.com\/blog\/wp-content\/uploads\/2025\/06\/IMG_1394-768x576.jpg 768w, https:\/\/quizviajero.com\/blog\/wp-content\/uploads\/2025\/06\/IMG_1394-1536x1152.jpg 1536w\" sizes=\"(max-width: 2016px) 100vw, 2016px\" \/><\/p>\n<p>Y finalmente regreso a Bolzano pero esta vez sin lluvia.<\/p>\n<p><img loading=\"lazy\" decoding=\"async\" class=\"alignnone size-full wp-image-12291\" src=\"https:\/\/quizviajero.com\/blog\/wp-content\/uploads\/2025\/06\/IMG_1407-rotated.jpg\" alt=\"\" width=\"1512\" height=\"2016\" srcset=\"https:\/\/quizviajero.com\/blog\/wp-content\/uploads\/2025\/06\/IMG_1407-rotated.jpg 1512w, https:\/\/quizviajero.com\/blog\/wp-content\/uploads\/2025\/06\/IMG_1407-300x400.jpg 300w, https:\/\/quizviajero.com\/blog\/wp-content\/uploads\/2025\/06\/IMG_1407-768x1024.jpg 768w, https:\/\/quizviajero.com\/blog\/wp-content\/uploads\/2025\/06\/IMG_1407-1152x1536.jpg 1152w\" sizes=\"(max-width: 1512px) 100vw, 1512px\" \/><\/p>\n<p><img loading=\"lazy\" decoding=\"async\" class=\"alignnone size-full wp-image-12292\" src=\"https:\/\/quizviajero.com\/blog\/wp-content\/uploads\/2025\/06\/IMG_1435-1-rotated.jpg\" alt=\"\" width=\"1512\" height=\"2016\" srcset=\"https:\/\/quizviajero.com\/blog\/wp-content\/uploads\/2025\/06\/IMG_1435-1-rotated.jpg 1512w, https:\/\/quizviajero.com\/blog\/wp-content\/uploads\/2025\/06\/IMG_1435-1-300x400.jpg 300w, https:\/\/quizviajero.com\/blog\/wp-content\/uploads\/2025\/06\/IMG_1435-1-768x1024.jpg 768w, https:\/\/quizviajero.com\/blog\/wp-content\/uploads\/2025\/06\/IMG_1435-1-1152x1536.jpg 1152w\" sizes=\"(max-width: 1512px) 100vw, 1512px\" \/><\/p>\n<p>Y as\u00ed celebr\u00e9 este d\u00eda maravilloso:<\/p>\n<p><img loading=\"lazy\" decoding=\"async\" class=\"alignnone size-full wp-image-12295\" src=\"https:\/\/quizviajero.com\/blog\/wp-content\/uploads\/2025\/06\/IMG_1439-rotated.jpg\" alt=\"\" width=\"1512\" height=\"2016\" srcset=\"https:\/\/quizviajero.com\/blog\/wp-content\/uploads\/2025\/06\/IMG_1439-rotated.jpg 1512w, https:\/\/quizviajero.com\/blog\/wp-content\/uploads\/2025\/06\/IMG_1439-300x400.jpg 300w, https:\/\/quizviajero.com\/blog\/wp-content\/uploads\/2025\/06\/IMG_1439-768x1024.jpg 768w, https:\/\/quizviajero.com\/blog\/wp-content\/uploads\/2025\/06\/IMG_1439-1152x1536.jpg 1152w\" sizes=\"(max-width: 1512px) 100vw, 1512px\" \/><\/p>\n<p>Es muy impresionante, a pesar de estar a pocos kil\u00f3metros de distancia y compartir las mismas monta\u00f1as, idioma y estilo arquitect\u00f3nico de las ciudades y pueblos, c\u00f3mo cambia la onda al estar del lado de Italia que del lado de Austria. La comida se transforma autom\u00e1ticamente en m\u00e1s rica, las ciudades y pueblos tienen vida despu\u00e9s de las 8pm. De hecho, estos lugares del norte de Italia se llenan de alemanes y austr\u00edacos que cruzan a comer rico y a poder hacer algo una vez que caiga el sol.<\/p>\n<h4>D\u00cdAS 10 y 11: LAGO DI GARDA<\/h4>\n<p>El Lago di Garda es uno de los grandes lagos del norte de Italia y es bastante diferente al famoso Lago di Como. Se distingue por ser el m\u00e1s grande de los lagos y por tener una geograf\u00eda muy diferente en la parte norte de la parte sur. En el norte a\u00fan est\u00e1 rodeado de monta\u00f1as y en el sur ya es planicie. Adem\u00e1s, es un lago rodeado de pueblos con caracter\u00edsticas muy diferentes entre s\u00ed.<\/p>\n<p>Al venir del norte (Bolzano) el primer d\u00eda hicimos los pueblos m\u00e1s importantes de la parte norte del lago: Malcesine, Riva y Limone. Cada uno diferente al otro y cada uno con su belleza particular.<\/p>\n<p><img loading=\"lazy\" decoding=\"async\" class=\"alignnone size-full wp-image-12296\" src=\"https:\/\/quizviajero.com\/blog\/wp-content\/uploads\/2025\/06\/IMG_1486-rotated.jpg\" alt=\"\" width=\"1512\" height=\"2016\" srcset=\"https:\/\/quizviajero.com\/blog\/wp-content\/uploads\/2025\/06\/IMG_1486-rotated.jpg 1512w, https:\/\/quizviajero.com\/blog\/wp-content\/uploads\/2025\/06\/IMG_1486-300x400.jpg 300w, https:\/\/quizviajero.com\/blog\/wp-content\/uploads\/2025\/06\/IMG_1486-768x1024.jpg 768w, https:\/\/quizviajero.com\/blog\/wp-content\/uploads\/2025\/06\/IMG_1486-1152x1536.jpg 1152w\" sizes=\"(max-width: 1512px) 100vw, 1512px\" \/><\/p>\n<p><img loading=\"lazy\" decoding=\"async\" class=\"alignnone size-full wp-image-12297\" src=\"https:\/\/quizviajero.com\/blog\/wp-content\/uploads\/2025\/06\/IMG_1505.jpg\" alt=\"\" width=\"2016\" height=\"1512\" srcset=\"https:\/\/quizviajero.com\/blog\/wp-content\/uploads\/2025\/06\/IMG_1505.jpg 2016w, https:\/\/quizviajero.com\/blog\/wp-content\/uploads\/2025\/06\/IMG_1505-400x300.jpg 400w, https:\/\/quizviajero.com\/blog\/wp-content\/uploads\/2025\/06\/IMG_1505-1024x768.jpg 1024w, https:\/\/quizviajero.com\/blog\/wp-content\/uploads\/2025\/06\/IMG_1505-768x576.jpg 768w, https:\/\/quizviajero.com\/blog\/wp-content\/uploads\/2025\/06\/IMG_1505-1536x1152.jpg 1536w\" sizes=\"(max-width: 2016px) 100vw, 2016px\" \/><\/p>\n<p><img loading=\"lazy\" decoding=\"async\" class=\"alignnone size-full wp-image-12298\" src=\"https:\/\/quizviajero.com\/blog\/wp-content\/uploads\/2025\/06\/IMG_1553-rotated.jpg\" alt=\"\" width=\"1512\" height=\"2016\" srcset=\"https:\/\/quizviajero.com\/blog\/wp-content\/uploads\/2025\/06\/IMG_1553-rotated.jpg 1512w, https:\/\/quizviajero.com\/blog\/wp-content\/uploads\/2025\/06\/IMG_1553-300x400.jpg 300w, https:\/\/quizviajero.com\/blog\/wp-content\/uploads\/2025\/06\/IMG_1553-768x1024.jpg 768w, https:\/\/quizviajero.com\/blog\/wp-content\/uploads\/2025\/06\/IMG_1553-1152x1536.jpg 1152w\" sizes=\"(max-width: 1512px) 100vw, 1512px\" \/><\/p>\n<p><img loading=\"lazy\" decoding=\"async\" class=\"alignnone size-full wp-image-12257\" src=\"https:\/\/quizviajero.com\/blog\/wp-content\/uploads\/2025\/06\/IMG_1615-rotated.jpg\" alt=\"\" width=\"1512\" height=\"2016\" srcset=\"https:\/\/quizviajero.com\/blog\/wp-content\/uploads\/2025\/06\/IMG_1615-rotated.jpg 1512w, https:\/\/quizviajero.com\/blog\/wp-content\/uploads\/2025\/06\/IMG_1615-300x400.jpg 300w, https:\/\/quizviajero.com\/blog\/wp-content\/uploads\/2025\/06\/IMG_1615-768x1024.jpg 768w, https:\/\/quizviajero.com\/blog\/wp-content\/uploads\/2025\/06\/IMG_1615-1152x1536.jpg 1152w\" sizes=\"(max-width: 1512px) 100vw, 1512px\" \/><\/p>\n<p><img loading=\"lazy\" decoding=\"async\" class=\"alignnone size-full wp-image-12254\" src=\"https:\/\/quizviajero.com\/blog\/wp-content\/uploads\/2025\/06\/IMG_1588.jpg\" alt=\"\" width=\"2016\" height=\"1512\" srcset=\"https:\/\/quizviajero.com\/blog\/wp-content\/uploads\/2025\/06\/IMG_1588.jpg 2016w, https:\/\/quizviajero.com\/blog\/wp-content\/uploads\/2025\/06\/IMG_1588-400x300.jpg 400w, https:\/\/quizviajero.com\/blog\/wp-content\/uploads\/2025\/06\/IMG_1588-1024x768.jpg 1024w, https:\/\/quizviajero.com\/blog\/wp-content\/uploads\/2025\/06\/IMG_1588-768x576.jpg 768w, https:\/\/quizviajero.com\/blog\/wp-content\/uploads\/2025\/06\/IMG_1588-1536x1152.jpg 1536w\" sizes=\"(max-width: 2016px) 100vw, 2016px\" \/><\/p>\n<p>En el Lagi di Garda es la primera vez en el viaje donde notamos grandes cantidades de turistas.<\/p>\n<p>Al d\u00eda siguiente hicimos los pueblos del sur del lago: Sal\u00f3, Decenzano y el m\u00e1s famoso de todos: Sirmione.<\/p>\n<p><img loading=\"lazy\" decoding=\"async\" class=\"alignnone size-full wp-image-12259\" src=\"https:\/\/quizviajero.com\/blog\/wp-content\/uploads\/2025\/06\/IMG_1703.jpg\" alt=\"\" width=\"2016\" height=\"1512\" srcset=\"https:\/\/quizviajero.com\/blog\/wp-content\/uploads\/2025\/06\/IMG_1703.jpg 2016w, https:\/\/quizviajero.com\/blog\/wp-content\/uploads\/2025\/06\/IMG_1703-400x300.jpg 400w, https:\/\/quizviajero.com\/blog\/wp-content\/uploads\/2025\/06\/IMG_1703-1024x768.jpg 1024w, https:\/\/quizviajero.com\/blog\/wp-content\/uploads\/2025\/06\/IMG_1703-768x576.jpg 768w, https:\/\/quizviajero.com\/blog\/wp-content\/uploads\/2025\/06\/IMG_1703-1536x1152.jpg 1536w\" sizes=\"(max-width: 2016px) 100vw, 2016px\" \/><\/p>\n<p><img loading=\"lazy\" decoding=\"async\" class=\"alignnone size-full wp-image-12260\" src=\"https:\/\/quizviajero.com\/blog\/wp-content\/uploads\/2025\/06\/IMG_1712.jpg\" alt=\"\" width=\"2016\" height=\"1512\" srcset=\"https:\/\/quizviajero.com\/blog\/wp-content\/uploads\/2025\/06\/IMG_1712.jpg 2016w, https:\/\/quizviajero.com\/blog\/wp-content\/uploads\/2025\/06\/IMG_1712-400x300.jpg 400w, https:\/\/quizviajero.com\/blog\/wp-content\/uploads\/2025\/06\/IMG_1712-1024x768.jpg 1024w, https:\/\/quizviajero.com\/blog\/wp-content\/uploads\/2025\/06\/IMG_1712-768x576.jpg 768w, https:\/\/quizviajero.com\/blog\/wp-content\/uploads\/2025\/06\/IMG_1712-1536x1152.jpg 1536w\" sizes=\"(max-width: 2016px) 100vw, 2016px\" \/><\/p>\n<p><img loading=\"lazy\" decoding=\"async\" class=\"alignnone size-full wp-image-12258\" src=\"https:\/\/quizviajero.com\/blog\/wp-content\/uploads\/2025\/06\/IMG_1684.jpg\" alt=\"\" width=\"2016\" height=\"1512\" srcset=\"https:\/\/quizviajero.com\/blog\/wp-content\/uploads\/2025\/06\/IMG_1684.jpg 2016w, https:\/\/quizviajero.com\/blog\/wp-content\/uploads\/2025\/06\/IMG_1684-400x300.jpg 400w, https:\/\/quizviajero.com\/blog\/wp-content\/uploads\/2025\/06\/IMG_1684-1024x768.jpg 1024w, https:\/\/quizviajero.com\/blog\/wp-content\/uploads\/2025\/06\/IMG_1684-768x576.jpg 768w, https:\/\/quizviajero.com\/blog\/wp-content\/uploads\/2025\/06\/IMG_1684-1536x1152.jpg 1536w\" sizes=\"(max-width: 2016px) 100vw, 2016px\" \/><\/p>\n<p>En este d\u00eda del viaje, ya hab\u00edamos abandonado los Alpes.<\/p>\n<h4>D\u00cdA 12: VERONA<\/h4>\n<p>A solo 20 kms de la parte sur del lago se encuentra la maravillosa Verona, ciudad a la que fuimos a visitar por el d\u00eda desde el hotel del Lago di Garda.<\/p>\n<p>Verona es una de las ciudades m\u00e1s lindas y espectaculares de Italia y lo peor que tiene es su punto m\u00e1s famoso: el balc\u00f3n de Julieta. Es una pena que Verona sea conocida por Romeo y Julieta y no por su historia y patrimonio arquitect\u00f3nico.<\/p>\n<p><img loading=\"lazy\" decoding=\"async\" class=\"alignnone size-full wp-image-12261\" src=\"https:\/\/quizviajero.com\/blog\/wp-content\/uploads\/2025\/06\/IMG_1775-rotated.jpg\" alt=\"\" width=\"1512\" height=\"2016\" srcset=\"https:\/\/quizviajero.com\/blog\/wp-content\/uploads\/2025\/06\/IMG_1775-rotated.jpg 1512w, https:\/\/quizviajero.com\/blog\/wp-content\/uploads\/2025\/06\/IMG_1775-300x400.jpg 300w, https:\/\/quizviajero.com\/blog\/wp-content\/uploads\/2025\/06\/IMG_1775-768x1024.jpg 768w, https:\/\/quizviajero.com\/blog\/wp-content\/uploads\/2025\/06\/IMG_1775-1152x1536.jpg 1152w\" sizes=\"(max-width: 1512px) 100vw, 1512px\" \/><\/p>\n<p><img loading=\"lazy\" decoding=\"async\" class=\"alignnone size-full wp-image-12262\" src=\"https:\/\/quizviajero.com\/blog\/wp-content\/uploads\/2025\/06\/IMG_1787-rotated.jpg\" alt=\"\" width=\"1512\" height=\"2016\" srcset=\"https:\/\/quizviajero.com\/blog\/wp-content\/uploads\/2025\/06\/IMG_1787-rotated.jpg 1512w, https:\/\/quizviajero.com\/blog\/wp-content\/uploads\/2025\/06\/IMG_1787-300x400.jpg 300w, https:\/\/quizviajero.com\/blog\/wp-content\/uploads\/2025\/06\/IMG_1787-768x1024.jpg 768w, https:\/\/quizviajero.com\/blog\/wp-content\/uploads\/2025\/06\/IMG_1787-1152x1536.jpg 1152w\" sizes=\"(max-width: 1512px) 100vw, 1512px\" \/><\/p>\n<p>Algunos fuimos a almorzar a un restaurante que conocimos de casualidad y result\u00f3 uno de los mejores lugares donde comimos en Italia. Lo dejo aqu\u00ed como recomendaci\u00f3n por si alguna vez andan por Verona. Y si van a este restaurante, no dejen de ir al ba\u00f1o en el subsuelo. Se encontrar\u00e1n con una vinoteca espectacular.<\/p>\n<p><img loading=\"lazy\" decoding=\"async\" class=\"alignnone size-full wp-image-12299\" src=\"https:\/\/quizviajero.com\/blog\/wp-content\/uploads\/2025\/06\/IMG_1795-rotated.jpg\" alt=\"\" width=\"1512\" height=\"2016\" srcset=\"https:\/\/quizviajero.com\/blog\/wp-content\/uploads\/2025\/06\/IMG_1795-rotated.jpg 1512w, https:\/\/quizviajero.com\/blog\/wp-content\/uploads\/2025\/06\/IMG_1795-300x400.jpg 300w, https:\/\/quizviajero.com\/blog\/wp-content\/uploads\/2025\/06\/IMG_1795-768x1024.jpg 768w, https:\/\/quizviajero.com\/blog\/wp-content\/uploads\/2025\/06\/IMG_1795-1152x1536.jpg 1152w\" sizes=\"(max-width: 1512px) 100vw, 1512px\" \/><\/p>\n<p><img loading=\"lazy\" decoding=\"async\" class=\"alignnone size-full wp-image-12300\" src=\"https:\/\/quizviajero.com\/blog\/wp-content\/uploads\/2025\/06\/IMG_1801.jpg\" alt=\"\" width=\"2016\" height=\"1512\" srcset=\"https:\/\/quizviajero.com\/blog\/wp-content\/uploads\/2025\/06\/IMG_1801.jpg 2016w, https:\/\/quizviajero.com\/blog\/wp-content\/uploads\/2025\/06\/IMG_1801-400x300.jpg 400w, https:\/\/quizviajero.com\/blog\/wp-content\/uploads\/2025\/06\/IMG_1801-1024x768.jpg 1024w, https:\/\/quizviajero.com\/blog\/wp-content\/uploads\/2025\/06\/IMG_1801-768x576.jpg 768w, https:\/\/quizviajero.com\/blog\/wp-content\/uploads\/2025\/06\/IMG_1801-1536x1152.jpg 1536w\" sizes=\"(max-width: 2016px) 100vw, 2016px\" \/><\/p>\n<p><img loading=\"lazy\" decoding=\"async\" class=\"alignnone size-full wp-image-12301\" src=\"https:\/\/quizviajero.com\/blog\/wp-content\/uploads\/2025\/06\/IMG_1803-rotated.jpg\" alt=\"\" width=\"1512\" height=\"2016\" srcset=\"https:\/\/quizviajero.com\/blog\/wp-content\/uploads\/2025\/06\/IMG_1803-rotated.jpg 1512w, https:\/\/quizviajero.com\/blog\/wp-content\/uploads\/2025\/06\/IMG_1803-300x400.jpg 300w, https:\/\/quizviajero.com\/blog\/wp-content\/uploads\/2025\/06\/IMG_1803-768x1024.jpg 768w, https:\/\/quizviajero.com\/blog\/wp-content\/uploads\/2025\/06\/IMG_1803-1152x1536.jpg 1152w\" sizes=\"(max-width: 1512px) 100vw, 1512px\" \/><\/p>\n<h4>D\u00cdA 13: MANTOVA &#8211; BOLOGNA<\/h4>\n<p>Lleg\u00f3 el d\u00eda de ir a nuestro destino final: Bologna. Pero en el camino paramos por una de las joyas ocultas de Italia: Mantova.<\/p>\n<p>Mantova es una peque\u00f1a ciudad del norte de Italia con tremenda riqueza cultural, con un centro hist\u00f3rico precioso y es considerada una de las ciudades donde mejor se come en Italia.<\/p>\n<p>Comenzamos la visita con gu\u00edas locales recorriendo el Palacio Ducal, algo que recomiendo much\u00edsimo hacer si se visita la ciudad. El Palacio Ducal es el mayor complejo arquitect\u00f3nico y muse\u00edstico de Italia. Es adem\u00e1s Patrimonio de la UNESCO. Adem\u00e1s de su monumentalidad arquitect\u00f3nica, cuenta con obras de arte de primera magnitud de artistas como Pisanello, Mantegna y Rubens.<\/p>\n<p><img loading=\"lazy\" decoding=\"async\" class=\"alignnone size-full wp-image-12302\" src=\"https:\/\/quizviajero.com\/blog\/wp-content\/uploads\/2025\/06\/IMG_1825-rotated.jpg\" alt=\"\" width=\"1512\" height=\"2016\" srcset=\"https:\/\/quizviajero.com\/blog\/wp-content\/uploads\/2025\/06\/IMG_1825-rotated.jpg 1512w, https:\/\/quizviajero.com\/blog\/wp-content\/uploads\/2025\/06\/IMG_1825-300x400.jpg 300w, https:\/\/quizviajero.com\/blog\/wp-content\/uploads\/2025\/06\/IMG_1825-768x1024.jpg 768w, https:\/\/quizviajero.com\/blog\/wp-content\/uploads\/2025\/06\/IMG_1825-1152x1536.jpg 1152w\" sizes=\"(max-width: 1512px) 100vw, 1512px\" \/><\/p>\n<p><img loading=\"lazy\" decoding=\"async\" class=\"alignnone size-full wp-image-12303\" src=\"https:\/\/quizviajero.com\/blog\/wp-content\/uploads\/2025\/06\/IMG_1829-rotated.jpg\" alt=\"\" width=\"1512\" height=\"2016\" srcset=\"https:\/\/quizviajero.com\/blog\/wp-content\/uploads\/2025\/06\/IMG_1829-rotated.jpg 1512w, https:\/\/quizviajero.com\/blog\/wp-content\/uploads\/2025\/06\/IMG_1829-300x400.jpg 300w, https:\/\/quizviajero.com\/blog\/wp-content\/uploads\/2025\/06\/IMG_1829-768x1024.jpg 768w, https:\/\/quizviajero.com\/blog\/wp-content\/uploads\/2025\/06\/IMG_1829-1152x1536.jpg 1152w\" sizes=\"(max-width: 1512px) 100vw, 1512px\" \/><\/p>\n<p><img loading=\"lazy\" decoding=\"async\" class=\"alignnone size-full wp-image-12304\" src=\"https:\/\/quizviajero.com\/blog\/wp-content\/uploads\/2025\/06\/IMG_1838.jpg\" alt=\"\" width=\"2016\" height=\"1512\" srcset=\"https:\/\/quizviajero.com\/blog\/wp-content\/uploads\/2025\/06\/IMG_1838.jpg 2016w, https:\/\/quizviajero.com\/blog\/wp-content\/uploads\/2025\/06\/IMG_1838-400x300.jpg 400w, https:\/\/quizviajero.com\/blog\/wp-content\/uploads\/2025\/06\/IMG_1838-1024x768.jpg 1024w, https:\/\/quizviajero.com\/blog\/wp-content\/uploads\/2025\/06\/IMG_1838-768x576.jpg 768w, https:\/\/quizviajero.com\/blog\/wp-content\/uploads\/2025\/06\/IMG_1838-1536x1152.jpg 1536w\" sizes=\"(max-width: 2016px) 100vw, 2016px\" \/><\/p>\n<p>Luego hicimos una recorrida por el centro hist\u00f3rico y por supuesto, fuimos a comer.<\/p>\n<p><img loading=\"lazy\" decoding=\"async\" class=\"alignnone size-full wp-image-12305\" src=\"https:\/\/quizviajero.com\/blog\/wp-content\/uploads\/2025\/06\/IMG_1866-rotated.jpg\" alt=\"\" width=\"1512\" height=\"2016\" srcset=\"https:\/\/quizviajero.com\/blog\/wp-content\/uploads\/2025\/06\/IMG_1866-rotated.jpg 1512w, https:\/\/quizviajero.com\/blog\/wp-content\/uploads\/2025\/06\/IMG_1866-300x400.jpg 300w, https:\/\/quizviajero.com\/blog\/wp-content\/uploads\/2025\/06\/IMG_1866-768x1024.jpg 768w, https:\/\/quizviajero.com\/blog\/wp-content\/uploads\/2025\/06\/IMG_1866-1152x1536.jpg 1152w\" sizes=\"(max-width: 1512px) 100vw, 1512px\" \/><\/p>\n<p><img loading=\"lazy\" decoding=\"async\" class=\"alignnone size-full wp-image-12306\" src=\"https:\/\/quizviajero.com\/blog\/wp-content\/uploads\/2025\/06\/IMG_1862-1-rotated.jpg\" alt=\"\" width=\"1512\" height=\"2016\" srcset=\"https:\/\/quizviajero.com\/blog\/wp-content\/uploads\/2025\/06\/IMG_1862-1-rotated.jpg 1512w, https:\/\/quizviajero.com\/blog\/wp-content\/uploads\/2025\/06\/IMG_1862-1-300x400.jpg 300w, https:\/\/quizviajero.com\/blog\/wp-content\/uploads\/2025\/06\/IMG_1862-1-768x1024.jpg 768w, https:\/\/quizviajero.com\/blog\/wp-content\/uploads\/2025\/06\/IMG_1862-1-1152x1536.jpg 1152w\" sizes=\"(max-width: 1512px) 100vw, 1512px\" \/><\/p>\n<p>Mantova a\u00fan no sufre la invasi\u00f3n de turistas, hay que visitarla antes de que sea tarde.<\/p>\n<p>Luego de la visita a Mantova, seguimos viaje hasta llegar a la hermosa Bologna.<\/p>\n<h4>DIA 14: BOLOGNA<\/h4>\n<p>Cuando dise\u00f1amos el viaje junto a Divercity Travel, tuvimos discusiones sobre d\u00f3nde terminar el recorrido. Lo l\u00f3gico hubiera sido hacerlo en Venecia o Florencia. Ciudades top del mundo con garant\u00eda de que a todos les iba a encantar. Pero la idea de este viaje era conocer lugares hermosos de Europa y no tan visitados, incluso por viajeros frecuentes que tuvieron la oportunidad de recorrer Europa muchas veces a lo largo de su vida.<\/p>\n<p>Desde que conoc\u00ed Bologna me enamor\u00e9 de esa ciudad y siempre me cost\u00f3 entender por qu\u00e9 se la visita tan poco. En realidad el turismo pasa de largo entre Florencia y Venencia y a lo sumo se la recorre solo un par de horas.<\/p>\n<p>Me mantuve firme en la decisi\u00f3n arriesgada de finalizar este viaje en Bologna, manteniendo la idea de original de ir a lugares poco conocidos y sabiendo que quienes quisieran ir a Venecia o Florencia podr\u00edan hacerlo en el d\u00eda libre o incluso finalizada la parte grupal del viaje.<\/p>\n<p>Por suerte, a la mayor\u00eda del grupo les sorprendi\u00f3 y encant\u00f3 la ciudad. Es que no hay forma de no amarla.<\/p>\n<p>Por la ma\u00f1ana hicimos la visita gu\u00edada por los puntos m\u00e1s importantes incluyendo su famosa universidad (la primera del mundo). Pero mi secreto en Bologna es perderse por su calles, descubrir sus rincones, caminar por su p\u00f3rticos, y comer algo en cada lugar. No hay lugar de Italia donde se coma m\u00e1s rico que en Bologna.<\/p>\n<p><img loading=\"lazy\" decoding=\"async\" class=\"alignnone size-full wp-image-12309\" src=\"https:\/\/quizviajero.com\/blog\/wp-content\/uploads\/2025\/06\/IMG_1996-1-rotated.jpg\" alt=\"\" width=\"1512\" height=\"2016\" srcset=\"https:\/\/quizviajero.com\/blog\/wp-content\/uploads\/2025\/06\/IMG_1996-1-rotated.jpg 1512w, https:\/\/quizviajero.com\/blog\/wp-content\/uploads\/2025\/06\/IMG_1996-1-300x400.jpg 300w, https:\/\/quizviajero.com\/blog\/wp-content\/uploads\/2025\/06\/IMG_1996-1-768x1024.jpg 768w, https:\/\/quizviajero.com\/blog\/wp-content\/uploads\/2025\/06\/IMG_1996-1-1152x1536.jpg 1152w\" sizes=\"(max-width: 1512px) 100vw, 1512px\" \/><\/p>\n<p><img loading=\"lazy\" decoding=\"async\" class=\"alignnone size-full wp-image-12308\" src=\"https:\/\/quizviajero.com\/blog\/wp-content\/uploads\/2025\/06\/IMG_1994-1-rotated.jpg\" alt=\"\" width=\"1512\" height=\"2016\" srcset=\"https:\/\/quizviajero.com\/blog\/wp-content\/uploads\/2025\/06\/IMG_1994-1-rotated.jpg 1512w, https:\/\/quizviajero.com\/blog\/wp-content\/uploads\/2025\/06\/IMG_1994-1-300x400.jpg 300w, https:\/\/quizviajero.com\/blog\/wp-content\/uploads\/2025\/06\/IMG_1994-1-768x1024.jpg 768w, https:\/\/quizviajero.com\/blog\/wp-content\/uploads\/2025\/06\/IMG_1994-1-1152x1536.jpg 1152w\" sizes=\"(max-width: 1512px) 100vw, 1512px\" \/><\/p>\n<p><img loading=\"lazy\" decoding=\"async\" class=\"alignnone size-full wp-image-12307\" src=\"https:\/\/quizviajero.com\/blog\/wp-content\/uploads\/2025\/06\/IMG_1962-1-rotated.jpg\" alt=\"\" width=\"1512\" height=\"2016\" srcset=\"https:\/\/quizviajero.com\/blog\/wp-content\/uploads\/2025\/06\/IMG_1962-1-rotated.jpg 1512w, https:\/\/quizviajero.com\/blog\/wp-content\/uploads\/2025\/06\/IMG_1962-1-300x400.jpg 300w, https:\/\/quizviajero.com\/blog\/wp-content\/uploads\/2025\/06\/IMG_1962-1-768x1024.jpg 768w, https:\/\/quizviajero.com\/blog\/wp-content\/uploads\/2025\/06\/IMG_1962-1-1152x1536.jpg 1152w\" sizes=\"(max-width: 1512px) 100vw, 1512px\" \/><\/p>\n<p>Si bien la tarde de ese d\u00eda era libre, convocamos a todos a juntarnos a las 18hs para una sorpresa y fuimos juntos hasta un bar a beber ricos vinos, picada espectacular y otras cosas deliciosas en medio de una callecita de Bologna. Fue un momento hermoso del viaje y del grupo.<\/p>\n<p><img loading=\"lazy\" decoding=\"async\" class=\"alignnone size-full wp-image-12310\" src=\"https:\/\/quizviajero.com\/blog\/wp-content\/uploads\/2025\/06\/IMG_2045-1.jpg\" alt=\"\" width=\"2016\" height=\"1512\" srcset=\"https:\/\/quizviajero.com\/blog\/wp-content\/uploads\/2025\/06\/IMG_2045-1.jpg 2016w, https:\/\/quizviajero.com\/blog\/wp-content\/uploads\/2025\/06\/IMG_2045-1-400x300.jpg 400w, https:\/\/quizviajero.com\/blog\/wp-content\/uploads\/2025\/06\/IMG_2045-1-1024x768.jpg 1024w, https:\/\/quizviajero.com\/blog\/wp-content\/uploads\/2025\/06\/IMG_2045-1-768x576.jpg 768w, https:\/\/quizviajero.com\/blog\/wp-content\/uploads\/2025\/06\/IMG_2045-1-1536x1152.jpg 1536w\" sizes=\"(max-width: 2016px) 100vw, 2016px\" \/><\/p>\n<p>Aqu\u00ed con Hern\u00e1n de Divercity Travel, dando palabras emotivas de despedida.<\/p>\n<p><img loading=\"lazy\" decoding=\"async\" class=\"alignnone size-full wp-image-12314\" src=\"https:\/\/quizviajero.com\/blog\/wp-content\/uploads\/2025\/06\/e01e605a-b7dc-4bcb-aac9-d4fbbb4893ad.jpg\" alt=\"\" width=\"960\" height=\"1280\" srcset=\"https:\/\/quizviajero.com\/blog\/wp-content\/uploads\/2025\/06\/e01e605a-b7dc-4bcb-aac9-d4fbbb4893ad.jpg 960w, https:\/\/quizviajero.com\/blog\/wp-content\/uploads\/2025\/06\/e01e605a-b7dc-4bcb-aac9-d4fbbb4893ad-300x400.jpg 300w, https:\/\/quizviajero.com\/blog\/wp-content\/uploads\/2025\/06\/e01e605a-b7dc-4bcb-aac9-d4fbbb4893ad-768x1024.jpg 768w\" sizes=\"(max-width: 960px) 100vw, 960px\" \/><\/p>\n<p><img loading=\"lazy\" decoding=\"async\" class=\"alignnone size-full wp-image-12315\" src=\"https:\/\/quizviajero.com\/blog\/wp-content\/uploads\/2025\/06\/IMG_2039.jpg\" alt=\"\" width=\"2016\" height=\"1512\" srcset=\"https:\/\/quizviajero.com\/blog\/wp-content\/uploads\/2025\/06\/IMG_2039.jpg 2016w, https:\/\/quizviajero.com\/blog\/wp-content\/uploads\/2025\/06\/IMG_2039-400x300.jpg 400w, https:\/\/quizviajero.com\/blog\/wp-content\/uploads\/2025\/06\/IMG_2039-1024x768.jpg 1024w, https:\/\/quizviajero.com\/blog\/wp-content\/uploads\/2025\/06\/IMG_2039-768x576.jpg 768w, https:\/\/quizviajero.com\/blog\/wp-content\/uploads\/2025\/06\/IMG_2039-1536x1152.jpg 1536w\" sizes=\"(max-width: 2016px) 100vw, 2016px\" \/><\/p>\n<p>Luego, varios del grupo, nos fuimos a pasear por Bologna de noche y a tomar un rico helado.<\/p>\n<p><img loading=\"lazy\" decoding=\"async\" class=\"alignnone size-full wp-image-12316\" src=\"https:\/\/quizviajero.com\/blog\/wp-content\/uploads\/2025\/06\/IMG_2059-rotated.jpg\" alt=\"\" width=\"1512\" height=\"2016\" srcset=\"https:\/\/quizviajero.com\/blog\/wp-content\/uploads\/2025\/06\/IMG_2059-rotated.jpg 1512w, https:\/\/quizviajero.com\/blog\/wp-content\/uploads\/2025\/06\/IMG_2059-300x400.jpg 300w, https:\/\/quizviajero.com\/blog\/wp-content\/uploads\/2025\/06\/IMG_2059-768x1024.jpg 768w, https:\/\/quizviajero.com\/blog\/wp-content\/uploads\/2025\/06\/IMG_2059-1152x1536.jpg 1152w\" sizes=\"(max-width: 1512px) 100vw, 1512px\" \/><\/p>\n<p><img loading=\"lazy\" decoding=\"async\" class=\"alignnone size-full wp-image-12317\" src=\"https:\/\/quizviajero.com\/blog\/wp-content\/uploads\/2025\/06\/IMG_2066-rotated.jpg\" alt=\"\" width=\"1512\" height=\"2016\" srcset=\"https:\/\/quizviajero.com\/blog\/wp-content\/uploads\/2025\/06\/IMG_2066-rotated.jpg 1512w, https:\/\/quizviajero.com\/blog\/wp-content\/uploads\/2025\/06\/IMG_2066-300x400.jpg 300w, https:\/\/quizviajero.com\/blog\/wp-content\/uploads\/2025\/06\/IMG_2066-768x1024.jpg 768w, https:\/\/quizviajero.com\/blog\/wp-content\/uploads\/2025\/06\/IMG_2066-1152x1536.jpg 1152w\" sizes=\"(max-width: 1512px) 100vw, 1512px\" \/><\/p>\n<p><img loading=\"lazy\" decoding=\"async\" class=\"alignnone size-full wp-image-12318\" src=\"https:\/\/quizviajero.com\/blog\/wp-content\/uploads\/2025\/06\/IMG_2083-rotated.jpg\" alt=\"\" width=\"1512\" height=\"2016\" srcset=\"https:\/\/quizviajero.com\/blog\/wp-content\/uploads\/2025\/06\/IMG_2083-rotated.jpg 1512w, https:\/\/quizviajero.com\/blog\/wp-content\/uploads\/2025\/06\/IMG_2083-300x400.jpg 300w, https:\/\/quizviajero.com\/blog\/wp-content\/uploads\/2025\/06\/IMG_2083-768x1024.jpg 768w, https:\/\/quizviajero.com\/blog\/wp-content\/uploads\/2025\/06\/IMG_2083-1152x1536.jpg 1152w\" sizes=\"(max-width: 1512px) 100vw, 1512px\" \/><\/p>\n<h4>D\u00cdA 15: BOLOGNA. DIA LIBRE<\/h4>\n<p>En nuestros viajes grupales nos gusta no correr y dar d\u00edas libres. Este viaje, al ser una especie de roadtrip, fue especial y el primer d\u00eda libre completo fue el \u00faltimo del viaje. M\u00e1s all\u00e1 de que en la noche ten\u00edamos programado una cena de despedida.<\/p>\n<p>En el d\u00eda libre, algunos aprovecharon para ir a Venecia, otros para ir a Florencia, varios fierreros fueron a hacer un tour por el Motor Valley en las cercan\u00edas de M\u00f3dena y muchos nos quedamos en Bologna recorriendo sus calles o haciendo compras.<\/p>\n<p><img loading=\"lazy\" decoding=\"async\" class=\"alignnone size-full wp-image-12321\" src=\"https:\/\/quizviajero.com\/blog\/wp-content\/uploads\/2025\/06\/IMG_2138-rotated.jpg\" alt=\"\" width=\"1512\" height=\"2016\" srcset=\"https:\/\/quizviajero.com\/blog\/wp-content\/uploads\/2025\/06\/IMG_2138-rotated.jpg 1512w, https:\/\/quizviajero.com\/blog\/wp-content\/uploads\/2025\/06\/IMG_2138-300x400.jpg 300w, https:\/\/quizviajero.com\/blog\/wp-content\/uploads\/2025\/06\/IMG_2138-768x1024.jpg 768w, https:\/\/quizviajero.com\/blog\/wp-content\/uploads\/2025\/06\/IMG_2138-1152x1536.jpg 1152w\" sizes=\"(max-width: 1512px) 100vw, 1512px\" \/><\/p>\n<p><img loading=\"lazy\" decoding=\"async\" class=\"alignnone size-full wp-image-12322\" src=\"https:\/\/quizviajero.com\/blog\/wp-content\/uploads\/2025\/06\/IMG_2141-rotated.jpg\" alt=\"\" width=\"1512\" height=\"2016\" srcset=\"https:\/\/quizviajero.com\/blog\/wp-content\/uploads\/2025\/06\/IMG_2141-rotated.jpg 1512w, https:\/\/quizviajero.com\/blog\/wp-content\/uploads\/2025\/06\/IMG_2141-300x400.jpg 300w, https:\/\/quizviajero.com\/blog\/wp-content\/uploads\/2025\/06\/IMG_2141-768x1024.jpg 768w, https:\/\/quizviajero.com\/blog\/wp-content\/uploads\/2025\/06\/IMG_2141-1152x1536.jpg 1152w\" sizes=\"(max-width: 1512px) 100vw, 1512px\" \/><\/p>\n<p><img loading=\"lazy\" decoding=\"async\" class=\"alignnone size-full wp-image-12323\" src=\"https:\/\/quizviajero.com\/blog\/wp-content\/uploads\/2025\/06\/IMG_2149-rotated.jpg\" alt=\"\" width=\"1512\" height=\"2016\" srcset=\"https:\/\/quizviajero.com\/blog\/wp-content\/uploads\/2025\/06\/IMG_2149-rotated.jpg 1512w, https:\/\/quizviajero.com\/blog\/wp-content\/uploads\/2025\/06\/IMG_2149-300x400.jpg 300w, https:\/\/quizviajero.com\/blog\/wp-content\/uploads\/2025\/06\/IMG_2149-768x1024.jpg 768w, https:\/\/quizviajero.com\/blog\/wp-content\/uploads\/2025\/06\/IMG_2149-1152x1536.jpg 1152w\" sizes=\"(max-width: 1512px) 100vw, 1512px\" \/><\/p>\n<p>Y finalmente, en la noche, fuimos a la cena despedida.<\/p>\n<p><img loading=\"lazy\" decoding=\"async\" class=\"alignnone size-full wp-image-12324\" src=\"https:\/\/quizviajero.com\/blog\/wp-content\/uploads\/2025\/06\/IMG_2198-2-rotated.jpg\" alt=\"\" width=\"1512\" height=\"2016\" srcset=\"https:\/\/quizviajero.com\/blog\/wp-content\/uploads\/2025\/06\/IMG_2198-2-rotated.jpg 1512w, https:\/\/quizviajero.com\/blog\/wp-content\/uploads\/2025\/06\/IMG_2198-2-300x400.jpg 300w, https:\/\/quizviajero.com\/blog\/wp-content\/uploads\/2025\/06\/IMG_2198-2-768x1024.jpg 768w, https:\/\/quizviajero.com\/blog\/wp-content\/uploads\/2025\/06\/IMG_2198-2-1152x1536.jpg 1152w\" sizes=\"(max-width: 1512px) 100vw, 1512px\" \/><\/p>\n<p><img loading=\"lazy\" decoding=\"async\" class=\"alignnone size-full wp-image-12325\" src=\"https:\/\/quizviajero.com\/blog\/wp-content\/uploads\/2025\/06\/IMG_2205-2-rotated.jpg\" alt=\"\" width=\"1512\" height=\"2016\" srcset=\"https:\/\/quizviajero.com\/blog\/wp-content\/uploads\/2025\/06\/IMG_2205-2-rotated.jpg 1512w, https:\/\/quizviajero.com\/blog\/wp-content\/uploads\/2025\/06\/IMG_2205-2-300x400.jpg 300w, https:\/\/quizviajero.com\/blog\/wp-content\/uploads\/2025\/06\/IMG_2205-2-768x1024.jpg 768w, https:\/\/quizviajero.com\/blog\/wp-content\/uploads\/2025\/06\/IMG_2205-2-1152x1536.jpg 1152w\" sizes=\"(max-width: 1512px) 100vw, 1512px\" \/><\/p>\n<h4>D\u00cdA 16: FIN DE VIAJE<\/h4>\n<p>Algunos nos volvimos a Argentina y otros siguieron su curso viando por Italia y Europa.<\/p>\n<h3>CONCLUSIONES<\/h3>\n<p>El itinerario result\u00f3 espectacular, visitamos lugares increibles de Europa y no tan habituales para el turismo de Am\u00e9rica Latina. El clima nos acompa\u00f1\u00f3. Tuvimos un solo d\u00eda casi completo de lluvia. Armamos los viajes por Europa en abril\/mayo o septiembre\/octubre porque consideramos que es la mejor \u00e9poca para conocerla, sin fr\u00edo ni calor y con pocos d\u00edas de lluvia.<\/p>\n<p>El grupo fue estupendo. Si bien eso muchas veces depende de la suerte, nosotros hacemos lo posible para que haya buena onda entre todos sin obligar a nadie a hacerse amigos y dar espacio para el encuentro y las risas.<\/p>\n<p>De mi parte, volv\u00ed feliz, y creo que es tambi\u00e9n fue el sentir de todos los que formaron parte del viaje.<\/p>\n<p>Muchas gracias Divercity Travel, especialmente a Hern\u00e1n, a todo Ram\u00e9 Travel y especialmente a las 30 personas que decidieron confiar en nuestra propuesta de viaje. El destino nos uni\u00f3 durante 16 d\u00edas y tal vez nos vuelva a encontrar o tal vez no, pero el recuerdo de lo vivido juntos quedar\u00e1 por siempre.<\/p>\n<p>De eso se trata viajar.<\/p>\n<p><img loading=\"lazy\" decoding=\"async\" class=\"alignnone size-full wp-image-12234\" src=\"https:\/\/quizviajero.com\/blog\/wp-content\/uploads\/2025\/06\/57b3c0ba-30b3-47ce-8b18-212401971baf.jpg\" alt=\"\" width=\"1280\" height=\"960\" srcset=\"https:\/\/quizviajero.com\/blog\/wp-content\/uploads\/2025\/06\/57b3c0ba-30b3-47ce-8b18-212401971baf.jpg 1280w, https:\/\/quizviajero.com\/blog\/wp-content\/uploads\/2025\/06\/57b3c0ba-30b3-47ce-8b18-212401971baf-400x300.jpg 400w, https:\/\/quizviajero.com\/blog\/wp-content\/uploads\/2025\/06\/57b3c0ba-30b3-47ce-8b18-212401971baf-1024x768.jpg 1024w, https:\/\/quizviajero.com\/blog\/wp-content\/uploads\/2025\/06\/57b3c0ba-30b3-47ce-8b18-212401971baf-768x576.jpg 768w\" sizes=\"(max-width: 1280px) 100vw, 1280px\" \/><\/p>\n","protected":false},"excerpt":{"rendered":"<p>Reci\u00e9n regresados de otro inolvidable viaje grupal que organizamos junto a Divercity Travel y Ram\u00e9 Travel por los Alpes y un poco m\u00e1s, aqu\u00ed va el resumen del mismo. FECHAS DE VIAJE: Del 15 al 30 de mayo de 2025. ITINERARIO: 3 noches en M\u00fanich 2 noches en Salzburgo 2 noches en Innsbruck 2 noches en Bolzano 3 noches en el Lago di Garda 3 noches en Bologna GRUPO: 30 personas m\u00e1s 2 gu\u00edas fijos y 1 gu\u00eda local en cada una de las paradas. BIT\u00c1CORA DE VIAJE D\u00cdA 1: LLEGADA A M\u00daNICH La idea de este viaje era hacer un circuito in\u00e9dito (que no exista en la oferta de viajes grupales) para cruzar los Alpes por Austria y terminar en una de las zonas m\u00e1s lindas y menos visitadas del norte de Italia. M\u00fanich era el punto de partida o la ciudad de entrada al circuito, ya que est\u00e1 muy cerca de Salzburgo y tiene un aeropuerto con muy buenas conexiones. El primer d\u00eda fue de llegada. 15 personas viajamos juntas desde Buenos Aires con Lufthansa v\u00eda Frankfurt. Los otros 15 viajaron por otros medios, ya que se encontraban en Europa desde unos d\u00edas antes. Al llegar, todos hicimos una breve reuni\u00f3n en el hotel y partimos hacia la cena de bienvenida en un restaurante de comida t\u00edpica de esa zona de Alemania. D\u00cdA 2: CENTRO HIST\u00d3RICO DE M\u00daNICH El d\u00eda 2 partimos a la ma\u00f1ana para hacer una recorrida en micro con gu\u00eda local por algunas zonas de Munich y luego bajamos en el centro hist\u00f3rico para recorrerlo y conocerlo. Como toda ciudad grande de Alemania, M\u00fanich fue destruida en la Segunda Guerra Mundial, por lo cual todo lo que se ve, incluyendo lo que parece antiguo, tiene pocos a\u00f1os. El recorrido con gu\u00eda finaliz\u00f3 en el mercado (una cosa hermosa) y la tarde fue libre para que cada quien haga lo que desee. D\u00cdA 3: M\u00daNICH En este d\u00eda hicimos otra visita guiada por las afueras del centro hist\u00f3rico de M\u00fanich, y probablemente la parte m\u00e1s atractiva de la ciudad. Primero visitamos el Palacio de Nymphenburg, que es realmente espectacular. Luego hicimos una visita al famoso edificio de BMW, su concesionaria, que es impresionante. Pasamos frente al parque Ol\u00edmpico y terminamos en la isla de los museos. Por la tarde, varios visitamos el Jard\u00edn Ingl\u00e9s, que es uno de los parques urbanos m\u00e1s grandes y lindos de Europa. DIA 4: Salzburgo Luego de desayunar, partimos con nuestro micro privado hacia Salzburgo. El trayecto dura poco menos de una hora y media. Al llegar a Salzburgo, hicimos directo una visita guiada por el centro hist\u00f3rico. Salzburgo es una ciudad peque\u00f1a y hermosa, casi perfecta. Todo es prolijo y con una tremenda belleza est\u00e9tica. Nos sentimos protagonistas de La Novicia Rebelde. Vale mucho la pena subir al fuerte, no solo es muy lindo y bien pensado para el turismo, adem\u00e1s, desde all\u00ed, se aprecian las primeras grandes vistas de los Alpes. DIA 5: VISITA A HALLSTATT Hallstatt es un peque\u00f1o pueblo de cuento ubicado frente a un lago y rodeado de monta\u00f1as a solo 60 kms de Salzburgo. Es considerado uno de los pueblitos m\u00e1s lindos del mundo y el \u00fanico problema que puede tener es la cantidad de turistas que lo visitan, y por supuesto, es fundamental que te toque un d\u00eda lindo para apreciarlo bien. Tuvimos suerte en ambos casos: el d\u00eda estaba hermoso y la cantidad de turistas no era mucha. Hay una especie de telef\u00e9rico para subir hasta un mirador, un poco caro pero las vistas hacen que valga la pena. Arriba hay un restaurante para comer con algunas de las vistas m\u00e1s espectaculares de la tierra. Mi cara de felicidad lo dec\u00eda todo. Las expectativas con Hallstatt eran alt\u00edsimas y es uno de los lugares donde la realidad supera a la imaginaci\u00f3n. Por la tarde volvimos a Salzburgo para seguir disfrutando de esa ciudad maravillosa. D\u00cdA 6: INNSBRUCK Al d\u00eda siguiente partimos en nuestro bus hacia Innsbruck en un camino que atraviesa los Alpes y no tiene desperdicio. Al llegar hicimos una visita guiada por la parte menos c\u00e9ntrica de la ciudad y luego por el centro hist\u00f3rico. Innsbruck tiene la particularidad de estar rodeada de monta\u00f1as hermosas y ser atravesida por un r\u00edo de aguas verdes. En cada calle hay vistas espectaculares a las monta\u00f1as y el centro hist\u00f3rico es una belleza. D\u00cdA 7: CASTILLO DE NEUSCHWANSTEIN Lo m\u00e1s usual para ir al castillo de Neuschwanstein es hacerlo desde M\u00fanich por el d\u00eda. Pero es mucho m\u00e1s lindo ir desde Innsbruck, ya que el camino atraviesa los Alpes por una ruta esc\u00e9nica espectacular. Por supuesto, para que este tenga sentido, tiene que tocarte un d\u00eda lindo y no fue nuestro caso en la ida. Fuimos al castillo un d\u00eda de lluvia, pero el cielo se abri\u00f3 cuando comenzamos a regresar, as\u00ed que a la vuelta pudimos disfrutar del paisaje. Y m\u00e1s a\u00fan porque un accidente en medio de la ruta nos detuvo durante una hora en medio de los Alpes. Aprovechamos para bajar del micro, respirar aire puro y hacer amistades con otros conductores varados en la ruta. El castillo de Neuschwanstein es una mega atracci\u00f3n tur\u00edstica que vale la pena m\u00e1s por el entorno que por el castillo en s\u00ed. Los paisajes que lo rodean son indescriptibles, y eso que nos toc\u00f3 un d\u00eda con mal clima. Aprovechamos el accidente para sacarnos una linda foto de grupo. Al regresar a Innsbruck, el cielo se hab\u00eda abierto por completo y tuvimos una tardecita espectacular por las callecitas de la hermosa ciudad. D\u00cdA 8: DOLOMITAS Muchas personas no saben que Italia tiene una de las zonas m\u00e1s lindas de los Alpes en la regi\u00f3n llamada Trentino Alto Adigio. Es una parte de Italia en la que el idioma principal no es el italiano, sino el alem\u00e1n, ya que perteneci\u00f3 a Austria hasta la Segunda Guerra Mundial. Lo particular de esta zona, y que la hace diferente a otras partes de los Alpes, es<\/p>\n","protected":false},"author":77,"featured_media":12250,"comment_status":"open","ping_status":"open","sticky":false,"template":"","format":"standard","meta":{"_mo_disable_npp":"","_joinchat":[],"footnotes":""},"categories":[209,234,229,239,211,4,329],"tags":[266,396,370,14,330,343],"class_list":["post-12233","post","type-post","status-publish","format-standard","has-post-thumbnail","hentry","category-destinos","category-alemania","category-austria","category-europa","category-italia","category-qv","category-viajes-grupales","tag-alemania","tag-alpes","tag-austria","tag-italia","tag-viaje-grupal","tag-viajes-grupales"],"yoast_head":"<!-- This site is optimized with the Yoast SEO plugin v27.5 - https:\/\/yoast.com\/product\/yoast-seo-wordpress\/ -->\n<title>As\u00ed fue el viaje grupal por los Alpes 2025 | QuizViajero<\/title>\n<meta name=\"description\" content=\"Este es el resumen de un nuevo viaje grupal de QuizViajero: cruzamos los Alpes por Austria para llegar al norte de Italia.\" \/>\n<meta name=\"robots\" content=\"index, follow, max-snippet:-1, max-image-preview:large, max-video-preview:-1\" \/>\n<link rel=\"canonical\" href=\"https:\/\/quizviajero.com\/blog\/asi-fue-el-viaje-grupal-por-los-alpes-2025\/\" \/>\n<meta property=\"og:locale\" content=\"es_ES\" \/>\n<meta property=\"og:type\" content=\"article\" \/>\n<meta property=\"og:title\" content=\"As\u00ed fue el viaje grupal por los Alpes 2025 | QuizViajero\" \/>\n<meta property=\"og:description\" content=\"Este es el resumen de un nuevo viaje grupal de QuizViajero: cruzamos los Alpes por Austria para llegar al norte de Italia.\" \/>\n<meta property=\"og:url\" content=\"https:\/\/quizviajero.com\/blog\/asi-fue-el-viaje-grupal-por-los-alpes-2025\/\" \/>\n<meta property=\"og:site_name\" content=\"QuizViajero\" \/>\n<meta property=\"article:publisher\" content=\"https:\/\/www.facebook.com\/quizviajero\/\" \/>\n<meta property=\"article:published_time\" content=\"2025-06-03T20:27:34+00:00\" \/>\n<meta property=\"og:image\" content=\"https:\/\/quizviajero.com\/blog\/wp-content\/uploads\/2025\/06\/IMG_1185.jpg\" \/>\n\t<meta property=\"og:image:width\" content=\"2016\" \/>\n\t<meta property=\"og:image:height\" content=\"1512\" \/>\n\t<meta property=\"og:image:type\" content=\"image\/jpeg\" \/>\n<meta name=\"author\" content=\"Sergio Mandelbaum\" \/>\n<meta name=\"twitter:card\" content=\"summary_large_image\" \/>\n<meta name=\"twitter:image\" content=\"https:\/\/quizviajero.com\/blog\/wp-content\/uploads\/2025\/06\/IMG_1185.jpg\" \/>\n<meta name=\"twitter:creator\" content=\"@quiz_viajero\" \/>\n<meta name=\"twitter:site\" content=\"@quiz_viajero\" \/>\n<meta name=\"twitter:label1\" content=\"Escrito por\" \/>\n\t<meta name=\"twitter:data1\" content=\"Sergio Mandelbaum\" \/>\n\t<meta name=\"twitter:label2\" content=\"Tiempo de lectura\" \/>\n\t<meta name=\"twitter:data2\" content=\"25 minutos\" \/>\n<script type=\"application\/ld+json\" class=\"yoast-schema-graph\">{\"@context\":\"https:\\\/\\\/schema.org\",\"@graph\":[{\"@type\":\"Article\",\"@id\":\"https:\\\/\\\/quizviajero.com\\\/blog\\\/asi-fue-el-viaje-grupal-por-los-alpes-2025\\\/#article\",\"isPartOf\":{\"@id\":\"https:\\\/\\\/quizviajero.com\\\/blog\\\/asi-fue-el-viaje-grupal-por-los-alpes-2025\\\/\"},\"author\":{\"name\":\"Sergio Mandelbaum\",\"@id\":\"https:\\\/\\\/quizviajero.com\\\/blog\\\/#\\\/schema\\\/person\\\/f4fb0b7d92e2b4474ea6aa797755abfb\"},\"headline\":\"As\u00ed fue el viaje grupal por los Alpes 2025\",\"datePublished\":\"2025-06-03T20:27:34+00:00\",\"mainEntityOfPage\":{\"@id\":\"https:\\\/\\\/quizviajero.com\\\/blog\\\/asi-fue-el-viaje-grupal-por-los-alpes-2025\\\/\"},\"wordCount\":2642,\"commentCount\":3,\"publisher\":{\"@id\":\"https:\\\/\\\/quizviajero.com\\\/blog\\\/#organization\"},\"image\":{\"@id\":\"https:\\\/\\\/quizviajero.com\\\/blog\\\/asi-fue-el-viaje-grupal-por-los-alpes-2025\\\/#primaryimage\"},\"thumbnailUrl\":\"https:\\\/\\\/quizviajero.com\\\/blog\\\/wp-content\\\/uploads\\\/2025\\\/06\\\/IMG_1185.jpg\",\"keywords\":[\"alemania\",\"alpes\",\"austria\",\"Italia\",\"viaje grupal\",\"viajes grupales\"],\"articleSection\":[\"#DestinosQV\",\"Alemania\",\"Austria\",\"Europa\",\"Italia\",\"QuizViajero\",\"Viajes Grupales\"],\"inLanguage\":\"es\",\"potentialAction\":[{\"@type\":\"CommentAction\",\"name\":\"Comment\",\"target\":[\"https:\\\/\\\/quizviajero.com\\\/blog\\\/asi-fue-el-viaje-grupal-por-los-alpes-2025\\\/#respond\"]}]},{\"@type\":\"WebPage\",\"@id\":\"https:\\\/\\\/quizviajero.com\\\/blog\\\/asi-fue-el-viaje-grupal-por-los-alpes-2025\\\/\",\"url\":\"https:\\\/\\\/quizviajero.com\\\/blog\\\/asi-fue-el-viaje-grupal-por-los-alpes-2025\\\/\",\"name\":\"As\u00ed fue el viaje grupal por los Alpes 2025 | QuizViajero\",\"isPartOf\":{\"@id\":\"https:\\\/\\\/quizviajero.com\\\/blog\\\/#website\"},\"primaryImageOfPage\":{\"@id\":\"https:\\\/\\\/quizviajero.com\\\/blog\\\/asi-fue-el-viaje-grupal-por-los-alpes-2025\\\/#primaryimage\"},\"image\":{\"@id\":\"https:\\\/\\\/quizviajero.com\\\/blog\\\/asi-fue-el-viaje-grupal-por-los-alpes-2025\\\/#primaryimage\"},\"thumbnailUrl\":\"https:\\\/\\\/quizviajero.com\\\/blog\\\/wp-content\\\/uploads\\\/2025\\\/06\\\/IMG_1185.jpg\",\"datePublished\":\"2025-06-03T20:27:34+00:00\",\"description\":\"Este es el resumen de un nuevo viaje grupal de QuizViajero: cruzamos los Alpes por Austria para llegar al norte de Italia.\",\"breadcrumb\":{\"@id\":\"https:\\\/\\\/quizviajero.com\\\/blog\\\/asi-fue-el-viaje-grupal-por-los-alpes-2025\\\/#breadcrumb\"},\"inLanguage\":\"es\",\"potentialAction\":[{\"@type\":\"ReadAction\",\"target\":[\"https:\\\/\\\/quizviajero.com\\\/blog\\\/asi-fue-el-viaje-grupal-por-los-alpes-2025\\\/\"]}]},{\"@type\":\"ImageObject\",\"inLanguage\":\"es\",\"@id\":\"https:\\\/\\\/quizviajero.com\\\/blog\\\/asi-fue-el-viaje-grupal-por-los-alpes-2025\\\/#primaryimage\",\"url\":\"https:\\\/\\\/quizviajero.com\\\/blog\\\/wp-content\\\/uploads\\\/2025\\\/06\\\/IMG_1185.jpg\",\"contentUrl\":\"https:\\\/\\\/quizviajero.com\\\/blog\\\/wp-content\\\/uploads\\\/2025\\\/06\\\/IMG_1185.jpg\",\"width\":2016,\"height\":1512},{\"@type\":\"BreadcrumbList\",\"@id\":\"https:\\\/\\\/quizviajero.com\\\/blog\\\/asi-fue-el-viaje-grupal-por-los-alpes-2025\\\/#breadcrumb\",\"itemListElement\":[{\"@type\":\"ListItem\",\"position\":1,\"name\":\"Home\",\"item\":\"https:\\\/\\\/quizviajero.com\\\/blog\\\/\"},{\"@type\":\"ListItem\",\"position\":2,\"name\":\"#DestinosQV\",\"item\":\"https:\\\/\\\/quizviajero.com\\\/blog\\\/destinos\\\/\"},{\"@type\":\"ListItem\",\"position\":3,\"name\":\"As\u00ed fue el viaje grupal por los Alpes 2025\"}]},{\"@type\":\"WebSite\",\"@id\":\"https:\\\/\\\/quizviajero.com\\\/blog\\\/#website\",\"url\":\"https:\\\/\\\/quizviajero.com\\\/blog\\\/\",\"name\":\"QuizViajero\",\"description\":\"El primer juego sobre viajes con premios! \u2708\",\"publisher\":{\"@id\":\"https:\\\/\\\/quizviajero.com\\\/blog\\\/#organization\"},\"potentialAction\":[{\"@type\":\"SearchAction\",\"target\":{\"@type\":\"EntryPoint\",\"urlTemplate\":\"https:\\\/\\\/quizviajero.com\\\/blog\\\/?s={search_term_string}\"},\"query-input\":{\"@type\":\"PropertyValueSpecification\",\"valueRequired\":true,\"valueName\":\"search_term_string\"}}],\"inLanguage\":\"es\"},{\"@type\":\"Organization\",\"@id\":\"https:\\\/\\\/quizviajero.com\\\/blog\\\/#organization\",\"name\":\"QuizViajero\",\"url\":\"https:\\\/\\\/quizviajero.com\\\/blog\\\/\",\"logo\":{\"@type\":\"ImageObject\",\"inLanguage\":\"es\",\"@id\":\"https:\\\/\\\/quizviajero.com\\\/blog\\\/#\\\/schema\\\/logo\\\/image\\\/\",\"url\":\"https:\\\/\\\/quizviajero.com\\\/blog\\\/wp-content\\\/uploads\\\/2016\\\/11\\\/cropped-qv_logo-1.png\",\"contentUrl\":\"https:\\\/\\\/quizviajero.com\\\/blog\\\/wp-content\\\/uploads\\\/2016\\\/11\\\/cropped-qv_logo-1.png\",\"width\":301,\"height\":100,\"caption\":\"QuizViajero\"},\"image\":{\"@id\":\"https:\\\/\\\/quizviajero.com\\\/blog\\\/#\\\/schema\\\/logo\\\/image\\\/\"},\"sameAs\":[\"https:\\\/\\\/www.facebook.com\\\/quizviajero\\\/\",\"https:\\\/\\\/x.com\\\/quiz_viajero\",\"http:\\\/\\\/instagram.com\\\/quizviajeroig\"]},{\"@type\":\"Person\",\"@id\":\"https:\\\/\\\/quizviajero.com\\\/blog\\\/#\\\/schema\\\/person\\\/f4fb0b7d92e2b4474ea6aa797755abfb\",\"name\":\"Sergio Mandelbaum\",\"image\":{\"@type\":\"ImageObject\",\"inLanguage\":\"es\",\"@id\":\"https:\\\/\\\/secure.gravatar.com\\\/avatar\\\/b5e137ec23c9adbecfd3e17ef0e3c3abc99e1fdd81ba3dc8a61dccb5147a1652?s=96&d=mm&r=g\",\"url\":\"https:\\\/\\\/secure.gravatar.com\\\/avatar\\\/b5e137ec23c9adbecfd3e17ef0e3c3abc99e1fdd81ba3dc8a61dccb5147a1652?s=96&d=mm&r=g\",\"contentUrl\":\"https:\\\/\\\/secure.gravatar.com\\\/avatar\\\/b5e137ec23c9adbecfd3e17ef0e3c3abc99e1fdd81ba3dc8a61dccb5147a1652?s=96&d=mm&r=g\",\"caption\":\"Sergio Mandelbaum\"},\"url\":\"https:\\\/\\\/quizviajero.com\\\/blog\\\/author\\\/infoquizviajero-com\\\/\"}]}<\/script>\n<!-- \/ Yoast SEO plugin. -->","yoast_head_json":{"title":"As\u00ed fue el viaje grupal por los Alpes 2025 | QuizViajero","description":"Este es el resumen de un nuevo viaje grupal de QuizViajero: cruzamos los Alpes por Austria para llegar al norte de Italia.","robots":{"index":"index","follow":"follow","max-snippet":"max-snippet:-1","max-image-preview":"max-image-preview:large","max-video-preview":"max-video-preview:-1"},"canonical":"https:\/\/quizviajero.com\/blog\/asi-fue-el-viaje-grupal-por-los-alpes-2025\/","og_locale":"es_ES","og_type":"article","og_title":"As\u00ed fue el viaje grupal por los Alpes 2025 | QuizViajero","og_description":"Este es el resumen de un nuevo viaje grupal de QuizViajero: cruzamos los Alpes por Austria para llegar al norte de Italia.","og_url":"https:\/\/quizviajero.com\/blog\/asi-fue-el-viaje-grupal-por-los-alpes-2025\/","og_site_name":"QuizViajero","article_publisher":"https:\/\/www.facebook.com\/quizviajero\/","article_published_time":"2025-06-03T20:27:34+00:00","og_image":[{"width":2016,"height":1512,"url":"https:\/\/quizviajero.com\/blog\/wp-content\/uploads\/2025\/06\/IMG_1185.jpg","type":"image\/jpeg"}],"author":"Sergio Mandelbaum","twitter_card":"summary_large_image","twitter_image":"https:\/\/quizviajero.com\/blog\/wp-content\/uploads\/2025\/06\/IMG_1185.jpg","twitter_creator":"@quiz_viajero","twitter_site":"@quiz_viajero","twitter_misc":{"Escrito por":"Sergio Mandelbaum","Tiempo de lectura":"25 minutos"},"schema":{"@context":"https:\/\/schema.org","@graph":[{"@type":"Article","@id":"https:\/\/quizviajero.com\/blog\/asi-fue-el-viaje-grupal-por-los-alpes-2025\/#article","isPartOf":{"@id":"https:\/\/quizviajero.com\/blog\/asi-fue-el-viaje-grupal-por-los-alpes-2025\/"},"author":{"name":"Sergio Mandelbaum","@id":"https:\/\/quizviajero.com\/blog\/#\/schema\/person\/f4fb0b7d92e2b4474ea6aa797755abfb"},"headline":"As\u00ed fue el viaje grupal por los Alpes 2025","datePublished":"2025-06-03T20:27:34+00:00","mainEntityOfPage":{"@id":"https:\/\/quizviajero.com\/blog\/asi-fue-el-viaje-grupal-por-los-alpes-2025\/"},"wordCount":2642,"commentCount":3,"publisher":{"@id":"https:\/\/quizviajero.com\/blog\/#organization"},"image":{"@id":"https:\/\/quizviajero.com\/blog\/asi-fue-el-viaje-grupal-por-los-alpes-2025\/#primaryimage"},"thumbnailUrl":"https:\/\/quizviajero.com\/blog\/wp-content\/uploads\/2025\/06\/IMG_1185.jpg","keywords":["alemania","alpes","austria","Italia","viaje grupal","viajes grupales"],"articleSection":["#DestinosQV","Alemania","Austria","Europa","Italia","QuizViajero","Viajes Grupales"],"inLanguage":"es","potentialAction":[{"@type":"CommentAction","name":"Comment","target":["https:\/\/quizviajero.com\/blog\/asi-fue-el-viaje-grupal-por-los-alpes-2025\/#respond"]}]},{"@type":"WebPage","@id":"https:\/\/quizviajero.com\/blog\/asi-fue-el-viaje-grupal-por-los-alpes-2025\/","url":"https:\/\/quizviajero.com\/blog\/asi-fue-el-viaje-grupal-por-los-alpes-2025\/","name":"As\u00ed fue el viaje grupal por los Alpes 2025 | QuizViajero","isPartOf":{"@id":"https:\/\/quizviajero.com\/blog\/#website"},"primaryImageOfPage":{"@id":"https:\/\/quizviajero.com\/blog\/asi-fue-el-viaje-grupal-por-los-alpes-2025\/#primaryimage"},"image":{"@id":"https:\/\/quizviajero.com\/blog\/asi-fue-el-viaje-grupal-por-los-alpes-2025\/#primaryimage"},"thumbnailUrl":"https:\/\/quizviajero.com\/blog\/wp-content\/uploads\/2025\/06\/IMG_1185.jpg","datePublished":"2025-06-03T20:27:34+00:00","description":"Este es el resumen de un nuevo viaje grupal de QuizViajero: cruzamos los Alpes por Austria para llegar al norte de Italia.","breadcrumb":{"@id":"https:\/\/quizviajero.com\/blog\/asi-fue-el-viaje-grupal-por-los-alpes-2025\/#breadcrumb"},"inLanguage":"es","potentialAction":[{"@type":"ReadAction","target":["https:\/\/quizviajero.com\/blog\/asi-fue-el-viaje-grupal-por-los-alpes-2025\/"]}]},{"@type":"ImageObject","inLanguage":"es","@id":"https:\/\/quizviajero.com\/blog\/asi-fue-el-viaje-grupal-por-los-alpes-2025\/#primaryimage","url":"https:\/\/quizviajero.com\/blog\/wp-content\/uploads\/2025\/06\/IMG_1185.jpg","contentUrl":"https:\/\/quizviajero.com\/blog\/wp-content\/uploads\/2025\/06\/IMG_1185.jpg","width":2016,"height":1512},{"@type":"BreadcrumbList","@id":"https:\/\/quizviajero.com\/blog\/asi-fue-el-viaje-grupal-por-los-alpes-2025\/#breadcrumb","itemListElement":[{"@type":"ListItem","position":1,"name":"Home","item":"https:\/\/quizviajero.com\/blog\/"},{"@type":"ListItem","position":2,"name":"#DestinosQV","item":"https:\/\/quizviajero.com\/blog\/destinos\/"},{"@type":"ListItem","position":3,"name":"As\u00ed fue el viaje grupal por los Alpes 2025"}]},{"@type":"WebSite","@id":"https:\/\/quizviajero.com\/blog\/#website","url":"https:\/\/quizviajero.com\/blog\/","name":"QuizViajero","description":"El primer juego sobre viajes con premios! \u2708","publisher":{"@id":"https:\/\/quizviajero.com\/blog\/#organization"},"potentialAction":[{"@type":"SearchAction","target":{"@type":"EntryPoint","urlTemplate":"https:\/\/quizviajero.com\/blog\/?s={search_term_string}"},"query-input":{"@type":"PropertyValueSpecification","valueRequired":true,"valueName":"search_term_string"}}],"inLanguage":"es"},{"@type":"Organization","@id":"https:\/\/quizviajero.com\/blog\/#organization","name":"QuizViajero","url":"https:\/\/quizviajero.com\/blog\/","logo":{"@type":"ImageObject","inLanguage":"es","@id":"https:\/\/quizviajero.com\/blog\/#\/schema\/logo\/image\/","url":"https:\/\/quizviajero.com\/blog\/wp-content\/uploads\/2016\/11\/cropped-qv_logo-1.png","contentUrl":"https:\/\/quizviajero.com\/blog\/wp-content\/uploads\/2016\/11\/cropped-qv_logo-1.png","width":301,"height":100,"caption":"QuizViajero"},"image":{"@id":"https:\/\/quizviajero.com\/blog\/#\/schema\/logo\/image\/"},"sameAs":["https:\/\/www.facebook.com\/quizviajero\/","https:\/\/x.com\/quiz_viajero","http:\/\/instagram.com\/quizviajeroig"]},{"@type":"Person","@id":"https:\/\/quizviajero.com\/blog\/#\/schema\/person\/f4fb0b7d92e2b4474ea6aa797755abfb","name":"Sergio Mandelbaum","image":{"@type":"ImageObject","inLanguage":"es","@id":"https:\/\/secure.gravatar.com\/avatar\/b5e137ec23c9adbecfd3e17ef0e3c3abc99e1fdd81ba3dc8a61dccb5147a1652?s=96&d=mm&r=g","url":"https:\/\/secure.gravatar.com\/avatar\/b5e137ec23c9adbecfd3e17ef0e3c3abc99e1fdd81ba3dc8a61dccb5147a1652?s=96&d=mm&r=g","contentUrl":"https:\/\/secure.gravatar.com\/avatar\/b5e137ec23c9adbecfd3e17ef0e3c3abc99e1fdd81ba3dc8a61dccb5147a1652?s=96&d=mm&r=g","caption":"Sergio Mandelbaum"},"url":"https:\/\/quizviajero.com\/blog\/author\/infoquizviajero-com\/"}]}},"_links":{"self":[{"href":"https:\/\/quizviajero.com\/blog\/wp-json\/wp\/v2\/posts\/12233","targetHints":{"allow":["GET"]}}],"collection":[{"href":"https:\/\/quizviajero.com\/blog\/wp-json\/wp\/v2\/posts"}],"about":[{"href":"https:\/\/quizviajero.com\/blog\/wp-json\/wp\/v2\/types\/post"}],"author":[{"embeddable":true,"href":"https:\/\/quizviajero.com\/blog\/wp-json\/wp\/v2\/users\/77"}],"replies":[{"embeddable":true,"href":"https:\/\/quizviajero.com\/blog\/wp-json\/wp\/v2\/comments?post=12233"}],"version-history":[{"count":1,"href":"https:\/\/quizviajero.com\/blog\/wp-json\/wp\/v2\/posts\/12233\/revisions"}],"predecessor-version":[{"id":12326,"href":"https:\/\/quizviajero.com\/blog\/wp-json\/wp\/v2\/posts\/12233\/revisions\/12326"}],"wp:featuredmedia":[{"embeddable":true,"href":"https:\/\/quizviajero.com\/blog\/wp-json\/wp\/v2\/media\/12250"}],"wp:attachment":[{"href":"https:\/\/quizviajero.com\/blog\/wp-json\/wp\/v2\/media?parent=12233"}],"wp:term":[{"taxonomy":"category","embeddable":true,"href":"https:\/\/quizviajero.com\/blog\/wp-json\/wp\/v2\/categories?post=12233"},{"taxonomy":"post_tag","embeddable":true,"href":"https:\/\/quizviajero.com\/blog\/wp-json\/wp\/v2\/tags?post=12233"}],"curies":[{"name":"wp","href":"https:\/\/api.w.org\/{rel}","templated":true}]}}