{"id":483,"date":"2016-11-26T04:57:00","date_gmt":"2016-11-26T07:57:00","guid":{"rendered":"http:\/\/165.227.28.131\/blog\/?p=483"},"modified":"2018-08-06T15:23:57","modified_gmt":"2018-08-06T18:23:57","slug":"viaje-al-interior-traves-del-camino-dos-faros","status":"publish","type":"post","link":"https:\/\/quizviajero.com\/blog\/viaje-al-interior-traves-del-camino-dos-faros\/","title":{"rendered":"Un viaje al interior a trav\u00e9s del Camino Dos Faros"},"content":{"rendered":"<blockquote><p>Mi infancia estuvo colmada\u00a0de relatos de tierras y lugares legendarios. Mi abuela se encarg\u00f3 de ense\u00f1arme con amor, cada tarde, un pedacito de su historia en su Galicia amada. Y el Camino Dos Faros nos ilumin\u00f3 en las siestas\u00a0en las que no me pod\u00eda dormir porque quer\u00eda que me siguiera contando esos recuerdos fant\u00e1sticos&#8230;<\/p><\/blockquote>\n<p>&nbsp;<\/p>\n<p>Corr\u00eda el a\u00f1o 2000 y con 15 a\u00f1os reci\u00e9n cumplidos comenzaba a tomar forma el sue\u00f1o de mi vida: viajar con mi abuela, ese ser maravilloso que hizo que mi infancia fuese la m\u00e1s feliz del mundo, a conocer los lugares que con un nivel de detalle me describ\u00eda cada tarde en la que dormir la siesta era una excusa para que me cuente todo de su amada Tella\u00a0-el pueblito gallego en el que hab\u00eda nacido y al que siempre a\u00f1oraba con volver- y esos sitios hermosos entre monta\u00f1as y mar que me resultaban tesoros imaginarios.<br \/>\nEl destino, caprichoso, me la arranc\u00f3 poco antes y sent\u00ed que el mundo se ca\u00eda.<\/p>\n<p>Sin embargo, los a\u00f1os pasaron y con la madurez lleg\u00f3 la idea de emprender ese viaje de vuelta a los recuerdos, a mis ra\u00edces, a mi esencia que me hac\u00eda tanta falta. Como si la posibilidad de encontrarme con esos lugares que mi coraz\u00f3n conoc\u00eda, me permitiesen hacer el camino que juntas hab\u00edamos so\u00f1ado.<br \/>\n<img fetchpriority=\"high\" decoding=\"async\" class=\"alignleft size-medium wp-image-486\" src=\"https:\/\/quizviajero.com\/blog\/wp-content\/uploads\/2016\/11\/IMG_5019-300x200.jpg\" alt=\"img_5019\" width=\"300\" height=\"200\" srcset=\"https:\/\/quizviajero.com\/blog\/wp-content\/uploads\/2016\/11\/IMG_5019-300x200.jpg 300w, https:\/\/quizviajero.com\/blog\/wp-content\/uploads\/2016\/11\/IMG_5019-768x512.jpg 768w, https:\/\/quizviajero.com\/blog\/wp-content\/uploads\/2016\/11\/IMG_5019-1024x682.jpg 1024w, https:\/\/quizviajero.com\/blog\/wp-content\/uploads\/2016\/11\/IMG_5019-219x146.jpg 219w, https:\/\/quizviajero.com\/blog\/wp-content\/uploads\/2016\/11\/IMG_5019-50x33.jpg 50w, https:\/\/quizviajero.com\/blog\/wp-content\/uploads\/2016\/11\/IMG_5019-113x75.jpg 113w, https:\/\/quizviajero.com\/blog\/wp-content\/uploads\/2016\/11\/IMG_5019.jpg 1280w\" sizes=\"(max-width: 300px) 100vw, 300px\" \/><\/p>\n<p>Y doce a\u00f1os m\u00e1s tarde de lo planeado, me lleg\u00f3 la chance, en mi primer viaje trasatl\u00e1ntico, de conocer esos lugares legendarios que sent\u00eda tan m\u00edos. Continuos dejavues y sensaciones de ya haberlo visto me atravesaron.<\/p>\n<p>Los minutos previos al aterrizaje fueron m\u00e1s que eternos para m\u00ed. Los recuerdos me inundaban, la expectativa me llevaba el coraz\u00f3n a dos mil. Mil sensaciones encontradas. Y nervios. Y ansiedad.<br \/>\nMi familia gallega, t\u00edos, primos, me abrieron las puertas de sus casas y sus corazones de par en par.<\/p>\n<p><img decoding=\"async\" class=\"alignright size-medium wp-image-487\" src=\"https:\/\/quizviajero.com\/blog\/wp-content\/uploads\/2016\/11\/IMG_5026-300x200.jpg\" alt=\"img_5026\" width=\"300\" height=\"200\" srcset=\"https:\/\/quizviajero.com\/blog\/wp-content\/uploads\/2016\/11\/IMG_5026-300x200.jpg 300w, https:\/\/quizviajero.com\/blog\/wp-content\/uploads\/2016\/11\/IMG_5026-768x512.jpg 768w, https:\/\/quizviajero.com\/blog\/wp-content\/uploads\/2016\/11\/IMG_5026-1024x682.jpg 1024w, https:\/\/quizviajero.com\/blog\/wp-content\/uploads\/2016\/11\/IMG_5026-219x146.jpg 219w, https:\/\/quizviajero.com\/blog\/wp-content\/uploads\/2016\/11\/IMG_5026-50x33.jpg 50w, https:\/\/quizviajero.com\/blog\/wp-content\/uploads\/2016\/11\/IMG_5026-113x75.jpg 113w, https:\/\/quizviajero.com\/blog\/wp-content\/uploads\/2016\/11\/IMG_5026.jpg 1280w\" sizes=\"(max-width: 300px) 100vw, 300px\" \/><\/p>\n<p>As\u00ed llegamos a la Coru\u00f1a y ya una t\u00eda me esperaba para dormir en su casa por la noche y pasar una de las veladas m\u00e1s divertidas de mi vida. Despu\u00e9s de d\u00e9cadas, volv\u00ed a probar comidas que no me gustaban como un gesto de amor y gratitud, y esa noche dorm\u00ed con la paz de sentir que estaba en el lugar donde m\u00e1s quer\u00eda estar.<\/p>\n<p><img decoding=\"async\" class=\"alignleft size-medium wp-image-488\" src=\"https:\/\/quizviajero.com\/blog\/wp-content\/uploads\/2016\/11\/IMG_5089-300x200.jpg\" alt=\"img_5089\" width=\"300\" height=\"200\" srcset=\"https:\/\/quizviajero.com\/blog\/wp-content\/uploads\/2016\/11\/IMG_5089-300x200.jpg 300w, https:\/\/quizviajero.com\/blog\/wp-content\/uploads\/2016\/11\/IMG_5089-768x512.jpg 768w, https:\/\/quizviajero.com\/blog\/wp-content\/uploads\/2016\/11\/IMG_5089-1024x682.jpg 1024w, https:\/\/quizviajero.com\/blog\/wp-content\/uploads\/2016\/11\/IMG_5089-219x146.jpg 219w, https:\/\/quizviajero.com\/blog\/wp-content\/uploads\/2016\/11\/IMG_5089-50x33.jpg 50w, https:\/\/quizviajero.com\/blog\/wp-content\/uploads\/2016\/11\/IMG_5089-113x75.jpg 113w, https:\/\/quizviajero.com\/blog\/wp-content\/uploads\/2016\/11\/IMG_5089.jpg 1280w\" sizes=\"(max-width: 300px) 100vw, 300px\" \/><\/p>\n<p>&nbsp;<\/p>\n<p>Me llev\u00f3 al primero de los Faros del Camino, \u00edcono gallego, la Torre de H\u00e9rcules, que se erig\u00eda ante nosotros d\u00e1ndome la bienvenida en pleno atardecer dorado. La Torre de H\u00e9rcules es el faro romano m\u00e1s antiguo del mundo y que a\u00fan sigue en funcionamiento.<br \/>\nLa ma\u00f1ana siguiente, emprendimos el camino monta\u00f1oso, lleno de paisajes preciosos y en cada curva resonaba la voz de mi abuela.<\/p>\n<p><img loading=\"lazy\" decoding=\"async\" class=\"size-medium wp-image-484 alignright\" src=\"https:\/\/quizviajero.com\/blog\/wp-content\/uploads\/2016\/11\/IMG_5445-300x200.jpg\" alt=\"img_5445\" width=\"300\" height=\"200\" srcset=\"https:\/\/quizviajero.com\/blog\/wp-content\/uploads\/2016\/11\/IMG_5445-300x200.jpg 300w, https:\/\/quizviajero.com\/blog\/wp-content\/uploads\/2016\/11\/IMG_5445-768x512.jpg 768w, https:\/\/quizviajero.com\/blog\/wp-content\/uploads\/2016\/11\/IMG_5445-1024x682.jpg 1024w, https:\/\/quizviajero.com\/blog\/wp-content\/uploads\/2016\/11\/IMG_5445-219x146.jpg 219w, https:\/\/quizviajero.com\/blog\/wp-content\/uploads\/2016\/11\/IMG_5445-50x33.jpg 50w, https:\/\/quizviajero.com\/blog\/wp-content\/uploads\/2016\/11\/IMG_5445-113x75.jpg 113w, https:\/\/quizviajero.com\/blog\/wp-content\/uploads\/2016\/11\/IMG_5445.jpg 1280w\" sizes=\"(max-width: 300px) 100vw, 300px\" \/><\/p>\n<p>&nbsp;<\/p>\n<p>Antes de llegar al pueblo, bajamos en la playa de arenas blancas que tanto ella me recordaba cada vez que me nombraba el mar <em>\u00abten\u00edamos las playas m\u00e1s blancas y fr\u00edas del mundo\u00bb.<\/em><\/p>\n<p>Y yo, me las imaginaba de nieve.<\/p>\n<p>&nbsp;<\/p>\n<p>Otra t\u00eda me recibi\u00f3 en su casa por algunas noches y toda la familia me fue pasando a buscar para conocer los lugares que ya estaban grabados a fuego en mi memoria incluso antes de conocerlos.<\/p>\n<p>Sin embargo, mi primo Jos\u00e9 Manuel fue el responsable de llevarme a hacer ese viaje al interior de los recuerdos que ven\u00edan m\u00e1s v\u00edvidos con cada kil\u00f3metro recorrido.<\/p>\n<p><img loading=\"lazy\" decoding=\"async\" class=\"alignleft size-medium wp-image-489\" src=\"https:\/\/quizviajero.com\/blog\/wp-content\/uploads\/2016\/11\/IMG_5207-300x200.jpg\" alt=\"img_5207\" width=\"300\" height=\"200\" srcset=\"https:\/\/quizviajero.com\/blog\/wp-content\/uploads\/2016\/11\/IMG_5207-300x200.jpg 300w, https:\/\/quizviajero.com\/blog\/wp-content\/uploads\/2016\/11\/IMG_5207-768x512.jpg 768w, https:\/\/quizviajero.com\/blog\/wp-content\/uploads\/2016\/11\/IMG_5207-1024x682.jpg 1024w, https:\/\/quizviajero.com\/blog\/wp-content\/uploads\/2016\/11\/IMG_5207-219x146.jpg 219w, https:\/\/quizviajero.com\/blog\/wp-content\/uploads\/2016\/11\/IMG_5207-50x33.jpg 50w, https:\/\/quizviajero.com\/blog\/wp-content\/uploads\/2016\/11\/IMG_5207-113x75.jpg 113w, https:\/\/quizviajero.com\/blog\/wp-content\/uploads\/2016\/11\/IMG_5207.jpg 1280w\" sizes=\"(max-width: 300px) 100vw, 300px\" \/><\/p>\n<p>Juntos atravesamos la Costa da Morte, recorrimos el Camino dos Faros, comenzando por el Faro de Laxe, con una vista maravillosa a una bah\u00eda azul de ensue\u00f1o. El Faro es muy sencillo y es una r\u00e9plica exacta de otro, el Faro Roncudo, que pertenece a Corme, cuyo entorno de piedras y rocas es totalmente opuesto.\u00a0<img loading=\"lazy\" decoding=\"async\" class=\"alignright size-medium wp-image-498\" src=\"https:\/\/quizviajero.com\/blog\/wp-content\/uploads\/2016\/11\/IMG_5439-300x200.jpg\" alt=\"img_5439\" width=\"300\" height=\"200\" srcset=\"https:\/\/quizviajero.com\/blog\/wp-content\/uploads\/2016\/11\/IMG_5439-300x200.jpg 300w, https:\/\/quizviajero.com\/blog\/wp-content\/uploads\/2016\/11\/IMG_5439-768x512.jpg 768w, https:\/\/quizviajero.com\/blog\/wp-content\/uploads\/2016\/11\/IMG_5439-1024x682.jpg 1024w, https:\/\/quizviajero.com\/blog\/wp-content\/uploads\/2016\/11\/IMG_5439-219x146.jpg 219w, https:\/\/quizviajero.com\/blog\/wp-content\/uploads\/2016\/11\/IMG_5439-50x33.jpg 50w, https:\/\/quizviajero.com\/blog\/wp-content\/uploads\/2016\/11\/IMG_5439-113x75.jpg 113w, https:\/\/quizviajero.com\/blog\/wp-content\/uploads\/2016\/11\/IMG_5439.jpg 1280w\" sizes=\"(max-width: 300px) 100vw, 300px\" \/><\/p>\n<p>M\u00e1s tarde, llegar\u00edamos al Faro de Punta da Barca en Mux\u00eda. Situado en un entorno incre\u00edble, junto al Santuario de la Virgen de la Barca, en uno de los puntos m\u00e1s hermosos e impactantes de todo el recorrido. El atardecer nos regal\u00f3 su color dorado en las flores silvestres amarillas y la record\u00e9 tanto m\u00e1s porque en ese sitio hay una piedra que, seg\u00fan la leyenda, si se pasa nueve veces por debajo, se curan todas las enfermedades de espalda y ri\u00f1ones. Siempre me dec\u00eda <em>\u00ablo primero que tenemos que hacer, es ir a pasar por la piedra de Os Cadr\u00eds\u00bb<\/em>.<\/p>\n<p><img loading=\"lazy\" decoding=\"async\" class=\"size-medium wp-image-492 alignleft\" src=\"https:\/\/quizviajero.com\/blog\/wp-content\/uploads\/2016\/11\/IMG_5287-300x200.jpg\" alt=\"img_5287\" width=\"300\" height=\"200\" srcset=\"https:\/\/quizviajero.com\/blog\/wp-content\/uploads\/2016\/11\/IMG_5287-300x200.jpg 300w, https:\/\/quizviajero.com\/blog\/wp-content\/uploads\/2016\/11\/IMG_5287-768x512.jpg 768w, https:\/\/quizviajero.com\/blog\/wp-content\/uploads\/2016\/11\/IMG_5287-1024x683.jpg 1024w, https:\/\/quizviajero.com\/blog\/wp-content\/uploads\/2016\/11\/IMG_5287-219x146.jpg 219w, https:\/\/quizviajero.com\/blog\/wp-content\/uploads\/2016\/11\/IMG_5287-50x33.jpg 50w, https:\/\/quizviajero.com\/blog\/wp-content\/uploads\/2016\/11\/IMG_5287-112x75.jpg 112w, https:\/\/quizviajero.com\/blog\/wp-content\/uploads\/2016\/11\/IMG_5287.jpg 1280w\" sizes=\"(max-width: 300px) 100vw, 300px\" \/> <img loading=\"lazy\" decoding=\"async\" class=\"alignleft size-medium wp-image-493\" src=\"https:\/\/quizviajero.com\/blog\/wp-content\/uploads\/2016\/11\/IMG_5300-300x200.jpg\" alt=\"img_5300\" width=\"300\" height=\"200\" srcset=\"https:\/\/quizviajero.com\/blog\/wp-content\/uploads\/2016\/11\/IMG_5300-300x200.jpg 300w, https:\/\/quizviajero.com\/blog\/wp-content\/uploads\/2016\/11\/IMG_5300-768x512.jpg 768w, https:\/\/quizviajero.com\/blog\/wp-content\/uploads\/2016\/11\/IMG_5300-1024x682.jpg 1024w, https:\/\/quizviajero.com\/blog\/wp-content\/uploads\/2016\/11\/IMG_5300-219x146.jpg 219w, https:\/\/quizviajero.com\/blog\/wp-content\/uploads\/2016\/11\/IMG_5300-50x33.jpg 50w, https:\/\/quizviajero.com\/blog\/wp-content\/uploads\/2016\/11\/IMG_5300-113x75.jpg 113w, https:\/\/quizviajero.com\/blog\/wp-content\/uploads\/2016\/11\/IMG_5300.jpg 1280w\" sizes=\"(max-width: 300px) 100vw, 300px\" \/><\/p>\n<p>&nbsp;<\/p>\n<hr \/>\n<p><img loading=\"lazy\" decoding=\"async\" class=\"alignleft wp-image-496\" src=\"https:\/\/quizviajero.com\/blog\/wp-content\/uploads\/2016\/11\/IMG_5386-1024x682.jpg\" alt=\"img_5386\" width=\"450\" height=\"300\" srcset=\"https:\/\/quizviajero.com\/blog\/wp-content\/uploads\/2016\/11\/IMG_5386-1024x682.jpg 1024w, https:\/\/quizviajero.com\/blog\/wp-content\/uploads\/2016\/11\/IMG_5386-300x200.jpg 300w, https:\/\/quizviajero.com\/blog\/wp-content\/uploads\/2016\/11\/IMG_5386-768x512.jpg 768w, https:\/\/quizviajero.com\/blog\/wp-content\/uploads\/2016\/11\/IMG_5386-219x146.jpg 219w, https:\/\/quizviajero.com\/blog\/wp-content\/uploads\/2016\/11\/IMG_5386-50x33.jpg 50w, https:\/\/quizviajero.com\/blog\/wp-content\/uploads\/2016\/11\/IMG_5386-113x75.jpg 113w, https:\/\/quizviajero.com\/blog\/wp-content\/uploads\/2016\/11\/IMG_5386.jpg 1280w\" sizes=\"(max-width: 450px) 100vw, 450px\" \/> <img loading=\"lazy\" decoding=\"async\" class=\"alignleft size-medium wp-image-495\" src=\"https:\/\/quizviajero.com\/blog\/wp-content\/uploads\/2016\/11\/IMG_5374-200x300.jpg\" alt=\"img_5374\" width=\"200\" height=\"300\" srcset=\"https:\/\/quizviajero.com\/blog\/wp-content\/uploads\/2016\/11\/IMG_5374-200x300.jpg 200w, https:\/\/quizviajero.com\/blog\/wp-content\/uploads\/2016\/11\/IMG_5374-768x1152.jpg 768w, https:\/\/quizviajero.com\/blog\/wp-content\/uploads\/2016\/11\/IMG_5374-682x1024.jpg 682w, https:\/\/quizviajero.com\/blog\/wp-content\/uploads\/2016\/11\/IMG_5374-97x146.jpg 97w, https:\/\/quizviajero.com\/blog\/wp-content\/uploads\/2016\/11\/IMG_5374-33x50.jpg 33w, https:\/\/quizviajero.com\/blog\/wp-content\/uploads\/2016\/11\/IMG_5374-50x75.jpg 50w, https:\/\/quizviajero.com\/blog\/wp-content\/uploads\/2016\/11\/IMG_5374.jpg 853w\" sizes=\"(max-width: 200px) 100vw, 200px\" \/>El paso por el Faro de Punta Nariga creo, fue el m\u00e1s impresionante. El Faro en s\u00ed, es el m\u00e1s trabajado de todos, y el que ofrece las mejores vistas. Ubicado en lo alto del Monte Nariga, pertenece al Concello de Malpica. Es el m\u00e1s moderno de todos y fue construido en los a\u00f1os 90. Desde arriba, uno tiene la sensaci\u00f3n de encontrarse sobre un barco atracado entre las rocas; y una curiosa pero hermos\u00edsima escultura corona la estructura. Es llamada \u00abEl Atlante\u00bb.<\/p>\n<hr \/>\n<p>Finalmente, llegamos al punto m\u00e1s remoto de Galicia: Finisterre. El lugar donde todo termina.<\/p>\n<p>Donde termina la tierra para dar paso al mar que ruge con potencia y desaf\u00eda la fortaleza de los marinos.<\/p>\n<p>El lugar en el que los peregrinos de Santiago queman sus ropas como \u00faltimo gesto hacia el Santo.<\/p>\n<p>El lugar que alberga el \u00faltimo faro del maravilloso Camino.<\/p>\n<p>Hoy en d\u00eda se sabe que no es el lugar m\u00e1s occidental de Galicia, pero la tradici\u00f3n lo ha convertido en el final del Camino.<\/p>\n<p><img loading=\"lazy\" decoding=\"async\" class=\"aligncenter size-large wp-image-490\" src=\"https:\/\/quizviajero.com\/blog\/wp-content\/uploads\/2016\/11\/IMG_5254-1024x682.jpg\" alt=\"img_5254\" width=\"1024\" height=\"682\" srcset=\"https:\/\/quizviajero.com\/blog\/wp-content\/uploads\/2016\/11\/IMG_5254-1024x682.jpg 1024w, https:\/\/quizviajero.com\/blog\/wp-content\/uploads\/2016\/11\/IMG_5254-300x200.jpg 300w, https:\/\/quizviajero.com\/blog\/wp-content\/uploads\/2016\/11\/IMG_5254-768x512.jpg 768w, https:\/\/quizviajero.com\/blog\/wp-content\/uploads\/2016\/11\/IMG_5254-219x146.jpg 219w, https:\/\/quizviajero.com\/blog\/wp-content\/uploads\/2016\/11\/IMG_5254-50x33.jpg 50w, https:\/\/quizviajero.com\/blog\/wp-content\/uploads\/2016\/11\/IMG_5254-113x75.jpg 113w, https:\/\/quizviajero.com\/blog\/wp-content\/uploads\/2016\/11\/IMG_5254.jpg 1280w\" sizes=\"(max-width: 1024px) 100vw, 1024px\" \/><\/p>\n<p>&nbsp;<\/p>\n<p>Apenas llegamos y nos asomamos al acantilado, sent\u00ed una fuerza en el pecho que el coraz\u00f3n se me sal\u00eda. Mezclado con una paz que nunca hab\u00eda sentido. Y ah\u00ed Jos\u00e9 Manuel, mi Virgilio en esos d\u00edas, me dijo: <em>\u00abno me creer\u00edas si te dijera que nunca vi el mar tan calmo, nunca vi en mi vida un d\u00eda como \u00e9ste.\u00bb<\/em><br \/>\n<img loading=\"lazy\" decoding=\"async\" class=\"alignright size-medium wp-image-485\" src=\"https:\/\/quizviajero.com\/blog\/wp-content\/uploads\/2016\/11\/DSC_1551-300x201.jpg\" alt=\"dsc_1551\" width=\"300\" height=\"201\" srcset=\"https:\/\/quizviajero.com\/blog\/wp-content\/uploads\/2016\/11\/DSC_1551-300x201.jpg 300w, https:\/\/quizviajero.com\/blog\/wp-content\/uploads\/2016\/11\/DSC_1551-768x514.jpg 768w, https:\/\/quizviajero.com\/blog\/wp-content\/uploads\/2016\/11\/DSC_1551-1024x686.jpg 1024w, https:\/\/quizviajero.com\/blog\/wp-content\/uploads\/2016\/11\/DSC_1551-218x146.jpg 218w, https:\/\/quizviajero.com\/blog\/wp-content\/uploads\/2016\/11\/DSC_1551-50x33.jpg 50w, https:\/\/quizviajero.com\/blog\/wp-content\/uploads\/2016\/11\/DSC_1551-112x75.jpg 112w, https:\/\/quizviajero.com\/blog\/wp-content\/uploads\/2016\/11\/DSC_1551.jpg 1280w\" sizes=\"(max-width: 300px) 100vw, 300px\" \/><\/p>\n<p>Me llev\u00f3 a un peque\u00f1o refugio de madera donde hab\u00eda un bar de no m\u00e1s de tres por tres, con una hermosa ventana al oc\u00e9ano. Me compr\u00f3 una coca y me dijo:<em> \u00absi\u00e9ntate ah\u00ed\u00bb<\/em>, se\u00f1alando un banquito de madera junto a la ventana. Cuando vino, se sent\u00f3 en frente m\u00edo y respirando hondo solt\u00f3: <em>\u00aben este exacto sitio estuvo sentada hace unos 15 a\u00f1os tu abuela. Yo la traje hasta aqu\u00ed, le compr\u00e9 lo mismo que a t\u00ed y me sent\u00e9 en este mismo lugar\u00bb.<br \/>\n<\/em><\/p>\n<p>Y de repente toda esa emoci\u00f3n contenida de d\u00edas fueron l\u00e1grimas y m\u00e1s l\u00e1grimas, de bronca, tristeza, alegr\u00eda y finalmente, una paz silenciosa.<\/p>\n<p>Una suerte de reconciliaci\u00f3n con el pasado.<\/p>\n<p>Con la inmensidad del oc\u00e9ano como testigo, sent\u00ed que de alg\u00fan modo le hab\u00eda cumplido.<\/p>\n<p>&nbsp;<\/p>\n<div id='gallery-1' class='gallery galleryid-483 gallery-columns-5 gallery-size-medium'><figure class='gallery-item'>\n\t\t\t<div class='gallery-icon landscape'>\n\t\t\t\t<a href='https:\/\/quizviajero.com\/blog\/wp-content\/uploads\/2016\/11\/IMG_5019.jpg'><img loading=\"lazy\" decoding=\"async\" width=\"300\" height=\"200\" src=\"https:\/\/quizviajero.com\/blog\/wp-content\/uploads\/2016\/11\/IMG_5019-300x200.jpg\" class=\"attachment-medium size-medium\" alt=\"\" srcset=\"https:\/\/quizviajero.com\/blog\/wp-content\/uploads\/2016\/11\/IMG_5019-300x200.jpg 300w, https:\/\/quizviajero.com\/blog\/wp-content\/uploads\/2016\/11\/IMG_5019-768x512.jpg 768w, https:\/\/quizviajero.com\/blog\/wp-content\/uploads\/2016\/11\/IMG_5019-1024x682.jpg 1024w, https:\/\/quizviajero.com\/blog\/wp-content\/uploads\/2016\/11\/IMG_5019-219x146.jpg 219w, https:\/\/quizviajero.com\/blog\/wp-content\/uploads\/2016\/11\/IMG_5019-50x33.jpg 50w, https:\/\/quizviajero.com\/blog\/wp-content\/uploads\/2016\/11\/IMG_5019-113x75.jpg 113w, https:\/\/quizviajero.com\/blog\/wp-content\/uploads\/2016\/11\/IMG_5019.jpg 1280w\" sizes=\"(max-width: 300px) 100vw, 300px\" \/><\/a>\n\t\t\t<\/div><\/figure><figure class='gallery-item'>\n\t\t\t<div class='gallery-icon landscape'>\n\t\t\t\t<a href='https:\/\/quizviajero.com\/blog\/wp-content\/uploads\/2016\/11\/IMG_5026.jpg'><img loading=\"lazy\" decoding=\"async\" width=\"300\" height=\"200\" src=\"https:\/\/quizviajero.com\/blog\/wp-content\/uploads\/2016\/11\/IMG_5026-300x200.jpg\" class=\"attachment-medium size-medium\" alt=\"\" srcset=\"https:\/\/quizviajero.com\/blog\/wp-content\/uploads\/2016\/11\/IMG_5026-300x200.jpg 300w, https:\/\/quizviajero.com\/blog\/wp-content\/uploads\/2016\/11\/IMG_5026-768x512.jpg 768w, https:\/\/quizviajero.com\/blog\/wp-content\/uploads\/2016\/11\/IMG_5026-1024x682.jpg 1024w, https:\/\/quizviajero.com\/blog\/wp-content\/uploads\/2016\/11\/IMG_5026-219x146.jpg 219w, https:\/\/quizviajero.com\/blog\/wp-content\/uploads\/2016\/11\/IMG_5026-50x33.jpg 50w, https:\/\/quizviajero.com\/blog\/wp-content\/uploads\/2016\/11\/IMG_5026-113x75.jpg 113w, https:\/\/quizviajero.com\/blog\/wp-content\/uploads\/2016\/11\/IMG_5026.jpg 1280w\" sizes=\"(max-width: 300px) 100vw, 300px\" \/><\/a>\n\t\t\t<\/div><\/figure><figure class='gallery-item'>\n\t\t\t<div class='gallery-icon landscape'>\n\t\t\t\t<a href='https:\/\/quizviajero.com\/blog\/wp-content\/uploads\/2016\/11\/IMG_5089.jpg'><img loading=\"lazy\" decoding=\"async\" width=\"300\" height=\"200\" src=\"https:\/\/quizviajero.com\/blog\/wp-content\/uploads\/2016\/11\/IMG_5089-300x200.jpg\" class=\"attachment-medium size-medium\" alt=\"\" srcset=\"https:\/\/quizviajero.com\/blog\/wp-content\/uploads\/2016\/11\/IMG_5089-300x200.jpg 300w, https:\/\/quizviajero.com\/blog\/wp-content\/uploads\/2016\/11\/IMG_5089-768x512.jpg 768w, https:\/\/quizviajero.com\/blog\/wp-content\/uploads\/2016\/11\/IMG_5089-1024x682.jpg 1024w, https:\/\/quizviajero.com\/blog\/wp-content\/uploads\/2016\/11\/IMG_5089-219x146.jpg 219w, https:\/\/quizviajero.com\/blog\/wp-content\/uploads\/2016\/11\/IMG_5089-50x33.jpg 50w, https:\/\/quizviajero.com\/blog\/wp-content\/uploads\/2016\/11\/IMG_5089-113x75.jpg 113w, https:\/\/quizviajero.com\/blog\/wp-content\/uploads\/2016\/11\/IMG_5089.jpg 1280w\" sizes=\"(max-width: 300px) 100vw, 300px\" \/><\/a>\n\t\t\t<\/div><\/figure><figure class='gallery-item'>\n\t\t\t<div class='gallery-icon landscape'>\n\t\t\t\t<a href='https:\/\/quizviajero.com\/blog\/wp-content\/uploads\/2016\/11\/IMG_5445.jpg'><img loading=\"lazy\" decoding=\"async\" width=\"300\" height=\"200\" src=\"https:\/\/quizviajero.com\/blog\/wp-content\/uploads\/2016\/11\/IMG_5445-300x200.jpg\" class=\"attachment-medium size-medium\" alt=\"\" srcset=\"https:\/\/quizviajero.com\/blog\/wp-content\/uploads\/2016\/11\/IMG_5445-300x200.jpg 300w, https:\/\/quizviajero.com\/blog\/wp-content\/uploads\/2016\/11\/IMG_5445-768x512.jpg 768w, https:\/\/quizviajero.com\/blog\/wp-content\/uploads\/2016\/11\/IMG_5445-1024x682.jpg 1024w, https:\/\/quizviajero.com\/blog\/wp-content\/uploads\/2016\/11\/IMG_5445-219x146.jpg 219w, https:\/\/quizviajero.com\/blog\/wp-content\/uploads\/2016\/11\/IMG_5445-50x33.jpg 50w, https:\/\/quizviajero.com\/blog\/wp-content\/uploads\/2016\/11\/IMG_5445-113x75.jpg 113w, https:\/\/quizviajero.com\/blog\/wp-content\/uploads\/2016\/11\/IMG_5445.jpg 1280w\" sizes=\"(max-width: 300px) 100vw, 300px\" \/><\/a>\n\t\t\t<\/div><\/figure><figure class='gallery-item'>\n\t\t\t<div class='gallery-icon landscape'>\n\t\t\t\t<a href='https:\/\/quizviajero.com\/blog\/wp-content\/uploads\/2016\/11\/IMG_5207.jpg'><img loading=\"lazy\" decoding=\"async\" width=\"300\" height=\"200\" src=\"https:\/\/quizviajero.com\/blog\/wp-content\/uploads\/2016\/11\/IMG_5207-300x200.jpg\" class=\"attachment-medium size-medium\" alt=\"\" srcset=\"https:\/\/quizviajero.com\/blog\/wp-content\/uploads\/2016\/11\/IMG_5207-300x200.jpg 300w, https:\/\/quizviajero.com\/blog\/wp-content\/uploads\/2016\/11\/IMG_5207-768x512.jpg 768w, https:\/\/quizviajero.com\/blog\/wp-content\/uploads\/2016\/11\/IMG_5207-1024x682.jpg 1024w, https:\/\/quizviajero.com\/blog\/wp-content\/uploads\/2016\/11\/IMG_5207-219x146.jpg 219w, https:\/\/quizviajero.com\/blog\/wp-content\/uploads\/2016\/11\/IMG_5207-50x33.jpg 50w, https:\/\/quizviajero.com\/blog\/wp-content\/uploads\/2016\/11\/IMG_5207-113x75.jpg 113w, https:\/\/quizviajero.com\/blog\/wp-content\/uploads\/2016\/11\/IMG_5207.jpg 1280w\" sizes=\"(max-width: 300px) 100vw, 300px\" \/><\/a>\n\t\t\t<\/div><\/figure><figure class='gallery-item'>\n\t\t\t<div class='gallery-icon landscape'>\n\t\t\t\t<a href='https:\/\/quizviajero.com\/blog\/wp-content\/uploads\/2016\/11\/IMG_5439.jpg'><img loading=\"lazy\" decoding=\"async\" width=\"300\" height=\"200\" src=\"https:\/\/quizviajero.com\/blog\/wp-content\/uploads\/2016\/11\/IMG_5439-300x200.jpg\" class=\"attachment-medium size-medium\" alt=\"\" srcset=\"https:\/\/quizviajero.com\/blog\/wp-content\/uploads\/2016\/11\/IMG_5439-300x200.jpg 300w, https:\/\/quizviajero.com\/blog\/wp-content\/uploads\/2016\/11\/IMG_5439-768x512.jpg 768w, https:\/\/quizviajero.com\/blog\/wp-content\/uploads\/2016\/11\/IMG_5439-1024x682.jpg 1024w, https:\/\/quizviajero.com\/blog\/wp-content\/uploads\/2016\/11\/IMG_5439-219x146.jpg 219w, https:\/\/quizviajero.com\/blog\/wp-content\/uploads\/2016\/11\/IMG_5439-50x33.jpg 50w, https:\/\/quizviajero.com\/blog\/wp-content\/uploads\/2016\/11\/IMG_5439-113x75.jpg 113w, https:\/\/quizviajero.com\/blog\/wp-content\/uploads\/2016\/11\/IMG_5439.jpg 1280w\" sizes=\"(max-width: 300px) 100vw, 300px\" \/><\/a>\n\t\t\t<\/div><\/figure><figure class='gallery-item'>\n\t\t\t<div class='gallery-icon landscape'>\n\t\t\t\t<a href='https:\/\/quizviajero.com\/blog\/wp-content\/uploads\/2016\/11\/IMG_5400.jpg'><img loading=\"lazy\" decoding=\"async\" width=\"300\" height=\"200\" src=\"https:\/\/quizviajero.com\/blog\/wp-content\/uploads\/2016\/11\/IMG_5400-300x200.jpg\" class=\"attachment-medium size-medium\" alt=\"\" srcset=\"https:\/\/quizviajero.com\/blog\/wp-content\/uploads\/2016\/11\/IMG_5400-300x200.jpg 300w, https:\/\/quizviajero.com\/blog\/wp-content\/uploads\/2016\/11\/IMG_5400-768x512.jpg 768w, https:\/\/quizviajero.com\/blog\/wp-content\/uploads\/2016\/11\/IMG_5400-1024x682.jpg 1024w, https:\/\/quizviajero.com\/blog\/wp-content\/uploads\/2016\/11\/IMG_5400-219x146.jpg 219w, https:\/\/quizviajero.com\/blog\/wp-content\/uploads\/2016\/11\/IMG_5400-50x33.jpg 50w, https:\/\/quizviajero.com\/blog\/wp-content\/uploads\/2016\/11\/IMG_5400-113x75.jpg 113w, https:\/\/quizviajero.com\/blog\/wp-content\/uploads\/2016\/11\/IMG_5400.jpg 1280w\" sizes=\"(max-width: 300px) 100vw, 300px\" \/><\/a>\n\t\t\t<\/div><\/figure><figure class='gallery-item'>\n\t\t\t<div class='gallery-icon landscape'>\n\t\t\t\t<a href='https:\/\/quizviajero.com\/blog\/wp-content\/uploads\/2016\/11\/IMG_5386.jpg'><img loading=\"lazy\" decoding=\"async\" width=\"300\" height=\"200\" src=\"https:\/\/quizviajero.com\/blog\/wp-content\/uploads\/2016\/11\/IMG_5386-300x200.jpg\" class=\"attachment-medium size-medium\" alt=\"\" srcset=\"https:\/\/quizviajero.com\/blog\/wp-content\/uploads\/2016\/11\/IMG_5386-300x200.jpg 300w, https:\/\/quizviajero.com\/blog\/wp-content\/uploads\/2016\/11\/IMG_5386-768x512.jpg 768w, https:\/\/quizviajero.com\/blog\/wp-content\/uploads\/2016\/11\/IMG_5386-1024x682.jpg 1024w, https:\/\/quizviajero.com\/blog\/wp-content\/uploads\/2016\/11\/IMG_5386-219x146.jpg 219w, https:\/\/quizviajero.com\/blog\/wp-content\/uploads\/2016\/11\/IMG_5386-50x33.jpg 50w, https:\/\/quizviajero.com\/blog\/wp-content\/uploads\/2016\/11\/IMG_5386-113x75.jpg 113w, https:\/\/quizviajero.com\/blog\/wp-content\/uploads\/2016\/11\/IMG_5386.jpg 1280w\" sizes=\"(max-width: 300px) 100vw, 300px\" \/><\/a>\n\t\t\t<\/div><\/figure><figure class='gallery-item'>\n\t\t\t<div class='gallery-icon landscape'>\n\t\t\t\t<a href='https:\/\/quizviajero.com\/blog\/wp-content\/uploads\/2016\/11\/IMG_5300.jpg'><img loading=\"lazy\" decoding=\"async\" width=\"300\" height=\"200\" src=\"https:\/\/quizviajero.com\/blog\/wp-content\/uploads\/2016\/11\/IMG_5300-300x200.jpg\" class=\"attachment-medium size-medium\" alt=\"\" srcset=\"https:\/\/quizviajero.com\/blog\/wp-content\/uploads\/2016\/11\/IMG_5300-300x200.jpg 300w, https:\/\/quizviajero.com\/blog\/wp-content\/uploads\/2016\/11\/IMG_5300-768x512.jpg 768w, https:\/\/quizviajero.com\/blog\/wp-content\/uploads\/2016\/11\/IMG_5300-1024x682.jpg 1024w, https:\/\/quizviajero.com\/blog\/wp-content\/uploads\/2016\/11\/IMG_5300-219x146.jpg 219w, https:\/\/quizviajero.com\/blog\/wp-content\/uploads\/2016\/11\/IMG_5300-50x33.jpg 50w, https:\/\/quizviajero.com\/blog\/wp-content\/uploads\/2016\/11\/IMG_5300-113x75.jpg 113w, https:\/\/quizviajero.com\/blog\/wp-content\/uploads\/2016\/11\/IMG_5300.jpg 1280w\" sizes=\"(max-width: 300px) 100vw, 300px\" \/><\/a>\n\t\t\t<\/div><\/figure><figure class='gallery-item'>\n\t\t\t<div class='gallery-icon landscape'>\n\t\t\t\t<a href='https:\/\/quizviajero.com\/blog\/wp-content\/uploads\/2016\/11\/IMG_5287.jpg'><img loading=\"lazy\" decoding=\"async\" width=\"300\" height=\"200\" src=\"https:\/\/quizviajero.com\/blog\/wp-content\/uploads\/2016\/11\/IMG_5287-300x200.jpg\" class=\"attachment-medium size-medium\" alt=\"\" srcset=\"https:\/\/quizviajero.com\/blog\/wp-content\/uploads\/2016\/11\/IMG_5287-300x200.jpg 300w, https:\/\/quizviajero.com\/blog\/wp-content\/uploads\/2016\/11\/IMG_5287-768x512.jpg 768w, https:\/\/quizviajero.com\/blog\/wp-content\/uploads\/2016\/11\/IMG_5287-1024x683.jpg 1024w, https:\/\/quizviajero.com\/blog\/wp-content\/uploads\/2016\/11\/IMG_5287-219x146.jpg 219w, https:\/\/quizviajero.com\/blog\/wp-content\/uploads\/2016\/11\/IMG_5287-50x33.jpg 50w, https:\/\/quizviajero.com\/blog\/wp-content\/uploads\/2016\/11\/IMG_5287-112x75.jpg 112w, https:\/\/quizviajero.com\/blog\/wp-content\/uploads\/2016\/11\/IMG_5287.jpg 1280w\" sizes=\"(max-width: 300px) 100vw, 300px\" \/><\/a>\n\t\t\t<\/div><\/figure><figure class='gallery-item'>\n\t\t\t<div class='gallery-icon landscape'>\n\t\t\t\t<a href='https:\/\/quizviajero.com\/blog\/wp-content\/uploads\/2016\/11\/IMG_5278.jpg'><img loading=\"lazy\" decoding=\"async\" width=\"300\" height=\"200\" src=\"https:\/\/quizviajero.com\/blog\/wp-content\/uploads\/2016\/11\/IMG_5278-300x200.jpg\" class=\"attachment-medium size-medium\" alt=\"\" srcset=\"https:\/\/quizviajero.com\/blog\/wp-content\/uploads\/2016\/11\/IMG_5278-300x200.jpg 300w, https:\/\/quizviajero.com\/blog\/wp-content\/uploads\/2016\/11\/IMG_5278-768x512.jpg 768w, https:\/\/quizviajero.com\/blog\/wp-content\/uploads\/2016\/11\/IMG_5278-1024x682.jpg 1024w, https:\/\/quizviajero.com\/blog\/wp-content\/uploads\/2016\/11\/IMG_5278-219x146.jpg 219w, https:\/\/quizviajero.com\/blog\/wp-content\/uploads\/2016\/11\/IMG_5278-50x33.jpg 50w, https:\/\/quizviajero.com\/blog\/wp-content\/uploads\/2016\/11\/IMG_5278-113x75.jpg 113w, https:\/\/quizviajero.com\/blog\/wp-content\/uploads\/2016\/11\/IMG_5278.jpg 1280w\" sizes=\"(max-width: 300px) 100vw, 300px\" \/><\/a>\n\t\t\t<\/div><\/figure><figure class='gallery-item'>\n\t\t\t<div class='gallery-icon landscape'>\n\t\t\t\t<a href='https:\/\/quizviajero.com\/blog\/wp-content\/uploads\/2016\/11\/IMG_5254.jpg'><img loading=\"lazy\" decoding=\"async\" width=\"300\" height=\"200\" src=\"https:\/\/quizviajero.com\/blog\/wp-content\/uploads\/2016\/11\/IMG_5254-300x200.jpg\" class=\"attachment-medium size-medium\" alt=\"\" srcset=\"https:\/\/quizviajero.com\/blog\/wp-content\/uploads\/2016\/11\/IMG_5254-300x200.jpg 300w, https:\/\/quizviajero.com\/blog\/wp-content\/uploads\/2016\/11\/IMG_5254-768x512.jpg 768w, https:\/\/quizviajero.com\/blog\/wp-content\/uploads\/2016\/11\/IMG_5254-1024x682.jpg 1024w, https:\/\/quizviajero.com\/blog\/wp-content\/uploads\/2016\/11\/IMG_5254-219x146.jpg 219w, https:\/\/quizviajero.com\/blog\/wp-content\/uploads\/2016\/11\/IMG_5254-50x33.jpg 50w, https:\/\/quizviajero.com\/blog\/wp-content\/uploads\/2016\/11\/IMG_5254-113x75.jpg 113w, https:\/\/quizviajero.com\/blog\/wp-content\/uploads\/2016\/11\/IMG_5254.jpg 1280w\" sizes=\"(max-width: 300px) 100vw, 300px\" \/><\/a>\n\t\t\t<\/div><\/figure><figure class='gallery-item'>\n\t\t\t<div class='gallery-icon landscape'>\n\t\t\t\t<a href='https:\/\/quizviajero.com\/blog\/wp-content\/uploads\/2016\/11\/IMG_5329.jpg'><img loading=\"lazy\" decoding=\"async\" width=\"300\" height=\"200\" src=\"https:\/\/quizviajero.com\/blog\/wp-content\/uploads\/2016\/11\/IMG_5329-300x200.jpg\" class=\"attachment-medium size-medium\" alt=\"\" srcset=\"https:\/\/quizviajero.com\/blog\/wp-content\/uploads\/2016\/11\/IMG_5329-300x200.jpg 300w, https:\/\/quizviajero.com\/blog\/wp-content\/uploads\/2016\/11\/IMG_5329-768x512.jpg 768w, https:\/\/quizviajero.com\/blog\/wp-content\/uploads\/2016\/11\/IMG_5329-1024x682.jpg 1024w, https:\/\/quizviajero.com\/blog\/wp-content\/uploads\/2016\/11\/IMG_5329-219x146.jpg 219w, https:\/\/quizviajero.com\/blog\/wp-content\/uploads\/2016\/11\/IMG_5329-50x33.jpg 50w, https:\/\/quizviajero.com\/blog\/wp-content\/uploads\/2016\/11\/IMG_5329-113x75.jpg 113w, https:\/\/quizviajero.com\/blog\/wp-content\/uploads\/2016\/11\/IMG_5329.jpg 1280w\" sizes=\"(max-width: 300px) 100vw, 300px\" \/><\/a>\n\t\t\t<\/div><\/figure>\n\t\t<\/div>\n\n<p>&nbsp;<\/p>\n<p><strong>Por <a href=\"https:\/\/twitter.com\/ladipalma\" target=\"_blank\">@ladipalma<\/a><\/strong><\/p>\n<p>&nbsp;<\/p>\n<hr \/>\n<p>Nota de QV: Aqu\u00ed Google compila la ruta completa del Camino Dos Faros:\u00a0<a href=\"https:\/\/www.google.com\/streetview\/#o-camino-dos-faros-spain\" target=\"_blank\">https:\/\/www.google.com\/streetview\/#o-camino-dos-faros-spain<\/a><\/p>\n<hr \/>\n<p>&nbsp;<\/p>\n","protected":false},"excerpt":{"rendered":"<p>Mi infancia estuvo colmada\u00a0de relatos de tierras y lugares legendarios. Mi abuela se encarg\u00f3 de ense\u00f1arme con amor, cada tarde, un pedacito de su historia en su Galicia amada. Y el Camino Dos Faros nos ilumin\u00f3 en las siestas\u00a0en las que no me pod\u00eda dormir porque quer\u00eda que me siguiera contando esos recuerdos fant\u00e1sticos&#8230; &nbsp; Corr\u00eda el a\u00f1o 2000 y con 15 a\u00f1os reci\u00e9n cumplidos comenzaba a tomar forma el sue\u00f1o de mi vida: viajar con mi abuela, ese ser maravilloso que hizo que mi infancia fuese la m\u00e1s feliz del mundo, a conocer los lugares que con un nivel de detalle me describ\u00eda cada tarde en la que dormir la siesta era una excusa para que me cuente todo de su amada Tella\u00a0-el pueblito gallego en el que hab\u00eda nacido y al que siempre a\u00f1oraba con volver- y esos sitios hermosos entre monta\u00f1as y mar que me resultaban tesoros imaginarios. El destino, caprichoso, me la arranc\u00f3 poco antes y sent\u00ed que el mundo se ca\u00eda. Sin embargo, los a\u00f1os pasaron y con la madurez lleg\u00f3 la idea de emprender ese viaje de vuelta a los recuerdos, a mis ra\u00edces, a mi esencia que me hac\u00eda tanta falta. Como si la posibilidad de encontrarme con esos lugares que mi coraz\u00f3n conoc\u00eda, me permitiesen hacer el camino que juntas hab\u00edamos so\u00f1ado. Y doce a\u00f1os m\u00e1s tarde de lo planeado, me lleg\u00f3 la chance, en mi primer viaje trasatl\u00e1ntico, de conocer esos lugares legendarios que sent\u00eda tan m\u00edos. Continuos dejavues y sensaciones de ya haberlo visto me atravesaron. Los minutos previos al aterrizaje fueron m\u00e1s que eternos para m\u00ed. Los recuerdos me inundaban, la expectativa me llevaba el coraz\u00f3n a dos mil. Mil sensaciones encontradas. Y nervios. Y ansiedad. Mi familia gallega, t\u00edos, primos, me abrieron las puertas de sus casas y sus corazones de par en par. As\u00ed llegamos a la Coru\u00f1a y ya una t\u00eda me esperaba para dormir en su casa por la noche y pasar una de las veladas m\u00e1s divertidas de mi vida. Despu\u00e9s de d\u00e9cadas, volv\u00ed a probar comidas que no me gustaban como un gesto de amor y gratitud, y esa noche dorm\u00ed con la paz de sentir que estaba en el lugar donde m\u00e1s quer\u00eda estar. &nbsp; Me llev\u00f3 al primero de los Faros del Camino, \u00edcono gallego, la Torre de H\u00e9rcules, que se erig\u00eda ante nosotros d\u00e1ndome la bienvenida en pleno atardecer dorado. La Torre de H\u00e9rcules es el faro romano m\u00e1s antiguo del mundo y que a\u00fan sigue en funcionamiento. La ma\u00f1ana siguiente, emprendimos el camino monta\u00f1oso, lleno de paisajes preciosos y en cada curva resonaba la voz de mi abuela. &nbsp; Antes de llegar al pueblo, bajamos en la playa de arenas blancas que tanto ella me recordaba cada vez que me nombraba el mar \u00abten\u00edamos las playas m\u00e1s blancas y fr\u00edas del mundo\u00bb. Y yo, me las imaginaba de nieve. &nbsp; Otra t\u00eda me recibi\u00f3 en su casa por algunas noches y toda la familia me fue pasando a buscar para conocer los lugares que ya estaban grabados a fuego en mi memoria incluso antes de conocerlos. Sin embargo, mi primo Jos\u00e9 Manuel fue el responsable de llevarme a hacer ese viaje al interior de los recuerdos que ven\u00edan m\u00e1s v\u00edvidos con cada kil\u00f3metro recorrido. Juntos atravesamos la Costa da Morte, recorrimos el Camino dos Faros, comenzando por el Faro de Laxe, con una vista maravillosa a una bah\u00eda azul de ensue\u00f1o. El Faro es muy sencillo y es una r\u00e9plica exacta de otro, el Faro Roncudo, que pertenece a Corme, cuyo entorno de piedras y rocas es totalmente opuesto.\u00a0 M\u00e1s tarde, llegar\u00edamos al Faro de Punta da Barca en Mux\u00eda. Situado en un entorno incre\u00edble, junto al Santuario de la Virgen de la Barca, en uno de los puntos m\u00e1s hermosos e impactantes de todo el recorrido. El atardecer nos regal\u00f3 su color dorado en las flores silvestres amarillas y la record\u00e9 tanto m\u00e1s porque en ese sitio hay una piedra que, seg\u00fan la leyenda, si se pasa nueve veces por debajo, se curan todas las enfermedades de espalda y ri\u00f1ones. Siempre me dec\u00eda \u00ablo primero que tenemos que hacer, es ir a pasar por la piedra de Os Cadr\u00eds\u00bb. &nbsp; El paso por el Faro de Punta Nariga creo, fue el m\u00e1s impresionante. El Faro en s\u00ed, es el m\u00e1s trabajado de todos, y el que ofrece las mejores vistas. Ubicado en lo alto del Monte Nariga, pertenece al Concello de Malpica. Es el m\u00e1s moderno de todos y fue construido en los a\u00f1os 90. Desde arriba, uno tiene la sensaci\u00f3n de encontrarse sobre un barco atracado entre las rocas; y una curiosa pero hermos\u00edsima escultura corona la estructura. Es llamada \u00abEl Atlante\u00bb. Finalmente, llegamos al punto m\u00e1s remoto de Galicia: Finisterre. El lugar donde todo termina. Donde termina la tierra para dar paso al mar que ruge con potencia y desaf\u00eda la fortaleza de los marinos. El lugar en el que los peregrinos de Santiago queman sus ropas como \u00faltimo gesto hacia el Santo. El lugar que alberga el \u00faltimo faro del maravilloso Camino. Hoy en d\u00eda se sabe que no es el lugar m\u00e1s occidental de Galicia, pero la tradici\u00f3n lo ha convertido en el final del Camino. &nbsp; Apenas llegamos y nos asomamos al acantilado, sent\u00ed una fuerza en el pecho que el coraz\u00f3n se me sal\u00eda. Mezclado con una paz que nunca hab\u00eda sentido. Y ah\u00ed Jos\u00e9 Manuel, mi Virgilio en esos d\u00edas, me dijo: \u00abno me creer\u00edas si te dijera que nunca vi el mar tan calmo, nunca vi en mi vida un d\u00eda como \u00e9ste.\u00bb Me llev\u00f3 a un peque\u00f1o refugio de madera donde hab\u00eda un bar de no m\u00e1s de tres por tres, con una hermosa ventana al oc\u00e9ano. Me compr\u00f3 una coca y me dijo: \u00absi\u00e9ntate ah\u00ed\u00bb, se\u00f1alando un banquito de madera junto a la ventana. Cuando vino, se sent\u00f3 en frente m\u00edo y respirando hondo solt\u00f3: \u00aben este exacto sitio estuvo sentada hace unos 15 a\u00f1os tu abuela.<\/p>\n","protected":false},"author":2,"featured_media":510,"comment_status":"open","ping_status":"open","sticky":false,"template":"","format":"standard","meta":{"_mo_disable_npp":"","_joinchat":[],"footnotes":""},"categories":[5,209,212],"tags":[],"class_list":["post-483","post","type-post","status-publish","format-standard","has-post-thumbnail","hentry","category-bloggeroqv","category-destinos","category-espana"],"yoast_head":"<!-- This site is optimized with the Yoast SEO plugin v27.5 - https:\/\/yoast.com\/product\/yoast-seo-wordpress\/ -->\n<title>Un viaje al interior a trav\u00e9s del Camino Dos Faros | QuizViajero<\/title>\n<meta name=\"robots\" content=\"index, follow, max-snippet:-1, max-image-preview:large, max-video-preview:-1\" \/>\n<link rel=\"canonical\" href=\"https:\/\/quizviajero.com\/blog\/viaje-al-interior-traves-del-camino-dos-faros\/\" \/>\n<meta property=\"og:locale\" content=\"es_ES\" \/>\n<meta property=\"og:type\" content=\"article\" \/>\n<meta property=\"og:title\" content=\"Un viaje al interior a trav\u00e9s del Camino Dos Faros | QuizViajero\" \/>\n<meta property=\"og:description\" content=\"Mi infancia estuvo colmada\u00a0de relatos de tierras y lugares legendarios. Mi abuela se encarg\u00f3 de ense\u00f1arme con amor, cada tarde, un pedacito de su historia en su Galicia amada. Y el Camino Dos Faros nos ilumin\u00f3 en las siestas\u00a0en las que no me pod\u00eda dormir porque quer\u00eda que me siguiera contando esos recuerdos fant\u00e1sticos&#8230; &nbsp; Corr\u00eda el a\u00f1o 2000 y con 15 a\u00f1os reci\u00e9n cumplidos comenzaba a tomar forma el sue\u00f1o de mi vida: viajar con mi abuela, ese ser maravilloso que hizo que mi infancia fuese la m\u00e1s feliz del mundo, a conocer los lugares que con un nivel de detalle me describ\u00eda cada tarde en la que dormir la siesta era una excusa para que me cuente todo de su amada Tella\u00a0-el pueblito gallego en el que hab\u00eda nacido y al que siempre a\u00f1oraba con volver- y esos sitios hermosos entre monta\u00f1as y mar que me resultaban tesoros imaginarios. El destino, caprichoso, me la arranc\u00f3 poco antes y sent\u00ed que el mundo se ca\u00eda. Sin embargo, los a\u00f1os pasaron y con la madurez lleg\u00f3 la idea de emprender ese viaje de vuelta a los recuerdos, a mis ra\u00edces, a mi esencia que me hac\u00eda tanta falta. Como si la posibilidad de encontrarme con esos lugares que mi coraz\u00f3n conoc\u00eda, me permitiesen hacer el camino que juntas hab\u00edamos so\u00f1ado. Y doce a\u00f1os m\u00e1s tarde de lo planeado, me lleg\u00f3 la chance, en mi primer viaje trasatl\u00e1ntico, de conocer esos lugares legendarios que sent\u00eda tan m\u00edos. Continuos dejavues y sensaciones de ya haberlo visto me atravesaron. Los minutos previos al aterrizaje fueron m\u00e1s que eternos para m\u00ed. Los recuerdos me inundaban, la expectativa me llevaba el coraz\u00f3n a dos mil. Mil sensaciones encontradas. Y nervios. Y ansiedad. Mi familia gallega, t\u00edos, primos, me abrieron las puertas de sus casas y sus corazones de par en par. As\u00ed llegamos a la Coru\u00f1a y ya una t\u00eda me esperaba para dormir en su casa por la noche y pasar una de las veladas m\u00e1s divertidas de mi vida. Despu\u00e9s de d\u00e9cadas, volv\u00ed a probar comidas que no me gustaban como un gesto de amor y gratitud, y esa noche dorm\u00ed con la paz de sentir que estaba en el lugar donde m\u00e1s quer\u00eda estar. &nbsp; Me llev\u00f3 al primero de los Faros del Camino, \u00edcono gallego, la Torre de H\u00e9rcules, que se erig\u00eda ante nosotros d\u00e1ndome la bienvenida en pleno atardecer dorado. La Torre de H\u00e9rcules es el faro romano m\u00e1s antiguo del mundo y que a\u00fan sigue en funcionamiento. La ma\u00f1ana siguiente, emprendimos el camino monta\u00f1oso, lleno de paisajes preciosos y en cada curva resonaba la voz de mi abuela. &nbsp; Antes de llegar al pueblo, bajamos en la playa de arenas blancas que tanto ella me recordaba cada vez que me nombraba el mar \u00abten\u00edamos las playas m\u00e1s blancas y fr\u00edas del mundo\u00bb. Y yo, me las imaginaba de nieve. &nbsp; Otra t\u00eda me recibi\u00f3 en su casa por algunas noches y toda la familia me fue pasando a buscar para conocer los lugares que ya estaban grabados a fuego en mi memoria incluso antes de conocerlos. Sin embargo, mi primo Jos\u00e9 Manuel fue el responsable de llevarme a hacer ese viaje al interior de los recuerdos que ven\u00edan m\u00e1s v\u00edvidos con cada kil\u00f3metro recorrido. Juntos atravesamos la Costa da Morte, recorrimos el Camino dos Faros, comenzando por el Faro de Laxe, con una vista maravillosa a una bah\u00eda azul de ensue\u00f1o. El Faro es muy sencillo y es una r\u00e9plica exacta de otro, el Faro Roncudo, que pertenece a Corme, cuyo entorno de piedras y rocas es totalmente opuesto.\u00a0 M\u00e1s tarde, llegar\u00edamos al Faro de Punta da Barca en Mux\u00eda. Situado en un entorno incre\u00edble, junto al Santuario de la Virgen de la Barca, en uno de los puntos m\u00e1s hermosos e impactantes de todo el recorrido. El atardecer nos regal\u00f3 su color dorado en las flores silvestres amarillas y la record\u00e9 tanto m\u00e1s porque en ese sitio hay una piedra que, seg\u00fan la leyenda, si se pasa nueve veces por debajo, se curan todas las enfermedades de espalda y ri\u00f1ones. Siempre me dec\u00eda \u00ablo primero que tenemos que hacer, es ir a pasar por la piedra de Os Cadr\u00eds\u00bb. &nbsp; El paso por el Faro de Punta Nariga creo, fue el m\u00e1s impresionante. El Faro en s\u00ed, es el m\u00e1s trabajado de todos, y el que ofrece las mejores vistas. Ubicado en lo alto del Monte Nariga, pertenece al Concello de Malpica. Es el m\u00e1s moderno de todos y fue construido en los a\u00f1os 90. Desde arriba, uno tiene la sensaci\u00f3n de encontrarse sobre un barco atracado entre las rocas; y una curiosa pero hermos\u00edsima escultura corona la estructura. Es llamada \u00abEl Atlante\u00bb. Finalmente, llegamos al punto m\u00e1s remoto de Galicia: Finisterre. El lugar donde todo termina. Donde termina la tierra para dar paso al mar que ruge con potencia y desaf\u00eda la fortaleza de los marinos. El lugar en el que los peregrinos de Santiago queman sus ropas como \u00faltimo gesto hacia el Santo. El lugar que alberga el \u00faltimo faro del maravilloso Camino. Hoy en d\u00eda se sabe que no es el lugar m\u00e1s occidental de Galicia, pero la tradici\u00f3n lo ha convertido en el final del Camino. &nbsp; Apenas llegamos y nos asomamos al acantilado, sent\u00ed una fuerza en el pecho que el coraz\u00f3n se me sal\u00eda. Mezclado con una paz que nunca hab\u00eda sentido. Y ah\u00ed Jos\u00e9 Manuel, mi Virgilio en esos d\u00edas, me dijo: \u00abno me creer\u00edas si te dijera que nunca vi el mar tan calmo, nunca vi en mi vida un d\u00eda como \u00e9ste.\u00bb Me llev\u00f3 a un peque\u00f1o refugio de madera donde hab\u00eda un bar de no m\u00e1s de tres por tres, con una hermosa ventana al oc\u00e9ano. Me compr\u00f3 una coca y me dijo: \u00absi\u00e9ntate ah\u00ed\u00bb, se\u00f1alando un banquito de madera junto a la ventana. Cuando vino, se sent\u00f3 en frente m\u00edo y respirando hondo solt\u00f3: \u00aben este exacto sitio estuvo sentada hace unos 15 a\u00f1os tu abuela.\" \/>\n<meta property=\"og:url\" content=\"https:\/\/quizviajero.com\/blog\/viaje-al-interior-traves-del-camino-dos-faros\/\" \/>\n<meta property=\"og:site_name\" content=\"QuizViajero\" \/>\n<meta property=\"article:publisher\" content=\"https:\/\/www.facebook.com\/quizviajero\/\" \/>\n<meta property=\"article:author\" content=\"https:\/\/www.facebook.com\/ladipalma\" \/>\n<meta property=\"article:published_time\" content=\"2016-11-26T07:57:00+00:00\" \/>\n<meta property=\"article:modified_time\" content=\"2018-08-06T18:23:57+00:00\" \/>\n<meta property=\"og:image\" content=\"https:\/\/quizviajero.com\/blog\/wp-content\/uploads\/2017\/11\/bloggeroqv-abuela.jpg\" \/>\n\t<meta property=\"og:image:width\" content=\"1280\" \/>\n\t<meta property=\"og:image:height\" content=\"640\" \/>\n\t<meta property=\"og:image:type\" content=\"image\/jpeg\" \/>\n<meta name=\"author\" content=\"QuizViajero\" \/>\n<meta name=\"twitter:card\" content=\"summary_large_image\" \/>\n<meta name=\"twitter:creator\" content=\"@quiz_viajero\" \/>\n<meta name=\"twitter:site\" content=\"@quiz_viajero\" \/>\n<meta name=\"twitter:label1\" content=\"Escrito por\" \/>\n\t<meta name=\"twitter:data1\" content=\"QuizViajero\" \/>\n\t<meta name=\"twitter:label2\" content=\"Tiempo de lectura\" \/>\n\t<meta name=\"twitter:data2\" content=\"6 minutos\" \/>\n<script type=\"application\/ld+json\" class=\"yoast-schema-graph\">{\"@context\":\"https:\\\/\\\/schema.org\",\"@graph\":[{\"@type\":\"Article\",\"@id\":\"https:\\\/\\\/quizviajero.com\\\/blog\\\/viaje-al-interior-traves-del-camino-dos-faros\\\/#article\",\"isPartOf\":{\"@id\":\"https:\\\/\\\/quizviajero.com\\\/blog\\\/viaje-al-interior-traves-del-camino-dos-faros\\\/\"},\"author\":{\"name\":\"QuizViajero\",\"@id\":\"https:\\\/\\\/quizviajero.com\\\/blog\\\/#\\\/schema\\\/person\\\/f4d056fefe9fd4556f4394e279d07a0d\"},\"headline\":\"Un viaje al interior a trav\u00e9s del Camino Dos Faros\",\"datePublished\":\"2016-11-26T07:57:00+00:00\",\"dateModified\":\"2018-08-06T18:23:57+00:00\",\"mainEntityOfPage\":{\"@id\":\"https:\\\/\\\/quizviajero.com\\\/blog\\\/viaje-al-interior-traves-del-camino-dos-faros\\\/\"},\"wordCount\":1206,\"commentCount\":4,\"publisher\":{\"@id\":\"https:\\\/\\\/quizviajero.com\\\/blog\\\/#organization\"},\"image\":{\"@id\":\"https:\\\/\\\/quizviajero.com\\\/blog\\\/viaje-al-interior-traves-del-camino-dos-faros\\\/#primaryimage\"},\"thumbnailUrl\":\"https:\\\/\\\/quizviajero.com\\\/blog\\\/wp-content\\\/uploads\\\/2017\\\/11\\\/bloggeroqv-abuela.jpg\",\"articleSection\":[\"#BloggeroQV\",\"#DestinosQV\",\"Espa\u00f1a\"],\"inLanguage\":\"es\",\"potentialAction\":[{\"@type\":\"CommentAction\",\"name\":\"Comment\",\"target\":[\"https:\\\/\\\/quizviajero.com\\\/blog\\\/viaje-al-interior-traves-del-camino-dos-faros\\\/#respond\"]}]},{\"@type\":\"WebPage\",\"@id\":\"https:\\\/\\\/quizviajero.com\\\/blog\\\/viaje-al-interior-traves-del-camino-dos-faros\\\/\",\"url\":\"https:\\\/\\\/quizviajero.com\\\/blog\\\/viaje-al-interior-traves-del-camino-dos-faros\\\/\",\"name\":\"Un viaje al interior a trav\u00e9s del Camino Dos Faros | QuizViajero\",\"isPartOf\":{\"@id\":\"https:\\\/\\\/quizviajero.com\\\/blog\\\/#website\"},\"primaryImageOfPage\":{\"@id\":\"https:\\\/\\\/quizviajero.com\\\/blog\\\/viaje-al-interior-traves-del-camino-dos-faros\\\/#primaryimage\"},\"image\":{\"@id\":\"https:\\\/\\\/quizviajero.com\\\/blog\\\/viaje-al-interior-traves-del-camino-dos-faros\\\/#primaryimage\"},\"thumbnailUrl\":\"https:\\\/\\\/quizviajero.com\\\/blog\\\/wp-content\\\/uploads\\\/2017\\\/11\\\/bloggeroqv-abuela.jpg\",\"datePublished\":\"2016-11-26T07:57:00+00:00\",\"dateModified\":\"2018-08-06T18:23:57+00:00\",\"breadcrumb\":{\"@id\":\"https:\\\/\\\/quizviajero.com\\\/blog\\\/viaje-al-interior-traves-del-camino-dos-faros\\\/#breadcrumb\"},\"inLanguage\":\"es\",\"potentialAction\":[{\"@type\":\"ReadAction\",\"target\":[\"https:\\\/\\\/quizviajero.com\\\/blog\\\/viaje-al-interior-traves-del-camino-dos-faros\\\/\"]}]},{\"@type\":\"ImageObject\",\"inLanguage\":\"es\",\"@id\":\"https:\\\/\\\/quizviajero.com\\\/blog\\\/viaje-al-interior-traves-del-camino-dos-faros\\\/#primaryimage\",\"url\":\"https:\\\/\\\/quizviajero.com\\\/blog\\\/wp-content\\\/uploads\\\/2017\\\/11\\\/bloggeroqv-abuela.jpg\",\"contentUrl\":\"https:\\\/\\\/quizviajero.com\\\/blog\\\/wp-content\\\/uploads\\\/2017\\\/11\\\/bloggeroqv-abuela.jpg\",\"width\":1280,\"height\":640},{\"@type\":\"BreadcrumbList\",\"@id\":\"https:\\\/\\\/quizviajero.com\\\/blog\\\/viaje-al-interior-traves-del-camino-dos-faros\\\/#breadcrumb\",\"itemListElement\":[{\"@type\":\"ListItem\",\"position\":1,\"name\":\"Home\",\"item\":\"https:\\\/\\\/quizviajero.com\\\/blog\\\/\"},{\"@type\":\"ListItem\",\"position\":2,\"name\":\"#BloggeroQV\",\"item\":\"https:\\\/\\\/quizviajero.com\\\/blog\\\/bloggeroqv\\\/\"},{\"@type\":\"ListItem\",\"position\":3,\"name\":\"Un viaje al interior a trav\u00e9s del Camino Dos Faros\"}]},{\"@type\":\"WebSite\",\"@id\":\"https:\\\/\\\/quizviajero.com\\\/blog\\\/#website\",\"url\":\"https:\\\/\\\/quizviajero.com\\\/blog\\\/\",\"name\":\"QuizViajero\",\"description\":\"El primer juego sobre viajes con premios! \u2708\",\"publisher\":{\"@id\":\"https:\\\/\\\/quizviajero.com\\\/blog\\\/#organization\"},\"potentialAction\":[{\"@type\":\"SearchAction\",\"target\":{\"@type\":\"EntryPoint\",\"urlTemplate\":\"https:\\\/\\\/quizviajero.com\\\/blog\\\/?s={search_term_string}\"},\"query-input\":{\"@type\":\"PropertyValueSpecification\",\"valueRequired\":true,\"valueName\":\"search_term_string\"}}],\"inLanguage\":\"es\"},{\"@type\":\"Organization\",\"@id\":\"https:\\\/\\\/quizviajero.com\\\/blog\\\/#organization\",\"name\":\"QuizViajero\",\"url\":\"https:\\\/\\\/quizviajero.com\\\/blog\\\/\",\"logo\":{\"@type\":\"ImageObject\",\"inLanguage\":\"es\",\"@id\":\"https:\\\/\\\/quizviajero.com\\\/blog\\\/#\\\/schema\\\/logo\\\/image\\\/\",\"url\":\"https:\\\/\\\/quizviajero.com\\\/blog\\\/wp-content\\\/uploads\\\/2016\\\/11\\\/cropped-qv_logo-1.png\",\"contentUrl\":\"https:\\\/\\\/quizviajero.com\\\/blog\\\/wp-content\\\/uploads\\\/2016\\\/11\\\/cropped-qv_logo-1.png\",\"width\":301,\"height\":100,\"caption\":\"QuizViajero\"},\"image\":{\"@id\":\"https:\\\/\\\/quizviajero.com\\\/blog\\\/#\\\/schema\\\/logo\\\/image\\\/\"},\"sameAs\":[\"https:\\\/\\\/www.facebook.com\\\/quizviajero\\\/\",\"https:\\\/\\\/x.com\\\/quiz_viajero\",\"http:\\\/\\\/instagram.com\\\/quizviajeroig\"]},{\"@type\":\"Person\",\"@id\":\"https:\\\/\\\/quizviajero.com\\\/blog\\\/#\\\/schema\\\/person\\\/f4d056fefe9fd4556f4394e279d07a0d\",\"name\":\"QuizViajero\",\"image\":{\"@type\":\"ImageObject\",\"inLanguage\":\"es\",\"@id\":\"https:\\\/\\\/secure.gravatar.com\\\/avatar\\\/3dc8adbf4a52aa08c3a21a7641d94729214f107ebb357d99d1cfe773f656bdae?s=96&d=mm&r=g\",\"url\":\"https:\\\/\\\/secure.gravatar.com\\\/avatar\\\/3dc8adbf4a52aa08c3a21a7641d94729214f107ebb357d99d1cfe773f656bdae?s=96&d=mm&r=g\",\"contentUrl\":\"https:\\\/\\\/secure.gravatar.com\\\/avatar\\\/3dc8adbf4a52aa08c3a21a7641d94729214f107ebb357d99d1cfe773f656bdae?s=96&d=mm&r=g\",\"caption\":\"QuizViajero\"},\"description\":\"Im an audiovisual designer. I work as a freelance designer and I love photography &amp; travelling. Do small things with great love \u2665\",\"sameAs\":[\"http:\\\/\\\/mediabrand.com.ar\",\"https:\\\/\\\/www.facebook.com\\\/ladipalma\"],\"url\":\"https:\\\/\\\/quizviajero.com\\\/blog\\\/author\\\/ladipalma\\\/\"}]}<\/script>\n<!-- \/ Yoast SEO plugin. -->","yoast_head_json":{"title":"Un viaje al interior a trav\u00e9s del Camino Dos Faros | QuizViajero","robots":{"index":"index","follow":"follow","max-snippet":"max-snippet:-1","max-image-preview":"max-image-preview:large","max-video-preview":"max-video-preview:-1"},"canonical":"https:\/\/quizviajero.com\/blog\/viaje-al-interior-traves-del-camino-dos-faros\/","og_locale":"es_ES","og_type":"article","og_title":"Un viaje al interior a trav\u00e9s del Camino Dos Faros | QuizViajero","og_description":"Mi infancia estuvo colmada\u00a0de relatos de tierras y lugares legendarios. Mi abuela se encarg\u00f3 de ense\u00f1arme con amor, cada tarde, un pedacito de su historia en su Galicia amada. Y el Camino Dos Faros nos ilumin\u00f3 en las siestas\u00a0en las que no me pod\u00eda dormir porque quer\u00eda que me siguiera contando esos recuerdos fant\u00e1sticos&#8230; &nbsp; Corr\u00eda el a\u00f1o 2000 y con 15 a\u00f1os reci\u00e9n cumplidos comenzaba a tomar forma el sue\u00f1o de mi vida: viajar con mi abuela, ese ser maravilloso que hizo que mi infancia fuese la m\u00e1s feliz del mundo, a conocer los lugares que con un nivel de detalle me describ\u00eda cada tarde en la que dormir la siesta era una excusa para que me cuente todo de su amada Tella\u00a0-el pueblito gallego en el que hab\u00eda nacido y al que siempre a\u00f1oraba con volver- y esos sitios hermosos entre monta\u00f1as y mar que me resultaban tesoros imaginarios. El destino, caprichoso, me la arranc\u00f3 poco antes y sent\u00ed que el mundo se ca\u00eda. Sin embargo, los a\u00f1os pasaron y con la madurez lleg\u00f3 la idea de emprender ese viaje de vuelta a los recuerdos, a mis ra\u00edces, a mi esencia que me hac\u00eda tanta falta. Como si la posibilidad de encontrarme con esos lugares que mi coraz\u00f3n conoc\u00eda, me permitiesen hacer el camino que juntas hab\u00edamos so\u00f1ado. Y doce a\u00f1os m\u00e1s tarde de lo planeado, me lleg\u00f3 la chance, en mi primer viaje trasatl\u00e1ntico, de conocer esos lugares legendarios que sent\u00eda tan m\u00edos. Continuos dejavues y sensaciones de ya haberlo visto me atravesaron. Los minutos previos al aterrizaje fueron m\u00e1s que eternos para m\u00ed. Los recuerdos me inundaban, la expectativa me llevaba el coraz\u00f3n a dos mil. Mil sensaciones encontradas. Y nervios. Y ansiedad. Mi familia gallega, t\u00edos, primos, me abrieron las puertas de sus casas y sus corazones de par en par. As\u00ed llegamos a la Coru\u00f1a y ya una t\u00eda me esperaba para dormir en su casa por la noche y pasar una de las veladas m\u00e1s divertidas de mi vida. Despu\u00e9s de d\u00e9cadas, volv\u00ed a probar comidas que no me gustaban como un gesto de amor y gratitud, y esa noche dorm\u00ed con la paz de sentir que estaba en el lugar donde m\u00e1s quer\u00eda estar. &nbsp; Me llev\u00f3 al primero de los Faros del Camino, \u00edcono gallego, la Torre de H\u00e9rcules, que se erig\u00eda ante nosotros d\u00e1ndome la bienvenida en pleno atardecer dorado. La Torre de H\u00e9rcules es el faro romano m\u00e1s antiguo del mundo y que a\u00fan sigue en funcionamiento. La ma\u00f1ana siguiente, emprendimos el camino monta\u00f1oso, lleno de paisajes preciosos y en cada curva resonaba la voz de mi abuela. &nbsp; Antes de llegar al pueblo, bajamos en la playa de arenas blancas que tanto ella me recordaba cada vez que me nombraba el mar \u00abten\u00edamos las playas m\u00e1s blancas y fr\u00edas del mundo\u00bb. Y yo, me las imaginaba de nieve. &nbsp; Otra t\u00eda me recibi\u00f3 en su casa por algunas noches y toda la familia me fue pasando a buscar para conocer los lugares que ya estaban grabados a fuego en mi memoria incluso antes de conocerlos. Sin embargo, mi primo Jos\u00e9 Manuel fue el responsable de llevarme a hacer ese viaje al interior de los recuerdos que ven\u00edan m\u00e1s v\u00edvidos con cada kil\u00f3metro recorrido. Juntos atravesamos la Costa da Morte, recorrimos el Camino dos Faros, comenzando por el Faro de Laxe, con una vista maravillosa a una bah\u00eda azul de ensue\u00f1o. El Faro es muy sencillo y es una r\u00e9plica exacta de otro, el Faro Roncudo, que pertenece a Corme, cuyo entorno de piedras y rocas es totalmente opuesto.\u00a0 M\u00e1s tarde, llegar\u00edamos al Faro de Punta da Barca en Mux\u00eda. Situado en un entorno incre\u00edble, junto al Santuario de la Virgen de la Barca, en uno de los puntos m\u00e1s hermosos e impactantes de todo el recorrido. El atardecer nos regal\u00f3 su color dorado en las flores silvestres amarillas y la record\u00e9 tanto m\u00e1s porque en ese sitio hay una piedra que, seg\u00fan la leyenda, si se pasa nueve veces por debajo, se curan todas las enfermedades de espalda y ri\u00f1ones. Siempre me dec\u00eda \u00ablo primero que tenemos que hacer, es ir a pasar por la piedra de Os Cadr\u00eds\u00bb. &nbsp; El paso por el Faro de Punta Nariga creo, fue el m\u00e1s impresionante. El Faro en s\u00ed, es el m\u00e1s trabajado de todos, y el que ofrece las mejores vistas. Ubicado en lo alto del Monte Nariga, pertenece al Concello de Malpica. Es el m\u00e1s moderno de todos y fue construido en los a\u00f1os 90. Desde arriba, uno tiene la sensaci\u00f3n de encontrarse sobre un barco atracado entre las rocas; y una curiosa pero hermos\u00edsima escultura corona la estructura. Es llamada \u00abEl Atlante\u00bb. Finalmente, llegamos al punto m\u00e1s remoto de Galicia: Finisterre. El lugar donde todo termina. Donde termina la tierra para dar paso al mar que ruge con potencia y desaf\u00eda la fortaleza de los marinos. El lugar en el que los peregrinos de Santiago queman sus ropas como \u00faltimo gesto hacia el Santo. El lugar que alberga el \u00faltimo faro del maravilloso Camino. Hoy en d\u00eda se sabe que no es el lugar m\u00e1s occidental de Galicia, pero la tradici\u00f3n lo ha convertido en el final del Camino. &nbsp; Apenas llegamos y nos asomamos al acantilado, sent\u00ed una fuerza en el pecho que el coraz\u00f3n se me sal\u00eda. Mezclado con una paz que nunca hab\u00eda sentido. Y ah\u00ed Jos\u00e9 Manuel, mi Virgilio en esos d\u00edas, me dijo: \u00abno me creer\u00edas si te dijera que nunca vi el mar tan calmo, nunca vi en mi vida un d\u00eda como \u00e9ste.\u00bb Me llev\u00f3 a un peque\u00f1o refugio de madera donde hab\u00eda un bar de no m\u00e1s de tres por tres, con una hermosa ventana al oc\u00e9ano. Me compr\u00f3 una coca y me dijo: \u00absi\u00e9ntate ah\u00ed\u00bb, se\u00f1alando un banquito de madera junto a la ventana. Cuando vino, se sent\u00f3 en frente m\u00edo y respirando hondo solt\u00f3: \u00aben este exacto sitio estuvo sentada hace unos 15 a\u00f1os tu abuela.","og_url":"https:\/\/quizviajero.com\/blog\/viaje-al-interior-traves-del-camino-dos-faros\/","og_site_name":"QuizViajero","article_publisher":"https:\/\/www.facebook.com\/quizviajero\/","article_author":"https:\/\/www.facebook.com\/ladipalma","article_published_time":"2016-11-26T07:57:00+00:00","article_modified_time":"2018-08-06T18:23:57+00:00","og_image":[{"width":1280,"height":640,"url":"https:\/\/quizviajero.com\/blog\/wp-content\/uploads\/2017\/11\/bloggeroqv-abuela.jpg","type":"image\/jpeg"}],"author":"QuizViajero","twitter_card":"summary_large_image","twitter_creator":"@quiz_viajero","twitter_site":"@quiz_viajero","twitter_misc":{"Escrito por":"QuizViajero","Tiempo de lectura":"6 minutos"},"schema":{"@context":"https:\/\/schema.org","@graph":[{"@type":"Article","@id":"https:\/\/quizviajero.com\/blog\/viaje-al-interior-traves-del-camino-dos-faros\/#article","isPartOf":{"@id":"https:\/\/quizviajero.com\/blog\/viaje-al-interior-traves-del-camino-dos-faros\/"},"author":{"name":"QuizViajero","@id":"https:\/\/quizviajero.com\/blog\/#\/schema\/person\/f4d056fefe9fd4556f4394e279d07a0d"},"headline":"Un viaje al interior a trav\u00e9s del Camino Dos Faros","datePublished":"2016-11-26T07:57:00+00:00","dateModified":"2018-08-06T18:23:57+00:00","mainEntityOfPage":{"@id":"https:\/\/quizviajero.com\/blog\/viaje-al-interior-traves-del-camino-dos-faros\/"},"wordCount":1206,"commentCount":4,"publisher":{"@id":"https:\/\/quizviajero.com\/blog\/#organization"},"image":{"@id":"https:\/\/quizviajero.com\/blog\/viaje-al-interior-traves-del-camino-dos-faros\/#primaryimage"},"thumbnailUrl":"https:\/\/quizviajero.com\/blog\/wp-content\/uploads\/2017\/11\/bloggeroqv-abuela.jpg","articleSection":["#BloggeroQV","#DestinosQV","Espa\u00f1a"],"inLanguage":"es","potentialAction":[{"@type":"CommentAction","name":"Comment","target":["https:\/\/quizviajero.com\/blog\/viaje-al-interior-traves-del-camino-dos-faros\/#respond"]}]},{"@type":"WebPage","@id":"https:\/\/quizviajero.com\/blog\/viaje-al-interior-traves-del-camino-dos-faros\/","url":"https:\/\/quizviajero.com\/blog\/viaje-al-interior-traves-del-camino-dos-faros\/","name":"Un viaje al interior a trav\u00e9s del Camino Dos Faros | QuizViajero","isPartOf":{"@id":"https:\/\/quizviajero.com\/blog\/#website"},"primaryImageOfPage":{"@id":"https:\/\/quizviajero.com\/blog\/viaje-al-interior-traves-del-camino-dos-faros\/#primaryimage"},"image":{"@id":"https:\/\/quizviajero.com\/blog\/viaje-al-interior-traves-del-camino-dos-faros\/#primaryimage"},"thumbnailUrl":"https:\/\/quizviajero.com\/blog\/wp-content\/uploads\/2017\/11\/bloggeroqv-abuela.jpg","datePublished":"2016-11-26T07:57:00+00:00","dateModified":"2018-08-06T18:23:57+00:00","breadcrumb":{"@id":"https:\/\/quizviajero.com\/blog\/viaje-al-interior-traves-del-camino-dos-faros\/#breadcrumb"},"inLanguage":"es","potentialAction":[{"@type":"ReadAction","target":["https:\/\/quizviajero.com\/blog\/viaje-al-interior-traves-del-camino-dos-faros\/"]}]},{"@type":"ImageObject","inLanguage":"es","@id":"https:\/\/quizviajero.com\/blog\/viaje-al-interior-traves-del-camino-dos-faros\/#primaryimage","url":"https:\/\/quizviajero.com\/blog\/wp-content\/uploads\/2017\/11\/bloggeroqv-abuela.jpg","contentUrl":"https:\/\/quizviajero.com\/blog\/wp-content\/uploads\/2017\/11\/bloggeroqv-abuela.jpg","width":1280,"height":640},{"@type":"BreadcrumbList","@id":"https:\/\/quizviajero.com\/blog\/viaje-al-interior-traves-del-camino-dos-faros\/#breadcrumb","itemListElement":[{"@type":"ListItem","position":1,"name":"Home","item":"https:\/\/quizviajero.com\/blog\/"},{"@type":"ListItem","position":2,"name":"#BloggeroQV","item":"https:\/\/quizviajero.com\/blog\/bloggeroqv\/"},{"@type":"ListItem","position":3,"name":"Un viaje al interior a trav\u00e9s del Camino Dos Faros"}]},{"@type":"WebSite","@id":"https:\/\/quizviajero.com\/blog\/#website","url":"https:\/\/quizviajero.com\/blog\/","name":"QuizViajero","description":"El primer juego sobre viajes con premios! \u2708","publisher":{"@id":"https:\/\/quizviajero.com\/blog\/#organization"},"potentialAction":[{"@type":"SearchAction","target":{"@type":"EntryPoint","urlTemplate":"https:\/\/quizviajero.com\/blog\/?s={search_term_string}"},"query-input":{"@type":"PropertyValueSpecification","valueRequired":true,"valueName":"search_term_string"}}],"inLanguage":"es"},{"@type":"Organization","@id":"https:\/\/quizviajero.com\/blog\/#organization","name":"QuizViajero","url":"https:\/\/quizviajero.com\/blog\/","logo":{"@type":"ImageObject","inLanguage":"es","@id":"https:\/\/quizviajero.com\/blog\/#\/schema\/logo\/image\/","url":"https:\/\/quizviajero.com\/blog\/wp-content\/uploads\/2016\/11\/cropped-qv_logo-1.png","contentUrl":"https:\/\/quizviajero.com\/blog\/wp-content\/uploads\/2016\/11\/cropped-qv_logo-1.png","width":301,"height":100,"caption":"QuizViajero"},"image":{"@id":"https:\/\/quizviajero.com\/blog\/#\/schema\/logo\/image\/"},"sameAs":["https:\/\/www.facebook.com\/quizviajero\/","https:\/\/x.com\/quiz_viajero","http:\/\/instagram.com\/quizviajeroig"]},{"@type":"Person","@id":"https:\/\/quizviajero.com\/blog\/#\/schema\/person\/f4d056fefe9fd4556f4394e279d07a0d","name":"QuizViajero","image":{"@type":"ImageObject","inLanguage":"es","@id":"https:\/\/secure.gravatar.com\/avatar\/3dc8adbf4a52aa08c3a21a7641d94729214f107ebb357d99d1cfe773f656bdae?s=96&d=mm&r=g","url":"https:\/\/secure.gravatar.com\/avatar\/3dc8adbf4a52aa08c3a21a7641d94729214f107ebb357d99d1cfe773f656bdae?s=96&d=mm&r=g","contentUrl":"https:\/\/secure.gravatar.com\/avatar\/3dc8adbf4a52aa08c3a21a7641d94729214f107ebb357d99d1cfe773f656bdae?s=96&d=mm&r=g","caption":"QuizViajero"},"description":"Im an audiovisual designer. I work as a freelance designer and I love photography &amp; travelling. Do small things with great love \u2665","sameAs":["http:\/\/mediabrand.com.ar","https:\/\/www.facebook.com\/ladipalma"],"url":"https:\/\/quizviajero.com\/blog\/author\/ladipalma\/"}]}},"_links":{"self":[{"href":"https:\/\/quizviajero.com\/blog\/wp-json\/wp\/v2\/posts\/483","targetHints":{"allow":["GET"]}}],"collection":[{"href":"https:\/\/quizviajero.com\/blog\/wp-json\/wp\/v2\/posts"}],"about":[{"href":"https:\/\/quizviajero.com\/blog\/wp-json\/wp\/v2\/types\/post"}],"author":[{"embeddable":true,"href":"https:\/\/quizviajero.com\/blog\/wp-json\/wp\/v2\/users\/2"}],"replies":[{"embeddable":true,"href":"https:\/\/quizviajero.com\/blog\/wp-json\/wp\/v2\/comments?post=483"}],"version-history":[{"count":0,"href":"https:\/\/quizviajero.com\/blog\/wp-json\/wp\/v2\/posts\/483\/revisions"}],"wp:featuredmedia":[{"embeddable":true,"href":"https:\/\/quizviajero.com\/blog\/wp-json\/wp\/v2\/media\/510"}],"wp:attachment":[{"href":"https:\/\/quizviajero.com\/blog\/wp-json\/wp\/v2\/media?parent=483"}],"wp:term":[{"taxonomy":"category","embeddable":true,"href":"https:\/\/quizviajero.com\/blog\/wp-json\/wp\/v2\/categories?post=483"},{"taxonomy":"post_tag","embeddable":true,"href":"https:\/\/quizviajero.com\/blog\/wp-json\/wp\/v2\/tags?post=483"}],"curies":[{"name":"wp","href":"https:\/\/api.w.org\/{rel}","templated":true}]}}