{"id":517,"date":"2016-11-27T16:09:30","date_gmt":"2016-11-27T19:09:30","guid":{"rendered":"http:\/\/165.227.28.131\/blog\/?p=517"},"modified":"2016-12-08T20:50:17","modified_gmt":"2016-12-08T23:50:17","slug":"armando-el-catalogo","status":"publish","type":"post","link":"https:\/\/quizviajero.com\/blog\/armando-el-catalogo\/","title":{"rendered":"Armando el Cat\u00e1logo"},"content":{"rendered":"<blockquote><p>\u00bfQui\u00e9n no so\u00f1\u00f3 alguna vez con trabajar \u201cde viajero\u201d?\u00a0 Soy una de esas so\u00f1adoras, pero mi d\u00eda a d\u00eda es la t\u00edpica rutina de oficina y solo tengo, por ahora,\u00a0 unos 28 d\u00edas al a\u00f1o para poder hacer realidad ese sue\u00f1o.<\/p><\/blockquote>\n<p>Y a mis neuronas adem\u00e1s de dejarlas so\u00f1ar, las mantengo activas y siempre estoy tratando de hacer algo que me gratifique. Sin obligaci\u00f3n, solo por placer.\u00a0 Hab\u00eda terminado ya dos a\u00f1os de curso de Historia General del Arte en el Museo de Bellas Artes de Buenos Aires (100% recomendable) y estaba estudiando italiano, un idioma que quer\u00eda aprender desde la infancia, \u00a0cuando mi abuelo me cantaba canciones en su dialecto friulano.<\/p>\n<p>Y como una cosa lleva a la otra, estaban aliment\u00e1ndose con todo esto, unas ganas terribles de viajar y de conocer Italia.<\/p>\n<p>Pero el contexto ya no era el de la soltera que dispon\u00eda de su vida as\u00ed como as\u00ed, \u00a0y tengo \u00a0cuatro hermosos hijos y un marido que me aguanta y el presupuesto de un viaje a Europa por 6 es, convengamos, m\u00e1s que importante.<\/p>\n<p>Y fueron expresiones de deseos y planes en el aire a futuro lejano, \u00a0las que surg\u00edan en charlas de cenas, almuerzos, mateadas y caf\u00e9s, con amigos, con marido.\u00a0 Y sucedi\u00f3\u2026<\/p>\n<p>Un regalo de cumplea\u00f1os, una amiga con vacaciones disponibles y contagiosas ganas de aventura. Y eso que empez\u00f3 como ideas locas, fue tomando forma y la frase: &#8211; <em>\u201cSaquen el pasaje y vayan, yo me quedo con los chicos\u201d<\/em> son\u00f3 como esas trompetas de entrada triunfal en las pel\u00edculas.<\/p>\n<p>Una oferta a\u00e9rea decidi\u00f3 que el viaje empezar\u00eda y terminar\u00eda en Amsterdam. Y tambi\u00e9n cuanto durar\u00eda.<\/p>\n<p>A partir de ah\u00ed, fue amalgamar expectativas de ambas de acuerdo a intereses y gustos personales y ver que pod\u00edamos incluir en esos d\u00edas y aprovechar al m\u00e1ximo Europa con un presupuesto tranquilo, (tendiendo a gasolero).<\/p>\n<p>Casi como la pel\u00edcula <em>\u201cIf It&#8217;s Tuesday, This Must Be Belgium\u201d<\/em>. \u00a0Lo nuestro termin\u00f3 siendo 13 ciudades, 8 pa\u00edses en 21 d\u00edas. \u00a0Para cualquier viajero con dos dedos de frente, parecer\u00eda una locura.\u00a0 Para nosotras, \u00a0era una oportunidad que no sab\u00edamos si iba a volver a repetirse.<\/p>\n<p>Los preparativos fueron tan divertidos como el viaje en s\u00ed mismo. Trasnochadas buscando ideas y armando el itinerario.\u00a0 Reuniones con mate de por medio, o chat de madrugada. Mesas llenas de mapas, gu\u00edas, papeles.<\/p>\n<p>Que vamos a hotel, que vamos a un hostel, que lo hacemos en tren, que lo hacemos en avi\u00f3n.\u00a0 Que ya que estamos por ah\u00ed tenemos que ir por all\u00e1\u2026<\/p>\n<p>Finalmente lleg\u00f3 el d\u00eda despu\u00e9s de 3 meses.\u00a0 Una madre con algo de culpa (bastante) y dejando a cuatro hijos y marido, \u00a0estaba camino a Ezeiza con tres semanas por delante para aprovechar al m\u00e1ximo.<\/p>\n<p>Todo estaba previsto para contenerme: fotos, \u00a0extensi\u00f3n del servicio celular pago para estar conectada 7&#215;24,\u00a0 cartitas, dibujitos, etc., etc\u2026.<\/p>\n<p>Con algunos traspi\u00e9s gracias al empleado de turno de la aerol\u00ednea en cuesti\u00f3n, se iban por la cinta nuestros petates despachados con destino AMS.<\/p>\n<p>Mi amiga soport\u00e1ndome las 12 horas de vuelo a Madrid.\u00a0 A m\u00ed, a mi culpa, y a mi miedo a volar.\u00a0 Una hero\u00edna. Ella, mi amiga, \u00a0obvio.<\/p>\n<p>Voy a tratar de contarles algo breve de cada lugar, lo que que me impact\u00f3 del que fue el viaje m\u00e1s intenso y caminado que he tenido. No me quedan dudas que cada destino deber\u00eda tener su propia historia, y que esto no es m\u00e1s que un \u00ednfimo resumen.<\/p>\n<p><img fetchpriority=\"high\" decoding=\"async\" class=\"alignleft size-medium wp-image-533\" src=\"https:\/\/quizviajero.com\/blog\/wp-content\/uploads\/2016\/11\/MAdrid-300x225.jpg\" alt=\"madrid\" width=\"300\" height=\"225\" srcset=\"https:\/\/quizviajero.com\/blog\/wp-content\/uploads\/2016\/11\/MAdrid-300x225.jpg 300w, https:\/\/quizviajero.com\/blog\/wp-content\/uploads\/2016\/11\/MAdrid-768x576.jpg 768w, https:\/\/quizviajero.com\/blog\/wp-content\/uploads\/2016\/11\/MAdrid.jpg 1024w, https:\/\/quizviajero.com\/blog\/wp-content\/uploads\/2016\/11\/MAdrid-195x146.jpg 195w, https:\/\/quizviajero.com\/blog\/wp-content\/uploads\/2016\/11\/MAdrid-50x38.jpg 50w, https:\/\/quizviajero.com\/blog\/wp-content\/uploads\/2016\/11\/MAdrid-100x75.jpg 100w\" sizes=\"(max-width: 300px) 100vw, 300px\" \/>La escala en Madrid\u00a0 tuvo un peque\u00f1o susto al ir al embarque de la conexi\u00f3n, y ver que por \u00a0la confusi\u00f3n generada en Ezeiza, hab\u00edan anulado mi ticket y si bien lograba que me suban al avi\u00f3n, no sab\u00edamos si mi valija iba a encontrarse conmigo en Amsterdam.<\/p>\n<p>Poco a poco la excitaci\u00f3n de conocer nuevas cosas fue haciendo mermar esa sensaci\u00f3n fuerte de extra\u00f1ar la familia que ya estaba del otro lado del gran charco.\u00a0 Madrid me era conocido, porque ya hab\u00eda estado en 3 oportunidades, pero todo lo que me esperaba por los pr\u00f3ximos d\u00edas iba a ser nuevo para mi.<\/p>\n<p>Y ah\u00ed aterrizamos en Amsterdam.\u00a0 Y tambi\u00e9n nuestro equipaje para mi tranquilidad.\u00a0 Una con mochila y la otra con valija: dos estilos para un mismo viaje.<\/p>\n<p>Llamada de rigor a Bs. As. para dar el presente y que est\u00e1bamos bien y\u00a0 preguntar si llor\u00f3 la m\u00e1s chica, si todos fueron al cole, si me extra\u00f1aban porque yo s\u00ed, etc., etc.\u2026<\/p>\n<p>Esa primera parada era de unas cuantas horas. Y las aprovechamos a full. Dejamos las valijas en lockers en la Estaci\u00f3n Central y salimos a caminar para tener un primer encuentro con la ciudad de los canales. Ya volver\u00edamos con m\u00e1s tiempo al final de recorrido.\u00a0 A las 19 sal\u00eda el tren que nos llevar\u00eda en viaje nocturno a Praga.<\/p>\n<p>Un muchacho coreano, que solo hablaba ingl\u00e9s fue nuestro \u00fanico acompa\u00f1ante en el camarote hasta Berl\u00edn.\u00a0 All\u00ed llegamos de noche cerrada y de ese stop y de Berl\u00edn, solo me qued\u00f3 la imagen de un brillante cartel de Mercedes Benz en lo alto del cielo nocturno a trav\u00e9s de la ventanilla y un guarda que solo hablaba alem\u00e1n y mi amiga haciendo de interprete para m\u00ed y para el coreano.<\/p>\n<p><img decoding=\"async\" class=\"alignright size-medium wp-image-538\" src=\"https:\/\/quizviajero.com\/blog\/wp-content\/uploads\/2016\/11\/Praga-300x200.jpg\" alt=\"praga\" width=\"300\" height=\"200\" srcset=\"https:\/\/quizviajero.com\/blog\/wp-content\/uploads\/2016\/11\/Praga-300x200.jpg 300w, https:\/\/quizviajero.com\/blog\/wp-content\/uploads\/2016\/11\/Praga-768x513.jpg 768w, https:\/\/quizviajero.com\/blog\/wp-content\/uploads\/2016\/11\/Praga.jpg 1024w, https:\/\/quizviajero.com\/blog\/wp-content\/uploads\/2016\/11\/Praga-219x146.jpg 219w, https:\/\/quizviajero.com\/blog\/wp-content\/uploads\/2016\/11\/Praga-50x33.jpg 50w, https:\/\/quizviajero.com\/blog\/wp-content\/uploads\/2016\/11\/Praga-112x75.jpg 112w\" sizes=\"(max-width: 300px) 100vw, 300px\" \/><img decoding=\"async\" class=\"alignright wp-image-528\" src=\"https:\/\/quizviajero.com\/blog\/wp-content\/uploads\/2016\/11\/Cementerio-Praga-300x225.jpg\" alt=\"cementerio-praga\" width=\"267\" height=\"200\" srcset=\"https:\/\/quizviajero.com\/blog\/wp-content\/uploads\/2016\/11\/Cementerio-Praga-300x225.jpg 300w, https:\/\/quizviajero.com\/blog\/wp-content\/uploads\/2016\/11\/Cementerio-Praga-768x576.jpg 768w, https:\/\/quizviajero.com\/blog\/wp-content\/uploads\/2016\/11\/Cementerio-Praga.jpg 1024w, https:\/\/quizviajero.com\/blog\/wp-content\/uploads\/2016\/11\/Cementerio-Praga-195x146.jpg 195w, https:\/\/quizviajero.com\/blog\/wp-content\/uploads\/2016\/11\/Cementerio-Praga-50x38.jpg 50w, https:\/\/quizviajero.com\/blog\/wp-content\/uploads\/2016\/11\/Cementerio-Praga-100x75.jpg 100w\" sizes=\"(max-width: 267px) 100vw, 267px\" \/>El amanecer nos despert\u00f3 cuando el tren estaba bordeando el rio Moldava, y en poco tiempo llegamos a Praga.<\/p>\n<p>Que les puedo contar\u2026 Praga es se\u00f1orial, es realmente m\u00e1gica.\u00a0 Con su incre\u00edble reloj, el puente, la visita al palacio, la Catedral de San Vito, las sinagogas, el cementerio jud\u00edo (que le dio el t\u00edtulo al libro de Umberto Eco), la calle de Oro, \u00a0las iglesias, los tejados y las vistas nocturnas.<\/p>\n<p>El siguiente destino, en un tren hacia Austria, era Linz.\u00a0 Una suave nevada nos despidi\u00f3 en la frontera de Rep. Checa. Hab\u00edamos incluido como destino de paso, visitar el ex campo de concentraci\u00f3n de Mauthausen. Nuevamente las valijas al locker y un bus desde Linz nos dej\u00f3 a un par de kil\u00f3metros que ten\u00edamos que hacer caminando. La llovizna, el viento y la soledad de ser las \u00fanicas visitantes ese d\u00eda, aument\u00f3 la intensidad del lugar y el silencio se adue\u00f1\u00f3 de nosotras en lo que restaba de la visita. Conmovedor.<\/p>\n<p>Desde Linz tuvimos la aventura de tomar 5 trenes para llegar a Viena.\u00a0 Era uno de los pocos trayectos internos que no hab\u00edamos planeado y contratado desde Bs. As. Y el resultado final fueron corridas de anden a anden en 5 estaciones diferentes con nombres muy alemanes, para llegar a Viena a una hora en que no hab\u00eda negocios abiertos en la estaci\u00f3n y solo un polic\u00eda nos pudo ayudar para indicarnos como llegar al hotel.<\/p>\n<p>A Viena la recorrimos incre\u00edble, bella, con el aura de Sissi en sus palacios. Impecable, limpia.\u00a0 Me preguntaba que hac\u00edan con la basura en las calles porque hasta los cestos de basura parec\u00edan sin uso.<\/p>\n<p>Lo \u00fanico que no pudimos disfrutar, por la estaci\u00f3n del a\u00f1o, fue de las fuentes y plantas en los jardines, que estaban cubiertas protegi\u00e9ndolas del frio y las heladas.<\/p>\n<p>En una de las tardes, y en no m\u00e1s de 50\u2019 de tren desde Viena, \u00a0cruzando el Danubio, est\u00e1bamos en Bratislava. Una ciudad que busca ser un nuevo punto tur\u00edstico. En \u00e9poca de calor, \u00a0tambi\u00e9n se puede llegar navegando.\u00a0 La noche nos encontr\u00f3 \u00a0buscando una iglesia azul siguiendo el paso de dos monjas que solo hablaban franc\u00e9s, \u00a0por callecitas que no conoc\u00edamos, \u00a0en un barrio alejado del casco hist\u00f3rico.\u00a0 Fue la \u00fanica vez que sent\u00ed algo de temor.\u00a0 Pero vali\u00f3 la pena y despu\u00e9s nos sacamos la angustia con un rico plato t\u00edpico, parecido a al Sp\u00e4tzle, pero de nombre impronunciable, antes de regresar a Viena.<\/p>\n<p><img loading=\"lazy\" decoding=\"async\" class=\"alignleft size-medium wp-image-520\" src=\"https:\/\/quizviajero.com\/blog\/wp-content\/uploads\/2016\/11\/Salzburgo-300x225.jpg\" alt=\"salzburgo\" width=\"300\" height=\"225\" srcset=\"https:\/\/quizviajero.com\/blog\/wp-content\/uploads\/2016\/11\/Salzburgo-300x225.jpg 300w, https:\/\/quizviajero.com\/blog\/wp-content\/uploads\/2016\/11\/Salzburgo-768x576.jpg 768w, https:\/\/quizviajero.com\/blog\/wp-content\/uploads\/2016\/11\/Salzburgo.jpg 1024w, https:\/\/quizviajero.com\/blog\/wp-content\/uploads\/2016\/11\/Salzburgo-195x146.jpg 195w, https:\/\/quizviajero.com\/blog\/wp-content\/uploads\/2016\/11\/Salzburgo-50x38.jpg 50w, https:\/\/quizviajero.com\/blog\/wp-content\/uploads\/2016\/11\/Salzburgo-100x75.jpg 100w\" sizes=\"(max-width: 300px) 100vw, 300px\" \/>El tren fue otra vez fue el medio. El destino: Salzburgo, donde adem\u00e1s de recorrer la ciudad nos esperaba la conexi\u00f3n a Venecia.<\/p>\n<p>Con los 5 grados bajo cero de marzo, visitamos el Castillo, con su funicular y nos hizo la ilusi\u00f3n de encontrar a Julie Andrews,\u00a0 como La Novicia Rebelde, \u00a0\u00a0bailando en el Palacio Miraflores. La casa de Mozart, las edificaciones casi salidas de la monta\u00f1a y tambi\u00e9n nos dimos el gusto de degustar una porci\u00f3n de torta Sacher con caf\u00e9, en el hotel hom\u00f3nimo.<\/p>\n<p>&nbsp;<\/p>\n<p><img loading=\"lazy\" decoding=\"async\" class=\"alignright size-medium wp-image-522\" src=\"https:\/\/quizviajero.com\/blog\/wp-content\/uploads\/2016\/11\/Venecia1-225x300.jpg\" alt=\"venecia1\" width=\"225\" height=\"300\" srcset=\"https:\/\/quizviajero.com\/blog\/wp-content\/uploads\/2016\/11\/Venecia1-225x300.jpg 225w, https:\/\/quizviajero.com\/blog\/wp-content\/uploads\/2016\/11\/Venecia1.jpg 768w, https:\/\/quizviajero.com\/blog\/wp-content\/uploads\/2016\/11\/Venecia1-110x146.jpg 110w, https:\/\/quizviajero.com\/blog\/wp-content\/uploads\/2016\/11\/Venecia1-38x50.jpg 38w, https:\/\/quizviajero.com\/blog\/wp-content\/uploads\/2016\/11\/Venecia1-56x75.jpg 56w\" sizes=\"(max-width: 225px) 100vw, 225px\" \/>A la ma\u00f1ana siguiente lleg\u00e1bamos a Venecia.\u00a0 Y mi primer encuentro con el sonido del italiano, con la pasi\u00f3n de \u201cla tanada\u201d que es com\u00fan en la sangre en mi familia.\u00a0 Y despu\u00e9s de perdernos y volver a perder y casi claudicar la b\u00fasqueda, entre callecitas, escaleras, y canales llegamos al hotel.\u00a0 De ah\u00ed a recorrer.\u00a0 La emoci\u00f3n al participar de la misa en San Marcos, las palomas, los gondolieri, un paseo a Burano y ver a los artesanos del vidrio.\u00a0 Un ristretto de a pie, y la postal de una ciudad que envejece, porque la juventud ya no se queda a vivir ah\u00ed, pero que se torna seductora y misteriosa \u00a0en la noche.<\/p>\n<p>De all\u00ed nuevamente el tren nos llev\u00f3 esta vez a Florencia, a respirar arte. Solo voy a decir que es maravillosa y es mi \u201cotro lugar\u201d en este mundo. Y merece un relato aparte. Los 3 d\u00edas que le destinamos siempre voy a sentir que fueron pocos.\u00a0 Me urge volver.<\/p>\n<p><img loading=\"lazy\" decoding=\"async\" class=\"alignleft size-medium wp-image-537\" src=\"https:\/\/quizviajero.com\/blog\/wp-content\/uploads\/2016\/11\/Pisa-300x200.jpg\" alt=\"pisa\" width=\"300\" height=\"200\" srcset=\"https:\/\/quizviajero.com\/blog\/wp-content\/uploads\/2016\/11\/Pisa-300x200.jpg 300w, https:\/\/quizviajero.com\/blog\/wp-content\/uploads\/2016\/11\/Pisa-768x512.jpg 768w, https:\/\/quizviajero.com\/blog\/wp-content\/uploads\/2016\/11\/Pisa.jpg 1024w, https:\/\/quizviajero.com\/blog\/wp-content\/uploads\/2016\/11\/Pisa-219x146.jpg 219w, https:\/\/quizviajero.com\/blog\/wp-content\/uploads\/2016\/11\/Pisa-50x33.jpg 50w, https:\/\/quizviajero.com\/blog\/wp-content\/uploads\/2016\/11\/Pisa-112x75.jpg 112w\" sizes=\"(max-width: 300px) 100vw, 300px\" \/>De la Toscana hicimos una visita a Pisa y su cadente torre.\u00a0 Pero nos quedaron pendientes Siena y San Giminiano.<\/p>\n<p>&nbsp;<\/p>\n<p><img loading=\"lazy\" decoding=\"async\" class=\"alignright size-medium wp-image-519\" src=\"https:\/\/quizviajero.com\/blog\/wp-content\/uploads\/2016\/11\/Roma-300x200.jpg\" alt=\"roma\" width=\"300\" height=\"200\" srcset=\"https:\/\/quizviajero.com\/blog\/wp-content\/uploads\/2016\/11\/Roma-300x200.jpg 300w, https:\/\/quizviajero.com\/blog\/wp-content\/uploads\/2016\/11\/Roma-768x513.jpg 768w, https:\/\/quizviajero.com\/blog\/wp-content\/uploads\/2016\/11\/Roma.jpg 1024w, https:\/\/quizviajero.com\/blog\/wp-content\/uploads\/2016\/11\/Roma-219x146.jpg 219w, https:\/\/quizviajero.com\/blog\/wp-content\/uploads\/2016\/11\/Roma-50x33.jpg 50w, https:\/\/quizviajero.com\/blog\/wp-content\/uploads\/2016\/11\/Roma-112x75.jpg 112w\" sizes=\"(max-width: 300px) 100vw, 300px\" \/>Y como todos los caminos conducen a Roma\u2026 otra vez el tren fue el medio para llegar a la ciudad eterna, con iglesias y ruinas por doquier (hasta ten\u00edamos nuestra propia ruina en el frente del edificio del hotel). Todo tiene siglos de historia encima.\u00a0 El Coliseo, los foros.\u00a0 Animarse a meter la mano en la boca de la verdad, entrar en cuanta iglesia se encuentre abierta y finalmente quedarse extasiados hasta la torticolis, mirando la obra barroca de la Iglesia del Gesu, de Gaulli (aunque haya un espejo para poder bajar la cabeza un rato).\u00a0 El Pante\u00f3n, el Castel Sant Angelo. \u00a0Mucho bullicio y oferta culinaria, y trafico desordenado y voces alteradas\u2026casi como en casa.<\/p>\n<p>Caminatas buscando los hitos que se\u00f1alan las gu\u00edas y tambi\u00e9n sitios de libros, como los mencionados en la novela de Dan Brown, o las de la pel\u00edcula de Woody Allen.<\/p>\n<p><img loading=\"lazy\" decoding=\"async\" class=\"alignleft size-medium wp-image-530\" src=\"https:\/\/quizviajero.com\/blog\/wp-content\/uploads\/2016\/11\/Fontana-di-Trevi-300x225.jpg\" alt=\"fontana-di-trevi\" width=\"300\" height=\"225\" srcset=\"https:\/\/quizviajero.com\/blog\/wp-content\/uploads\/2016\/11\/Fontana-di-Trevi-300x225.jpg 300w, https:\/\/quizviajero.com\/blog\/wp-content\/uploads\/2016\/11\/Fontana-di-Trevi-768x576.jpg 768w, https:\/\/quizviajero.com\/blog\/wp-content\/uploads\/2016\/11\/Fontana-di-Trevi.jpg 1024w, https:\/\/quizviajero.com\/blog\/wp-content\/uploads\/2016\/11\/Fontana-di-Trevi-195x146.jpg 195w, https:\/\/quizviajero.com\/blog\/wp-content\/uploads\/2016\/11\/Fontana-di-Trevi-50x38.jpg 50w, https:\/\/quizviajero.com\/blog\/wp-content\/uploads\/2016\/11\/Fontana-di-Trevi-100x75.jpg 100w\" sizes=\"(max-width: 300px) 100vw, 300px\" \/>Tuvimos la oportunidad de ir a conocer las catacumbas de San Calixto e hicimos la visita al Vaticano. Si no son amantes de museos, se puede evitar ir a los Museos Vaticanos, pero no pueden perderse la Capilla Sixtina\u00a0 y entrar y caminar por San Pedro y dimensionar el tama\u00f1o de la c\u00fapula, los pilares del badalquino de Bernini, la c\u00e1tedra de San Pedro y la dolorosa belleza de La Piedad de Miguel \u00c1ngel entre otras cosas.<\/p>\n<p>No se pierdan visitar la Galer\u00eda Borghese, y ver las esculturas de Bernini. Ni la movida en Piazza del Popolo o en Piazza Navona a la tardecita.<\/p>\n<p>Tambi\u00e9n hubo encuentros. Con una amiga que vive all\u00ed desde hace a\u00f1os \u00a0y tambi\u00e9n con otra con la que sab\u00edamos que coincid\u00edamos por un d\u00eda en la ciudad.\u00a0 Ella reci\u00e9n llegaba, nosotras ya nos \u00edbamos y aprovechamos para intercambiar informaci\u00f3n, caminando por el mercado en Campo dei Fiori, con cena en el Trastevere y rematando la noche con un helado en la Fontana di Trevi.<\/p>\n<p>Y por favor, pongan atenci\u00f3n y no comentan el mismo error que yo.\u00a0 Seg\u00fan parece la moneda se tira con la mano derecha pero cruzada sobre el hombro izquierdo\u2026.Me lo contaron tarde\u2026 \u00bfser\u00e1 que no voy a volver a Roma por eso?<\/p>\n<p>Un vuelo low cost de Vueling, nos deposit\u00f3 en el aeropuerto de Orly.\u00a0\u00a0 \u00a0\u00a0Paris sin lluvia no es Paris\u2026y las primeras horas en la ciudad luz fueron de paraguas y piloto.<\/p>\n<p><img loading=\"lazy\" decoding=\"async\" class=\"alignright size-medium wp-image-535\" src=\"https:\/\/quizviajero.com\/blog\/wp-content\/uploads\/2016\/11\/Paris-1-300x225.jpg\" alt=\"paris-1\" width=\"300\" height=\"225\" srcset=\"https:\/\/quizviajero.com\/blog\/wp-content\/uploads\/2016\/11\/Paris-1-300x225.jpg 300w, https:\/\/quizviajero.com\/blog\/wp-content\/uploads\/2016\/11\/Paris-1-768x576.jpg 768w, https:\/\/quizviajero.com\/blog\/wp-content\/uploads\/2016\/11\/Paris-1.jpg 1024w, https:\/\/quizviajero.com\/blog\/wp-content\/uploads\/2016\/11\/Paris-1-195x146.jpg 195w, https:\/\/quizviajero.com\/blog\/wp-content\/uploads\/2016\/11\/Paris-1-50x38.jpg 50w, https:\/\/quizviajero.com\/blog\/wp-content\/uploads\/2016\/11\/Paris-1-100x75.jpg 100w\" sizes=\"(max-width: 300px) 100vw, 300px\" \/> <img loading=\"lazy\" decoding=\"async\" class=\"alignright wp-image-536\" src=\"https:\/\/quizviajero.com\/blog\/wp-content\/uploads\/2016\/11\/PAris-2-200x300.jpg\" alt=\"paris-2\" width=\"150\" height=\"225\" srcset=\"https:\/\/quizviajero.com\/blog\/wp-content\/uploads\/2016\/11\/PAris-2-200x300.jpg 200w, https:\/\/quizviajero.com\/blog\/wp-content\/uploads\/2016\/11\/PAris-2.jpg 681w, https:\/\/quizviajero.com\/blog\/wp-content\/uploads\/2016\/11\/PAris-2-97x146.jpg 97w, https:\/\/quizviajero.com\/blog\/wp-content\/uploads\/2016\/11\/PAris-2-33x50.jpg 33w, https:\/\/quizviajero.com\/blog\/wp-content\/uploads\/2016\/11\/PAris-2-50x75.jpg 50w\" sizes=\"(max-width: 150px) 100vw, 150px\" \/>Recorrimos los sitios obligados y tambi\u00e9n fuimos en busca de la esquina de la pel\u00edcula Medianoche en Paris, en la iglesia de Saint Etienne du Mont,\u00a0 la iglesia de Saint Sulpice \u00a0y los Arago por las veredas cercanas al Louvre, nuevamente tras los pasos de los personajes del C\u00f3digo Da Vinci.<\/p>\n<p>Montmartre, con su Place du Terre, la Torre Eiffel, Notre Dame, la Saint Chapelle.\u00a0 El Barrio Latino, Saint Germain des Pres\u2026Ahhhh\u2026Oh la la Paris!<\/p>\n<p><img loading=\"lazy\" decoding=\"async\" class=\"size-medium wp-image-531 alignleft\" src=\"https:\/\/quizviajero.com\/blog\/wp-content\/uploads\/2016\/11\/Gante-300x225.jpg\" alt=\"gante\" width=\"300\" height=\"225\" srcset=\"https:\/\/quizviajero.com\/blog\/wp-content\/uploads\/2016\/11\/Gante-300x225.jpg 300w, https:\/\/quizviajero.com\/blog\/wp-content\/uploads\/2016\/11\/Gante-768x576.jpg 768w, https:\/\/quizviajero.com\/blog\/wp-content\/uploads\/2016\/11\/Gante.jpg 1024w, https:\/\/quizviajero.com\/blog\/wp-content\/uploads\/2016\/11\/Gante-195x146.jpg 195w, https:\/\/quizviajero.com\/blog\/wp-content\/uploads\/2016\/11\/Gante-50x38.jpg 50w, https:\/\/quizviajero.com\/blog\/wp-content\/uploads\/2016\/11\/Gante-100x75.jpg 100w\" sizes=\"(max-width: 300px) 100vw, 300px\" \/> <img loading=\"lazy\" decoding=\"async\" class=\"alignleft size-medium wp-image-527\" src=\"https:\/\/quizviajero.com\/blog\/wp-content\/uploads\/2016\/11\/Brujas-300x225.jpg\" alt=\"brujas\" width=\"300\" height=\"225\" srcset=\"https:\/\/quizviajero.com\/blog\/wp-content\/uploads\/2016\/11\/Brujas-300x225.jpg 300w, https:\/\/quizviajero.com\/blog\/wp-content\/uploads\/2016\/11\/Brujas-768x576.jpg 768w, https:\/\/quizviajero.com\/blog\/wp-content\/uploads\/2016\/11\/Brujas.jpg 1024w, https:\/\/quizviajero.com\/blog\/wp-content\/uploads\/2016\/11\/Brujas-195x146.jpg 195w, https:\/\/quizviajero.com\/blog\/wp-content\/uploads\/2016\/11\/Brujas-50x38.jpg 50w, https:\/\/quizviajero.com\/blog\/wp-content\/uploads\/2016\/11\/Brujas-100x75.jpg 100w\" sizes=\"(max-width: 300px) 100vw, 300px\" \/><\/p>\n<p>&nbsp;<\/p>\n<p>&nbsp;<\/p>\n<p>Lleg\u00f3 el tramo final hasta Amsterdam. \u00a0Tambien por tierra, el primer destino en B\u00e9lgica fue Gent, \u00a0donde llegamos en un \u00f3mnibus de Eurolines.\u00a0 La ciudad fue premiada por su iluminaci\u00f3n nocturna y como llegamos de noche, nos oblig\u00f3 a una sesi\u00f3n de fotos. \u00a0Por la ma\u00f1ana result\u00f3 igual de m\u00e1gica. Nos hospedamos en un monasterio.<\/p>\n<p>Brugge, \u00a0nos sedujo con sus canales y edificios cual casas de mu\u00f1ecas, con ventanas vestidas de encajes y bordados.\u00a0 Nos acompa\u00f1aron el aroma y sabor del chocolate caliente y las vidrieras de los finos encajes a bolillos. Cualquier descripci\u00f3n que haga no le har\u00eda honor.<\/p>\n<p>Tren hasta Bruselas, otro bus, y al fin, otra vez en Amsterdam.<\/p>\n<p><img loading=\"lazy\" decoding=\"async\" class=\"alignright size-medium wp-image-525\" src=\"https:\/\/quizviajero.com\/blog\/wp-content\/uploads\/2016\/11\/Ams-2-200x300.jpg\" alt=\"ams-2\" width=\"200\" height=\"300\" srcset=\"https:\/\/quizviajero.com\/blog\/wp-content\/uploads\/2016\/11\/Ams-2-200x300.jpg 200w, https:\/\/quizviajero.com\/blog\/wp-content\/uploads\/2016\/11\/Ams-2.jpg 683w, https:\/\/quizviajero.com\/blog\/wp-content\/uploads\/2016\/11\/Ams-2-97x146.jpg 97w, https:\/\/quizviajero.com\/blog\/wp-content\/uploads\/2016\/11\/Ams-2-33x50.jpg 33w, https:\/\/quizviajero.com\/blog\/wp-content\/uploads\/2016\/11\/Ams-2-50x75.jpg 50w\" sizes=\"(max-width: 200px) 100vw, 200px\" \/> <img loading=\"lazy\" decoding=\"async\" class=\"alignright size-medium wp-image-526\" src=\"https:\/\/quizviajero.com\/blog\/wp-content\/uploads\/2016\/11\/Ams-217x300.jpg\" alt=\"ams\" width=\"217\" height=\"300\" srcset=\"https:\/\/quizviajero.com\/blog\/wp-content\/uploads\/2016\/11\/Ams-217x300.jpg 217w, https:\/\/quizviajero.com\/blog\/wp-content\/uploads\/2016\/11\/Ams.jpg 739w, https:\/\/quizviajero.com\/blog\/wp-content\/uploads\/2016\/11\/Ams-105x146.jpg 105w, https:\/\/quizviajero.com\/blog\/wp-content\/uploads\/2016\/11\/Ams-36x50.jpg 36w, https:\/\/quizviajero.com\/blog\/wp-content\/uploads\/2016\/11\/Ams-54x75.jpg 54w\" sizes=\"(max-width: 217px) 100vw, 217px\" \/>Que ciudad !! Cosmopolita y desinhibida. Con coffee shops, luces rojas, edificios torcidos sosteni\u00e9ndose entre s\u00ed, vidrieras que sonrojan y alrededores de pueblos de pescadores y molinos, como Zaanse Schans, Edam, Voledam. \u00a0Bicis, papas fritas, tulipanes, quesos, Rembrandt, Van Gogh, el llanto en la casa de Ana Frank.<\/p>\n<p>Ya a esta altura les voy a confesar que extra\u00f1aba mucho. Habia mandado a casa una postal en cada lugar que hab\u00eda pisado.\u00a0 Ten\u00eda sensaciones encontradas de querer ya estar en casa y de seguir disfrutando algo que no sab\u00eda si iba a vivir otra vez.<\/p>\n<p>Y lleg\u00f3 el d\u00eda de vuelta. \u00a0Con m\u00e1s de 1800 fotos en mi haber, ciento de an\u00e9cdotas y otros tantos recuerdos en la cabeza para seguir viajando cada vez que aparecieran.<\/p>\n<p>La yapa: \u00a0escala de 12 horas en Madrid bien aprovechada mediante caminata con un buen amigo que vive all\u00ed, paseo y tapas por el Mercado San Miguel,\u00a0 atardecer en el Palacio Real y charla hasta que se hizo la hora de volver a Barajas y tomar el vuelo.<\/p>\n<p>En Ezeiza, la emoci\u00f3n del reencuentro, reclamo de regalos varios, besos, abrazos y mam\u00e1 ya estaba en casa.\u00a0 Pero era una mam\u00e1 y esposa feliz y agradecida de que le hayan regalado vivir esta experiencia.<\/p>\n<p>Regresamos con mi amiga enumerando lo que nos falt\u00f3, pero seguras de haber armado un cat\u00e1logo para viajes futuros.<\/p>\n<p>Y tiempo despu\u00e9s sigo poniendo la misma cara de ojos asombrados, recordando detalles e im\u00e1genes.<\/p>\n<p>Como la frase del \u00a0Maurice Maeterlinck, un escritor belga: \u201cLo mejor de un viaje es lo de antes y lo de despu\u00e9s\u201d<\/p>\n<p>&nbsp;<\/p>\n<div id='gallery-1' class='gallery galleryid-517 gallery-columns-5 gallery-size-medium'><figure class='gallery-item'>\n\t\t\t<div class='gallery-icon portrait'>\n\t\t\t\t<a href='https:\/\/quizviajero.com\/blog\/wp-content\/uploads\/2016\/11\/Ams-2.jpg'><img loading=\"lazy\" decoding=\"async\" width=\"200\" height=\"300\" src=\"https:\/\/quizviajero.com\/blog\/wp-content\/uploads\/2016\/11\/Ams-2-200x300.jpg\" class=\"attachment-medium size-medium\" alt=\"\" srcset=\"https:\/\/quizviajero.com\/blog\/wp-content\/uploads\/2016\/11\/Ams-2-200x300.jpg 200w, https:\/\/quizviajero.com\/blog\/wp-content\/uploads\/2016\/11\/Ams-2.jpg 683w, https:\/\/quizviajero.com\/blog\/wp-content\/uploads\/2016\/11\/Ams-2-97x146.jpg 97w, https:\/\/quizviajero.com\/blog\/wp-content\/uploads\/2016\/11\/Ams-2-33x50.jpg 33w, https:\/\/quizviajero.com\/blog\/wp-content\/uploads\/2016\/11\/Ams-2-50x75.jpg 50w\" sizes=\"(max-width: 200px) 100vw, 200px\" \/><\/a>\n\t\t\t<\/div><\/figure><figure class='gallery-item'>\n\t\t\t<div class='gallery-icon portrait'>\n\t\t\t\t<a href='https:\/\/quizviajero.com\/blog\/wp-content\/uploads\/2016\/11\/Ams.jpg'><img loading=\"lazy\" decoding=\"async\" width=\"217\" height=\"300\" src=\"https:\/\/quizviajero.com\/blog\/wp-content\/uploads\/2016\/11\/Ams-217x300.jpg\" class=\"attachment-medium size-medium\" alt=\"\" srcset=\"https:\/\/quizviajero.com\/blog\/wp-content\/uploads\/2016\/11\/Ams-217x300.jpg 217w, https:\/\/quizviajero.com\/blog\/wp-content\/uploads\/2016\/11\/Ams.jpg 739w, https:\/\/quizviajero.com\/blog\/wp-content\/uploads\/2016\/11\/Ams-105x146.jpg 105w, https:\/\/quizviajero.com\/blog\/wp-content\/uploads\/2016\/11\/Ams-36x50.jpg 36w, https:\/\/quizviajero.com\/blog\/wp-content\/uploads\/2016\/11\/Ams-54x75.jpg 54w\" sizes=\"(max-width: 217px) 100vw, 217px\" \/><\/a>\n\t\t\t<\/div><\/figure><figure class='gallery-item'>\n\t\t\t<div class='gallery-icon portrait'>\n\t\t\t\t<a href='https:\/\/quizviajero.com\/blog\/wp-content\/uploads\/2016\/11\/PAris-2.jpg'><img loading=\"lazy\" decoding=\"async\" width=\"200\" height=\"300\" src=\"https:\/\/quizviajero.com\/blog\/wp-content\/uploads\/2016\/11\/PAris-2-200x300.jpg\" class=\"attachment-medium size-medium\" alt=\"\" srcset=\"https:\/\/quizviajero.com\/blog\/wp-content\/uploads\/2016\/11\/PAris-2-200x300.jpg 200w, https:\/\/quizviajero.com\/blog\/wp-content\/uploads\/2016\/11\/PAris-2.jpg 681w, https:\/\/quizviajero.com\/blog\/wp-content\/uploads\/2016\/11\/PAris-2-97x146.jpg 97w, https:\/\/quizviajero.com\/blog\/wp-content\/uploads\/2016\/11\/PAris-2-33x50.jpg 33w, https:\/\/quizviajero.com\/blog\/wp-content\/uploads\/2016\/11\/PAris-2-50x75.jpg 50w\" sizes=\"(max-width: 200px) 100vw, 200px\" \/><\/a>\n\t\t\t<\/div><\/figure><figure class='gallery-item'>\n\t\t\t<div class='gallery-icon portrait'>\n\t\t\t\t<a href='https:\/\/quizviajero.com\/blog\/wp-content\/uploads\/2016\/11\/Praga1.jpg'><img loading=\"lazy\" decoding=\"async\" width=\"225\" height=\"300\" src=\"https:\/\/quizviajero.com\/blog\/wp-content\/uploads\/2016\/11\/Praga1-225x300.jpg\" class=\"attachment-medium size-medium\" alt=\"\" srcset=\"https:\/\/quizviajero.com\/blog\/wp-content\/uploads\/2016\/11\/Praga1-225x300.jpg 225w, https:\/\/quizviajero.com\/blog\/wp-content\/uploads\/2016\/11\/Praga1.jpg 768w, https:\/\/quizviajero.com\/blog\/wp-content\/uploads\/2016\/11\/Praga1-110x146.jpg 110w, https:\/\/quizviajero.com\/blog\/wp-content\/uploads\/2016\/11\/Praga1-38x50.jpg 38w, https:\/\/quizviajero.com\/blog\/wp-content\/uploads\/2016\/11\/Praga1-56x75.jpg 56w\" sizes=\"(max-width: 225px) 100vw, 225px\" \/><\/a>\n\t\t\t<\/div><\/figure><figure class='gallery-item'>\n\t\t\t<div class='gallery-icon portrait'>\n\t\t\t\t<a href='https:\/\/quizviajero.com\/blog\/wp-content\/uploads\/2016\/11\/Venecia1.jpg'><img loading=\"lazy\" decoding=\"async\" width=\"225\" height=\"300\" src=\"https:\/\/quizviajero.com\/blog\/wp-content\/uploads\/2016\/11\/Venecia1-225x300.jpg\" class=\"attachment-medium size-medium\" alt=\"\" srcset=\"https:\/\/quizviajero.com\/blog\/wp-content\/uploads\/2016\/11\/Venecia1-225x300.jpg 225w, https:\/\/quizviajero.com\/blog\/wp-content\/uploads\/2016\/11\/Venecia1.jpg 768w, https:\/\/quizviajero.com\/blog\/wp-content\/uploads\/2016\/11\/Venecia1-110x146.jpg 110w, https:\/\/quizviajero.com\/blog\/wp-content\/uploads\/2016\/11\/Venecia1-38x50.jpg 38w, https:\/\/quizviajero.com\/blog\/wp-content\/uploads\/2016\/11\/Venecia1-56x75.jpg 56w\" sizes=\"(max-width: 225px) 100vw, 225px\" \/><\/a>\n\t\t\t<\/div><\/figure><figure class='gallery-item'>\n\t\t\t<div class='gallery-icon landscape'>\n\t\t\t\t<a href='https:\/\/quizviajero.com\/blog\/wp-content\/uploads\/2016\/11\/Praga.jpg'><img loading=\"lazy\" decoding=\"async\" width=\"300\" height=\"200\" src=\"https:\/\/quizviajero.com\/blog\/wp-content\/uploads\/2016\/11\/Praga-300x200.jpg\" class=\"attachment-medium size-medium\" alt=\"\" srcset=\"https:\/\/quizviajero.com\/blog\/wp-content\/uploads\/2016\/11\/Praga-300x200.jpg 300w, https:\/\/quizviajero.com\/blog\/wp-content\/uploads\/2016\/11\/Praga-768x513.jpg 768w, https:\/\/quizviajero.com\/blog\/wp-content\/uploads\/2016\/11\/Praga.jpg 1024w, https:\/\/quizviajero.com\/blog\/wp-content\/uploads\/2016\/11\/Praga-219x146.jpg 219w, https:\/\/quizviajero.com\/blog\/wp-content\/uploads\/2016\/11\/Praga-50x33.jpg 50w, https:\/\/quizviajero.com\/blog\/wp-content\/uploads\/2016\/11\/Praga-112x75.jpg 112w\" sizes=\"(max-width: 300px) 100vw, 300px\" \/><\/a>\n\t\t\t<\/div><\/figure><figure class='gallery-item'>\n\t\t\t<div class='gallery-icon landscape'>\n\t\t\t\t<a href='https:\/\/quizviajero.com\/blog\/wp-content\/uploads\/2016\/11\/Pisa.jpg'><img loading=\"lazy\" decoding=\"async\" width=\"300\" height=\"200\" src=\"https:\/\/quizviajero.com\/blog\/wp-content\/uploads\/2016\/11\/Pisa-300x200.jpg\" class=\"attachment-medium size-medium\" alt=\"\" srcset=\"https:\/\/quizviajero.com\/blog\/wp-content\/uploads\/2016\/11\/Pisa-300x200.jpg 300w, https:\/\/quizviajero.com\/blog\/wp-content\/uploads\/2016\/11\/Pisa-768x512.jpg 768w, https:\/\/quizviajero.com\/blog\/wp-content\/uploads\/2016\/11\/Pisa.jpg 1024w, https:\/\/quizviajero.com\/blog\/wp-content\/uploads\/2016\/11\/Pisa-219x146.jpg 219w, https:\/\/quizviajero.com\/blog\/wp-content\/uploads\/2016\/11\/Pisa-50x33.jpg 50w, https:\/\/quizviajero.com\/blog\/wp-content\/uploads\/2016\/11\/Pisa-112x75.jpg 112w\" sizes=\"(max-width: 300px) 100vw, 300px\" \/><\/a>\n\t\t\t<\/div><\/figure><figure class='gallery-item'>\n\t\t\t<div class='gallery-icon landscape'>\n\t\t\t\t<a href='https:\/\/quizviajero.com\/blog\/wp-content\/uploads\/2016\/11\/Paris-1.jpg'><img loading=\"lazy\" decoding=\"async\" width=\"300\" height=\"225\" src=\"https:\/\/quizviajero.com\/blog\/wp-content\/uploads\/2016\/11\/Paris-1-300x225.jpg\" class=\"attachment-medium size-medium\" alt=\"\" srcset=\"https:\/\/quizviajero.com\/blog\/wp-content\/uploads\/2016\/11\/Paris-1-300x225.jpg 300w, https:\/\/quizviajero.com\/blog\/wp-content\/uploads\/2016\/11\/Paris-1-768x576.jpg 768w, https:\/\/quizviajero.com\/blog\/wp-content\/uploads\/2016\/11\/Paris-1.jpg 1024w, https:\/\/quizviajero.com\/blog\/wp-content\/uploads\/2016\/11\/Paris-1-195x146.jpg 195w, https:\/\/quizviajero.com\/blog\/wp-content\/uploads\/2016\/11\/Paris-1-50x38.jpg 50w, https:\/\/quizviajero.com\/blog\/wp-content\/uploads\/2016\/11\/Paris-1-100x75.jpg 100w\" sizes=\"(max-width: 300px) 100vw, 300px\" \/><\/a>\n\t\t\t<\/div><\/figure><figure class='gallery-item'>\n\t\t\t<div class='gallery-icon landscape'>\n\t\t\t\t<a href='https:\/\/quizviajero.com\/blog\/wp-content\/uploads\/2016\/11\/Panteon-Agripa.jpg'><img loading=\"lazy\" decoding=\"async\" width=\"300\" height=\"225\" src=\"https:\/\/quizviajero.com\/blog\/wp-content\/uploads\/2016\/11\/Panteon-Agripa-300x225.jpg\" class=\"attachment-medium size-medium\" alt=\"\" srcset=\"https:\/\/quizviajero.com\/blog\/wp-content\/uploads\/2016\/11\/Panteon-Agripa-300x225.jpg 300w, https:\/\/quizviajero.com\/blog\/wp-content\/uploads\/2016\/11\/Panteon-Agripa-768x576.jpg 768w, https:\/\/quizviajero.com\/blog\/wp-content\/uploads\/2016\/11\/Panteon-Agripa.jpg 1024w, https:\/\/quizviajero.com\/blog\/wp-content\/uploads\/2016\/11\/Panteon-Agripa-195x146.jpg 195w, https:\/\/quizviajero.com\/blog\/wp-content\/uploads\/2016\/11\/Panteon-Agripa-50x38.jpg 50w, https:\/\/quizviajero.com\/blog\/wp-content\/uploads\/2016\/11\/Panteon-Agripa-100x75.jpg 100w\" sizes=\"(max-width: 300px) 100vw, 300px\" \/><\/a>\n\t\t\t<\/div><\/figure><figure class='gallery-item'>\n\t\t\t<div class='gallery-icon landscape'>\n\t\t\t\t<a href='https:\/\/quizviajero.com\/blog\/wp-content\/uploads\/2016\/11\/MAdrid.jpg'><img loading=\"lazy\" decoding=\"async\" width=\"300\" height=\"225\" src=\"https:\/\/quizviajero.com\/blog\/wp-content\/uploads\/2016\/11\/MAdrid-300x225.jpg\" class=\"attachment-medium size-medium\" alt=\"\" srcset=\"https:\/\/quizviajero.com\/blog\/wp-content\/uploads\/2016\/11\/MAdrid-300x225.jpg 300w, https:\/\/quizviajero.com\/blog\/wp-content\/uploads\/2016\/11\/MAdrid-768x576.jpg 768w, https:\/\/quizviajero.com\/blog\/wp-content\/uploads\/2016\/11\/MAdrid.jpg 1024w, https:\/\/quizviajero.com\/blog\/wp-content\/uploads\/2016\/11\/MAdrid-195x146.jpg 195w, https:\/\/quizviajero.com\/blog\/wp-content\/uploads\/2016\/11\/MAdrid-50x38.jpg 50w, https:\/\/quizviajero.com\/blog\/wp-content\/uploads\/2016\/11\/MAdrid-100x75.jpg 100w\" sizes=\"(max-width: 300px) 100vw, 300px\" \/><\/a>\n\t\t\t<\/div><\/figure><figure class='gallery-item'>\n\t\t\t<div class='gallery-icon landscape'>\n\t\t\t\t<a href='https:\/\/quizviajero.com\/blog\/wp-content\/uploads\/2016\/11\/Gante.jpg'><img loading=\"lazy\" decoding=\"async\" width=\"300\" height=\"225\" src=\"https:\/\/quizviajero.com\/blog\/wp-content\/uploads\/2016\/11\/Gante-300x225.jpg\" class=\"attachment-medium size-medium\" alt=\"\" srcset=\"https:\/\/quizviajero.com\/blog\/wp-content\/uploads\/2016\/11\/Gante-300x225.jpg 300w, https:\/\/quizviajero.com\/blog\/wp-content\/uploads\/2016\/11\/Gante-768x576.jpg 768w, https:\/\/quizviajero.com\/blog\/wp-content\/uploads\/2016\/11\/Gante.jpg 1024w, https:\/\/quizviajero.com\/blog\/wp-content\/uploads\/2016\/11\/Gante-195x146.jpg 195w, https:\/\/quizviajero.com\/blog\/wp-content\/uploads\/2016\/11\/Gante-50x38.jpg 50w, https:\/\/quizviajero.com\/blog\/wp-content\/uploads\/2016\/11\/Gante-100x75.jpg 100w\" sizes=\"(max-width: 300px) 100vw, 300px\" \/><\/a>\n\t\t\t<\/div><\/figure><figure class='gallery-item'>\n\t\t\t<div class='gallery-icon landscape'>\n\t\t\t\t<a href='https:\/\/quizviajero.com\/blog\/wp-content\/uploads\/2016\/11\/Fontana-di-Trevi.jpg'><img loading=\"lazy\" decoding=\"async\" width=\"300\" height=\"225\" src=\"https:\/\/quizviajero.com\/blog\/wp-content\/uploads\/2016\/11\/Fontana-di-Trevi-300x225.jpg\" class=\"attachment-medium size-medium\" alt=\"\" srcset=\"https:\/\/quizviajero.com\/blog\/wp-content\/uploads\/2016\/11\/Fontana-di-Trevi-300x225.jpg 300w, https:\/\/quizviajero.com\/blog\/wp-content\/uploads\/2016\/11\/Fontana-di-Trevi-768x576.jpg 768w, https:\/\/quizviajero.com\/blog\/wp-content\/uploads\/2016\/11\/Fontana-di-Trevi.jpg 1024w, https:\/\/quizviajero.com\/blog\/wp-content\/uploads\/2016\/11\/Fontana-di-Trevi-195x146.jpg 195w, https:\/\/quizviajero.com\/blog\/wp-content\/uploads\/2016\/11\/Fontana-di-Trevi-50x38.jpg 50w, https:\/\/quizviajero.com\/blog\/wp-content\/uploads\/2016\/11\/Fontana-di-Trevi-100x75.jpg 100w\" sizes=\"(max-width: 300px) 100vw, 300px\" \/><\/a>\n\t\t\t<\/div><\/figure><figure class='gallery-item'>\n\t\t\t<div class='gallery-icon landscape'>\n\t\t\t\t<a href='https:\/\/quizviajero.com\/blog\/wp-content\/uploads\/2016\/11\/Cementerio-Praga.jpg'><img loading=\"lazy\" decoding=\"async\" width=\"300\" height=\"225\" src=\"https:\/\/quizviajero.com\/blog\/wp-content\/uploads\/2016\/11\/Cementerio-Praga-300x225.jpg\" class=\"attachment-medium size-medium\" alt=\"\" srcset=\"https:\/\/quizviajero.com\/blog\/wp-content\/uploads\/2016\/11\/Cementerio-Praga-300x225.jpg 300w, https:\/\/quizviajero.com\/blog\/wp-content\/uploads\/2016\/11\/Cementerio-Praga-768x576.jpg 768w, https:\/\/quizviajero.com\/blog\/wp-content\/uploads\/2016\/11\/Cementerio-Praga.jpg 1024w, https:\/\/quizviajero.com\/blog\/wp-content\/uploads\/2016\/11\/Cementerio-Praga-195x146.jpg 195w, https:\/\/quizviajero.com\/blog\/wp-content\/uploads\/2016\/11\/Cementerio-Praga-50x38.jpg 50w, https:\/\/quizviajero.com\/blog\/wp-content\/uploads\/2016\/11\/Cementerio-Praga-100x75.jpg 100w\" sizes=\"(max-width: 300px) 100vw, 300px\" \/><\/a>\n\t\t\t<\/div><\/figure><figure class='gallery-item'>\n\t\t\t<div class='gallery-icon landscape'>\n\t\t\t\t<a href='https:\/\/quizviajero.com\/blog\/wp-content\/uploads\/2016\/11\/Brujas.jpg'><img loading=\"lazy\" decoding=\"async\" width=\"300\" height=\"225\" src=\"https:\/\/quizviajero.com\/blog\/wp-content\/uploads\/2016\/11\/Brujas-300x225.jpg\" class=\"attachment-medium size-medium\" alt=\"\" srcset=\"https:\/\/quizviajero.com\/blog\/wp-content\/uploads\/2016\/11\/Brujas-300x225.jpg 300w, https:\/\/quizviajero.com\/blog\/wp-content\/uploads\/2016\/11\/Brujas-768x576.jpg 768w, https:\/\/quizviajero.com\/blog\/wp-content\/uploads\/2016\/11\/Brujas.jpg 1024w, https:\/\/quizviajero.com\/blog\/wp-content\/uploads\/2016\/11\/Brujas-195x146.jpg 195w, https:\/\/quizviajero.com\/blog\/wp-content\/uploads\/2016\/11\/Brujas-50x38.jpg 50w, https:\/\/quizviajero.com\/blog\/wp-content\/uploads\/2016\/11\/Brujas-100x75.jpg 100w\" sizes=\"(max-width: 300px) 100vw, 300px\" \/><\/a>\n\t\t\t<\/div><\/figure><figure class='gallery-item'>\n\t\t\t<div class='gallery-icon landscape'>\n\t\t\t\t<a href='https:\/\/quizviajero.com\/blog\/wp-content\/uploads\/2016\/11\/Volendam.jpg'><img loading=\"lazy\" decoding=\"async\" width=\"300\" height=\"200\" src=\"https:\/\/quizviajero.com\/blog\/wp-content\/uploads\/2016\/11\/Volendam-300x200.jpg\" class=\"attachment-medium size-medium\" alt=\"\" srcset=\"https:\/\/quizviajero.com\/blog\/wp-content\/uploads\/2016\/11\/Volendam-300x200.jpg 300w, https:\/\/quizviajero.com\/blog\/wp-content\/uploads\/2016\/11\/Volendam-768x512.jpg 768w, https:\/\/quizviajero.com\/blog\/wp-content\/uploads\/2016\/11\/Volendam.jpg 1024w, https:\/\/quizviajero.com\/blog\/wp-content\/uploads\/2016\/11\/Volendam-219x146.jpg 219w, https:\/\/quizviajero.com\/blog\/wp-content\/uploads\/2016\/11\/Volendam-50x33.jpg 50w, https:\/\/quizviajero.com\/blog\/wp-content\/uploads\/2016\/11\/Volendam-112x75.jpg 112w\" sizes=\"(max-width: 300px) 100vw, 300px\" \/><\/a>\n\t\t\t<\/div><\/figure><figure class='gallery-item'>\n\t\t\t<div class='gallery-icon landscape'>\n\t\t\t\t<a href='https:\/\/quizviajero.com\/blog\/wp-content\/uploads\/2016\/11\/Vista-desde-Sant-Angelo.jpg'><img loading=\"lazy\" decoding=\"async\" width=\"300\" height=\"201\" src=\"https:\/\/quizviajero.com\/blog\/wp-content\/uploads\/2016\/11\/Vista-desde-Sant-Angelo-300x201.jpg\" class=\"attachment-medium size-medium\" alt=\"\" srcset=\"https:\/\/quizviajero.com\/blog\/wp-content\/uploads\/2016\/11\/Vista-desde-Sant-Angelo-300x201.jpg 300w, https:\/\/quizviajero.com\/blog\/wp-content\/uploads\/2016\/11\/Vista-desde-Sant-Angelo-768x514.jpg 768w, https:\/\/quizviajero.com\/blog\/wp-content\/uploads\/2016\/11\/Vista-desde-Sant-Angelo.jpg 1024w, https:\/\/quizviajero.com\/blog\/wp-content\/uploads\/2016\/11\/Vista-desde-Sant-Angelo-218x146.jpg 218w, https:\/\/quizviajero.com\/blog\/wp-content\/uploads\/2016\/11\/Vista-desde-Sant-Angelo-50x33.jpg 50w, https:\/\/quizviajero.com\/blog\/wp-content\/uploads\/2016\/11\/Vista-desde-Sant-Angelo-112x75.jpg 112w\" sizes=\"(max-width: 300px) 100vw, 300px\" \/><\/a>\n\t\t\t<\/div><\/figure><figure class='gallery-item'>\n\t\t\t<div class='gallery-icon landscape'>\n\t\t\t\t<a href='https:\/\/quizviajero.com\/blog\/wp-content\/uploads\/2016\/11\/Venecia.jpg'><img loading=\"lazy\" decoding=\"async\" width=\"300\" height=\"225\" src=\"https:\/\/quizviajero.com\/blog\/wp-content\/uploads\/2016\/11\/Venecia-300x225.jpg\" class=\"attachment-medium size-medium\" alt=\"\" srcset=\"https:\/\/quizviajero.com\/blog\/wp-content\/uploads\/2016\/11\/Venecia-300x225.jpg 300w, https:\/\/quizviajero.com\/blog\/wp-content\/uploads\/2016\/11\/Venecia-768x576.jpg 768w, https:\/\/quizviajero.com\/blog\/wp-content\/uploads\/2016\/11\/Venecia.jpg 1024w, https:\/\/quizviajero.com\/blog\/wp-content\/uploads\/2016\/11\/Venecia-195x146.jpg 195w, https:\/\/quizviajero.com\/blog\/wp-content\/uploads\/2016\/11\/Venecia-50x38.jpg 50w, https:\/\/quizviajero.com\/blog\/wp-content\/uploads\/2016\/11\/Venecia-100x75.jpg 100w\" sizes=\"(max-width: 300px) 100vw, 300px\" \/><\/a>\n\t\t\t<\/div><\/figure><figure class='gallery-item'>\n\t\t\t<div class='gallery-icon landscape'>\n\t\t\t\t<a href='https:\/\/quizviajero.com\/blog\/wp-content\/uploads\/2016\/11\/Salzburgo.jpg'><img loading=\"lazy\" decoding=\"async\" width=\"300\" height=\"225\" src=\"https:\/\/quizviajero.com\/blog\/wp-content\/uploads\/2016\/11\/Salzburgo-300x225.jpg\" class=\"attachment-medium size-medium\" alt=\"\" srcset=\"https:\/\/quizviajero.com\/blog\/wp-content\/uploads\/2016\/11\/Salzburgo-300x225.jpg 300w, https:\/\/quizviajero.com\/blog\/wp-content\/uploads\/2016\/11\/Salzburgo-768x576.jpg 768w, https:\/\/quizviajero.com\/blog\/wp-content\/uploads\/2016\/11\/Salzburgo.jpg 1024w, https:\/\/quizviajero.com\/blog\/wp-content\/uploads\/2016\/11\/Salzburgo-195x146.jpg 195w, https:\/\/quizviajero.com\/blog\/wp-content\/uploads\/2016\/11\/Salzburgo-50x38.jpg 50w, https:\/\/quizviajero.com\/blog\/wp-content\/uploads\/2016\/11\/Salzburgo-100x75.jpg 100w\" sizes=\"(max-width: 300px) 100vw, 300px\" \/><\/a>\n\t\t\t<\/div><\/figure><figure class='gallery-item'>\n\t\t\t<div class='gallery-icon landscape'>\n\t\t\t\t<a href='https:\/\/quizviajero.com\/blog\/wp-content\/uploads\/2016\/11\/Roma.jpg'><img loading=\"lazy\" decoding=\"async\" width=\"300\" height=\"200\" src=\"https:\/\/quizviajero.com\/blog\/wp-content\/uploads\/2016\/11\/Roma-300x200.jpg\" class=\"attachment-medium size-medium\" alt=\"\" srcset=\"https:\/\/quizviajero.com\/blog\/wp-content\/uploads\/2016\/11\/Roma-300x200.jpg 300w, https:\/\/quizviajero.com\/blog\/wp-content\/uploads\/2016\/11\/Roma-768x513.jpg 768w, https:\/\/quizviajero.com\/blog\/wp-content\/uploads\/2016\/11\/Roma.jpg 1024w, https:\/\/quizviajero.com\/blog\/wp-content\/uploads\/2016\/11\/Roma-219x146.jpg 219w, https:\/\/quizviajero.com\/blog\/wp-content\/uploads\/2016\/11\/Roma-50x33.jpg 50w, https:\/\/quizviajero.com\/blog\/wp-content\/uploads\/2016\/11\/Roma-112x75.jpg 112w\" sizes=\"(max-width: 300px) 100vw, 300px\" \/><\/a>\n\t\t\t<\/div><\/figure><figure class='gallery-item'>\n\t\t\t<div class='gallery-icon landscape'>\n\t\t\t\t<a href='https:\/\/quizviajero.com\/blog\/wp-content\/uploads\/2016\/11\/Rio-Tiber-Roma.jpg'><img loading=\"lazy\" decoding=\"async\" width=\"300\" height=\"201\" src=\"https:\/\/quizviajero.com\/blog\/wp-content\/uploads\/2016\/11\/Rio-Tiber-Roma-300x201.jpg\" class=\"attachment-medium size-medium\" alt=\"\" srcset=\"https:\/\/quizviajero.com\/blog\/wp-content\/uploads\/2016\/11\/Rio-Tiber-Roma-300x201.jpg 300w, https:\/\/quizviajero.com\/blog\/wp-content\/uploads\/2016\/11\/Rio-Tiber-Roma-768x514.jpg 768w, https:\/\/quizviajero.com\/blog\/wp-content\/uploads\/2016\/11\/Rio-Tiber-Roma.jpg 1024w, https:\/\/quizviajero.com\/blog\/wp-content\/uploads\/2016\/11\/Rio-Tiber-Roma-218x146.jpg 218w, https:\/\/quizviajero.com\/blog\/wp-content\/uploads\/2016\/11\/Rio-Tiber-Roma-50x33.jpg 50w, https:\/\/quizviajero.com\/blog\/wp-content\/uploads\/2016\/11\/Rio-Tiber-Roma-112x75.jpg 112w\" sizes=\"(max-width: 300px) 100vw, 300px\" \/><\/a>\n\t\t\t<\/div><\/figure><figure class='gallery-item'>\n\t\t\t<div class='gallery-icon portrait'>\n\t\t\t\t<a href='https:\/\/quizviajero.com\/blog\/wp-content\/uploads\/2016\/11\/La-Pieta.jpg'><img loading=\"lazy\" decoding=\"async\" width=\"199\" height=\"300\" src=\"https:\/\/quizviajero.com\/blog\/wp-content\/uploads\/2016\/11\/La-Pieta-199x300.jpg\" class=\"attachment-medium size-medium\" alt=\"\" srcset=\"https:\/\/quizviajero.com\/blog\/wp-content\/uploads\/2016\/11\/La-Pieta-199x300.jpg 199w, https:\/\/quizviajero.com\/blog\/wp-content\/uploads\/2016\/11\/La-Pieta.jpg 680w, https:\/\/quizviajero.com\/blog\/wp-content\/uploads\/2016\/11\/La-Pieta-97x146.jpg 97w, https:\/\/quizviajero.com\/blog\/wp-content\/uploads\/2016\/11\/La-Pieta-33x50.jpg 33w, https:\/\/quizviajero.com\/blog\/wp-content\/uploads\/2016\/11\/La-Pieta-50x75.jpg 50w\" sizes=\"(max-width: 199px) 100vw, 199px\" \/><\/a>\n\t\t\t<\/div><\/figure><figure class='gallery-item'>\n\t\t\t<div class='gallery-icon portrait'>\n\t\t\t\t<a href='https:\/\/quizviajero.com\/blog\/wp-content\/uploads\/2016\/11\/Cupula-San-Pedro.jpg'><img loading=\"lazy\" decoding=\"async\" width=\"225\" height=\"300\" src=\"https:\/\/quizviajero.com\/blog\/wp-content\/uploads\/2016\/11\/Cupula-San-Pedro-225x300.jpg\" class=\"attachment-medium size-medium\" alt=\"\" srcset=\"https:\/\/quizviajero.com\/blog\/wp-content\/uploads\/2016\/11\/Cupula-San-Pedro-225x300.jpg 225w, https:\/\/quizviajero.com\/blog\/wp-content\/uploads\/2016\/11\/Cupula-San-Pedro.jpg 768w, https:\/\/quizviajero.com\/blog\/wp-content\/uploads\/2016\/11\/Cupula-San-Pedro-110x146.jpg 110w, https:\/\/quizviajero.com\/blog\/wp-content\/uploads\/2016\/11\/Cupula-San-Pedro-38x50.jpg 38w, https:\/\/quizviajero.com\/blog\/wp-content\/uploads\/2016\/11\/Cupula-San-Pedro-56x75.jpg 56w\" sizes=\"(max-width: 225px) 100vw, 225px\" \/><\/a>\n\t\t\t<\/div><\/figure>\n\t\t<\/div>\n\n<hr \/>\n<p>&nbsp;<\/p>\n<p><strong>Por Mariana A. Creta\u00a0(Sofonisba Anguissola) <a href=\"https:\/\/twitter.com\/mariana060170\" target=\"_blank\">@mariana060170<\/a><\/strong><\/p>\n<p>&nbsp;<\/p>\n<p>Nota actual: De todas estas ciudades hasta ahora solo Paris tuvo revancha con otra visita posterior.\u00a0 Todav\u00eda tengo una deuda enorme con Italia especialmente, que quiero y espero saldar muy pronto.<\/p>\n<p>&nbsp;<\/p>\n","protected":false},"excerpt":{"rendered":"<p>\u00bfQui\u00e9n no so\u00f1\u00f3 alguna vez con trabajar \u201cde viajero\u201d?\u00a0 Soy una de esas so\u00f1adoras, pero mi d\u00eda a d\u00eda es la t\u00edpica rutina de oficina y solo tengo, por ahora,\u00a0 unos 28 d\u00edas al a\u00f1o para poder hacer realidad ese sue\u00f1o. Y a mis neuronas adem\u00e1s de dejarlas so\u00f1ar, las mantengo activas y siempre estoy tratando de hacer algo que me gratifique. Sin obligaci\u00f3n, solo por placer.\u00a0 Hab\u00eda terminado ya dos a\u00f1os de curso de Historia General del Arte en el Museo de Bellas Artes de Buenos Aires (100% recomendable) y estaba estudiando italiano, un idioma que quer\u00eda aprender desde la infancia, \u00a0cuando mi abuelo me cantaba canciones en su dialecto friulano. Y como una cosa lleva a la otra, estaban aliment\u00e1ndose con todo esto, unas ganas terribles de viajar y de conocer Italia. Pero el contexto ya no era el de la soltera que dispon\u00eda de su vida as\u00ed como as\u00ed, \u00a0y tengo \u00a0cuatro hermosos hijos y un marido que me aguanta y el presupuesto de un viaje a Europa por 6 es, convengamos, m\u00e1s que importante. Y fueron expresiones de deseos y planes en el aire a futuro lejano, \u00a0las que surg\u00edan en charlas de cenas, almuerzos, mateadas y caf\u00e9s, con amigos, con marido.\u00a0 Y sucedi\u00f3\u2026 Un regalo de cumplea\u00f1os, una amiga con vacaciones disponibles y contagiosas ganas de aventura. Y eso que empez\u00f3 como ideas locas, fue tomando forma y la frase: &#8211; \u201cSaquen el pasaje y vayan, yo me quedo con los chicos\u201d son\u00f3 como esas trompetas de entrada triunfal en las pel\u00edculas. Una oferta a\u00e9rea decidi\u00f3 que el viaje empezar\u00eda y terminar\u00eda en Amsterdam. Y tambi\u00e9n cuanto durar\u00eda. A partir de ah\u00ed, fue amalgamar expectativas de ambas de acuerdo a intereses y gustos personales y ver que pod\u00edamos incluir en esos d\u00edas y aprovechar al m\u00e1ximo Europa con un presupuesto tranquilo, (tendiendo a gasolero). Casi como la pel\u00edcula \u201cIf It&#8217;s Tuesday, This Must Be Belgium\u201d. \u00a0Lo nuestro termin\u00f3 siendo 13 ciudades, 8 pa\u00edses en 21 d\u00edas. \u00a0Para cualquier viajero con dos dedos de frente, parecer\u00eda una locura.\u00a0 Para nosotras, \u00a0era una oportunidad que no sab\u00edamos si iba a volver a repetirse. Los preparativos fueron tan divertidos como el viaje en s\u00ed mismo. Trasnochadas buscando ideas y armando el itinerario.\u00a0 Reuniones con mate de por medio, o chat de madrugada. Mesas llenas de mapas, gu\u00edas, papeles. Que vamos a hotel, que vamos a un hostel, que lo hacemos en tren, que lo hacemos en avi\u00f3n.\u00a0 Que ya que estamos por ah\u00ed tenemos que ir por all\u00e1\u2026 Finalmente lleg\u00f3 el d\u00eda despu\u00e9s de 3 meses.\u00a0 Una madre con algo de culpa (bastante) y dejando a cuatro hijos y marido, \u00a0estaba camino a Ezeiza con tres semanas por delante para aprovechar al m\u00e1ximo. Todo estaba previsto para contenerme: fotos, \u00a0extensi\u00f3n del servicio celular pago para estar conectada 7&#215;24,\u00a0 cartitas, dibujitos, etc., etc\u2026. Con algunos traspi\u00e9s gracias al empleado de turno de la aerol\u00ednea en cuesti\u00f3n, se iban por la cinta nuestros petates despachados con destino AMS. Mi amiga soport\u00e1ndome las 12 horas de vuelo a Madrid.\u00a0 A m\u00ed, a mi culpa, y a mi miedo a volar.\u00a0 Una hero\u00edna. Ella, mi amiga, \u00a0obvio. Voy a tratar de contarles algo breve de cada lugar, lo que que me impact\u00f3 del que fue el viaje m\u00e1s intenso y caminado que he tenido. No me quedan dudas que cada destino deber\u00eda tener su propia historia, y que esto no es m\u00e1s que un \u00ednfimo resumen. La escala en Madrid\u00a0 tuvo un peque\u00f1o susto al ir al embarque de la conexi\u00f3n, y ver que por \u00a0la confusi\u00f3n generada en Ezeiza, hab\u00edan anulado mi ticket y si bien lograba que me suban al avi\u00f3n, no sab\u00edamos si mi valija iba a encontrarse conmigo en Amsterdam. Poco a poco la excitaci\u00f3n de conocer nuevas cosas fue haciendo mermar esa sensaci\u00f3n fuerte de extra\u00f1ar la familia que ya estaba del otro lado del gran charco.\u00a0 Madrid me era conocido, porque ya hab\u00eda estado en 3 oportunidades, pero todo lo que me esperaba por los pr\u00f3ximos d\u00edas iba a ser nuevo para mi. Y ah\u00ed aterrizamos en Amsterdam.\u00a0 Y tambi\u00e9n nuestro equipaje para mi tranquilidad.\u00a0 Una con mochila y la otra con valija: dos estilos para un mismo viaje. Llamada de rigor a Bs. As. para dar el presente y que est\u00e1bamos bien y\u00a0 preguntar si llor\u00f3 la m\u00e1s chica, si todos fueron al cole, si me extra\u00f1aban porque yo s\u00ed, etc., etc.\u2026 Esa primera parada era de unas cuantas horas. Y las aprovechamos a full. Dejamos las valijas en lockers en la Estaci\u00f3n Central y salimos a caminar para tener un primer encuentro con la ciudad de los canales. Ya volver\u00edamos con m\u00e1s tiempo al final de recorrido.\u00a0 A las 19 sal\u00eda el tren que nos llevar\u00eda en viaje nocturno a Praga. Un muchacho coreano, que solo hablaba ingl\u00e9s fue nuestro \u00fanico acompa\u00f1ante en el camarote hasta Berl\u00edn.\u00a0 All\u00ed llegamos de noche cerrada y de ese stop y de Berl\u00edn, solo me qued\u00f3 la imagen de un brillante cartel de Mercedes Benz en lo alto del cielo nocturno a trav\u00e9s de la ventanilla y un guarda que solo hablaba alem\u00e1n y mi amiga haciendo de interprete para m\u00ed y para el coreano. El amanecer nos despert\u00f3 cuando el tren estaba bordeando el rio Moldava, y en poco tiempo llegamos a Praga. Que les puedo contar\u2026 Praga es se\u00f1orial, es realmente m\u00e1gica.\u00a0 Con su incre\u00edble reloj, el puente, la visita al palacio, la Catedral de San Vito, las sinagogas, el cementerio jud\u00edo (que le dio el t\u00edtulo al libro de Umberto Eco), la calle de Oro, \u00a0las iglesias, los tejados y las vistas nocturnas. El siguiente destino, en un tren hacia Austria, era Linz.\u00a0 Una suave nevada nos despidi\u00f3 en la frontera de Rep. Checa. Hab\u00edamos incluido como destino de paso, visitar el ex campo de concentraci\u00f3n de Mauthausen. Nuevamente las valijas al locker y un bus desde Linz nos dej\u00f3 a un par de kil\u00f3metros que ten\u00edamos que hacer caminando. La llovizna, el viento<\/p>\n","protected":false},"author":1,"featured_media":545,"comment_status":"open","ping_status":"open","sticky":false,"template":"","format":"standard","meta":{"_mo_disable_npp":"","_joinchat":[],"footnotes":""},"categories":[5],"tags":[],"class_list":["post-517","post","type-post","status-publish","format-standard","has-post-thumbnail","hentry","category-bloggeroqv"],"yoast_head":"<!-- This site is optimized with the Yoast SEO plugin v27.5 - https:\/\/yoast.com\/product\/yoast-seo-wordpress\/ -->\n<title>Armando el Cat\u00e1logo -por Europa | Quiz Viajero<\/title>\n<meta name=\"robots\" content=\"index, follow, max-snippet:-1, max-image-preview:large, max-video-preview:-1\" \/>\n<link rel=\"canonical\" href=\"https:\/\/quizviajero.com\/blog\/armando-el-catalogo\/\" \/>\n<meta property=\"og:locale\" content=\"es_ES\" \/>\n<meta property=\"og:type\" content=\"article\" \/>\n<meta property=\"og:title\" content=\"Armando el Cat\u00e1logo -por Europa | Quiz Viajero\" \/>\n<meta property=\"og:description\" content=\"\u00bfQui\u00e9n no so\u00f1\u00f3 alguna vez con trabajar \u201cde viajero\u201d?\u00a0 Soy una de esas so\u00f1adoras, pero mi d\u00eda a d\u00eda es la t\u00edpica rutina de oficina y solo tengo, por ahora,\u00a0 unos 28 d\u00edas al a\u00f1o para poder hacer realidad ese sue\u00f1o. Y a mis neuronas adem\u00e1s de dejarlas so\u00f1ar, las mantengo activas y siempre estoy tratando de hacer algo que me gratifique. Sin obligaci\u00f3n, solo por placer.\u00a0 Hab\u00eda terminado ya dos a\u00f1os de curso de Historia General del Arte en el Museo de Bellas Artes de Buenos Aires (100% recomendable) y estaba estudiando italiano, un idioma que quer\u00eda aprender desde la infancia, \u00a0cuando mi abuelo me cantaba canciones en su dialecto friulano. Y como una cosa lleva a la otra, estaban aliment\u00e1ndose con todo esto, unas ganas terribles de viajar y de conocer Italia. Pero el contexto ya no era el de la soltera que dispon\u00eda de su vida as\u00ed como as\u00ed, \u00a0y tengo \u00a0cuatro hermosos hijos y un marido que me aguanta y el presupuesto de un viaje a Europa por 6 es, convengamos, m\u00e1s que importante. Y fueron expresiones de deseos y planes en el aire a futuro lejano, \u00a0las que surg\u00edan en charlas de cenas, almuerzos, mateadas y caf\u00e9s, con amigos, con marido.\u00a0 Y sucedi\u00f3\u2026 Un regalo de cumplea\u00f1os, una amiga con vacaciones disponibles y contagiosas ganas de aventura. Y eso que empez\u00f3 como ideas locas, fue tomando forma y la frase: &#8211; \u201cSaquen el pasaje y vayan, yo me quedo con los chicos\u201d son\u00f3 como esas trompetas de entrada triunfal en las pel\u00edculas. Una oferta a\u00e9rea decidi\u00f3 que el viaje empezar\u00eda y terminar\u00eda en Amsterdam. Y tambi\u00e9n cuanto durar\u00eda. A partir de ah\u00ed, fue amalgamar expectativas de ambas de acuerdo a intereses y gustos personales y ver que pod\u00edamos incluir en esos d\u00edas y aprovechar al m\u00e1ximo Europa con un presupuesto tranquilo, (tendiendo a gasolero). Casi como la pel\u00edcula \u201cIf It&#8217;s Tuesday, This Must Be Belgium\u201d. \u00a0Lo nuestro termin\u00f3 siendo 13 ciudades, 8 pa\u00edses en 21 d\u00edas. \u00a0Para cualquier viajero con dos dedos de frente, parecer\u00eda una locura.\u00a0 Para nosotras, \u00a0era una oportunidad que no sab\u00edamos si iba a volver a repetirse. Los preparativos fueron tan divertidos como el viaje en s\u00ed mismo. Trasnochadas buscando ideas y armando el itinerario.\u00a0 Reuniones con mate de por medio, o chat de madrugada. Mesas llenas de mapas, gu\u00edas, papeles. Que vamos a hotel, que vamos a un hostel, que lo hacemos en tren, que lo hacemos en avi\u00f3n.\u00a0 Que ya que estamos por ah\u00ed tenemos que ir por all\u00e1\u2026 Finalmente lleg\u00f3 el d\u00eda despu\u00e9s de 3 meses.\u00a0 Una madre con algo de culpa (bastante) y dejando a cuatro hijos y marido, \u00a0estaba camino a Ezeiza con tres semanas por delante para aprovechar al m\u00e1ximo. Todo estaba previsto para contenerme: fotos, \u00a0extensi\u00f3n del servicio celular pago para estar conectada 7&#215;24,\u00a0 cartitas, dibujitos, etc., etc\u2026. Con algunos traspi\u00e9s gracias al empleado de turno de la aerol\u00ednea en cuesti\u00f3n, se iban por la cinta nuestros petates despachados con destino AMS. Mi amiga soport\u00e1ndome las 12 horas de vuelo a Madrid.\u00a0 A m\u00ed, a mi culpa, y a mi miedo a volar.\u00a0 Una hero\u00edna. Ella, mi amiga, \u00a0obvio. Voy a tratar de contarles algo breve de cada lugar, lo que que me impact\u00f3 del que fue el viaje m\u00e1s intenso y caminado que he tenido. No me quedan dudas que cada destino deber\u00eda tener su propia historia, y que esto no es m\u00e1s que un \u00ednfimo resumen. La escala en Madrid\u00a0 tuvo un peque\u00f1o susto al ir al embarque de la conexi\u00f3n, y ver que por \u00a0la confusi\u00f3n generada en Ezeiza, hab\u00edan anulado mi ticket y si bien lograba que me suban al avi\u00f3n, no sab\u00edamos si mi valija iba a encontrarse conmigo en Amsterdam. Poco a poco la excitaci\u00f3n de conocer nuevas cosas fue haciendo mermar esa sensaci\u00f3n fuerte de extra\u00f1ar la familia que ya estaba del otro lado del gran charco.\u00a0 Madrid me era conocido, porque ya hab\u00eda estado en 3 oportunidades, pero todo lo que me esperaba por los pr\u00f3ximos d\u00edas iba a ser nuevo para mi. Y ah\u00ed aterrizamos en Amsterdam.\u00a0 Y tambi\u00e9n nuestro equipaje para mi tranquilidad.\u00a0 Una con mochila y la otra con valija: dos estilos para un mismo viaje. Llamada de rigor a Bs. As. para dar el presente y que est\u00e1bamos bien y\u00a0 preguntar si llor\u00f3 la m\u00e1s chica, si todos fueron al cole, si me extra\u00f1aban porque yo s\u00ed, etc., etc.\u2026 Esa primera parada era de unas cuantas horas. Y las aprovechamos a full. Dejamos las valijas en lockers en la Estaci\u00f3n Central y salimos a caminar para tener un primer encuentro con la ciudad de los canales. Ya volver\u00edamos con m\u00e1s tiempo al final de recorrido.\u00a0 A las 19 sal\u00eda el tren que nos llevar\u00eda en viaje nocturno a Praga. Un muchacho coreano, que solo hablaba ingl\u00e9s fue nuestro \u00fanico acompa\u00f1ante en el camarote hasta Berl\u00edn.\u00a0 All\u00ed llegamos de noche cerrada y de ese stop y de Berl\u00edn, solo me qued\u00f3 la imagen de un brillante cartel de Mercedes Benz en lo alto del cielo nocturno a trav\u00e9s de la ventanilla y un guarda que solo hablaba alem\u00e1n y mi amiga haciendo de interprete para m\u00ed y para el coreano. El amanecer nos despert\u00f3 cuando el tren estaba bordeando el rio Moldava, y en poco tiempo llegamos a Praga. Que les puedo contar\u2026 Praga es se\u00f1orial, es realmente m\u00e1gica.\u00a0 Con su incre\u00edble reloj, el puente, la visita al palacio, la Catedral de San Vito, las sinagogas, el cementerio jud\u00edo (que le dio el t\u00edtulo al libro de Umberto Eco), la calle de Oro, \u00a0las iglesias, los tejados y las vistas nocturnas. El siguiente destino, en un tren hacia Austria, era Linz.\u00a0 Una suave nevada nos despidi\u00f3 en la frontera de Rep. Checa. Hab\u00edamos incluido como destino de paso, visitar el ex campo de concentraci\u00f3n de Mauthausen. Nuevamente las valijas al locker y un bus desde Linz nos dej\u00f3 a un par de kil\u00f3metros que ten\u00edamos que hacer caminando. La llovizna, el viento\" \/>\n<meta property=\"og:url\" content=\"https:\/\/quizviajero.com\/blog\/armando-el-catalogo\/\" \/>\n<meta property=\"og:site_name\" content=\"QuizViajero\" \/>\n<meta property=\"article:publisher\" content=\"https:\/\/www.facebook.com\/quizviajero\/\" \/>\n<meta property=\"article:published_time\" content=\"2016-11-27T19:09:30+00:00\" \/>\n<meta property=\"article:modified_time\" content=\"2016-12-08T23:50:17+00:00\" \/>\n<meta property=\"og:image\" content=\"https:\/\/quizviajero.com\/blog\/wp-content\/uploads\/2016\/11\/bloggeroqv-mariana.jpg\" \/>\n\t<meta property=\"og:image:width\" content=\"1280\" \/>\n\t<meta property=\"og:image:height\" content=\"640\" \/>\n\t<meta property=\"og:image:type\" content=\"image\/jpeg\" \/>\n<meta name=\"author\" content=\"quizviajero\" \/>\n<meta name=\"twitter:card\" content=\"summary_large_image\" \/>\n<meta name=\"twitter:creator\" content=\"@quiz_viajero\" \/>\n<meta name=\"twitter:site\" content=\"@quiz_viajero\" \/>\n<meta name=\"twitter:label1\" content=\"Escrito por\" \/>\n\t<meta name=\"twitter:data1\" content=\"quizviajero\" \/>\n\t<meta name=\"twitter:label2\" content=\"Tiempo de lectura\" \/>\n\t<meta name=\"twitter:data2\" content=\"13 minutos\" \/>\n<script type=\"application\/ld+json\" class=\"yoast-schema-graph\">{\"@context\":\"https:\\\/\\\/schema.org\",\"@graph\":[{\"@type\":\"Article\",\"@id\":\"https:\\\/\\\/quizviajero.com\\\/blog\\\/armando-el-catalogo\\\/#article\",\"isPartOf\":{\"@id\":\"https:\\\/\\\/quizviajero.com\\\/blog\\\/armando-el-catalogo\\\/\"},\"author\":{\"name\":\"quizviajero\",\"@id\":\"https:\\\/\\\/quizviajero.com\\\/blog\\\/#\\\/schema\\\/person\\\/ca13a4c48552c967abaf1d7bafb306bf\"},\"headline\":\"Armando el Cat\u00e1logo\",\"datePublished\":\"2016-11-27T19:09:30+00:00\",\"dateModified\":\"2016-12-08T23:50:17+00:00\",\"mainEntityOfPage\":{\"@id\":\"https:\\\/\\\/quizviajero.com\\\/blog\\\/armando-el-catalogo\\\/\"},\"wordCount\":2595,\"commentCount\":5,\"publisher\":{\"@id\":\"https:\\\/\\\/quizviajero.com\\\/blog\\\/#organization\"},\"image\":{\"@id\":\"https:\\\/\\\/quizviajero.com\\\/blog\\\/armando-el-catalogo\\\/#primaryimage\"},\"thumbnailUrl\":\"https:\\\/\\\/quizviajero.com\\\/blog\\\/wp-content\\\/uploads\\\/2016\\\/11\\\/bloggeroqv-mariana.jpg\",\"articleSection\":[\"#BloggeroQV\"],\"inLanguage\":\"es\",\"potentialAction\":[{\"@type\":\"CommentAction\",\"name\":\"Comment\",\"target\":[\"https:\\\/\\\/quizviajero.com\\\/blog\\\/armando-el-catalogo\\\/#respond\"]}]},{\"@type\":\"WebPage\",\"@id\":\"https:\\\/\\\/quizviajero.com\\\/blog\\\/armando-el-catalogo\\\/\",\"url\":\"https:\\\/\\\/quizviajero.com\\\/blog\\\/armando-el-catalogo\\\/\",\"name\":\"Armando el Cat\u00e1logo -por Europa | Quiz Viajero\",\"isPartOf\":{\"@id\":\"https:\\\/\\\/quizviajero.com\\\/blog\\\/#website\"},\"primaryImageOfPage\":{\"@id\":\"https:\\\/\\\/quizviajero.com\\\/blog\\\/armando-el-catalogo\\\/#primaryimage\"},\"image\":{\"@id\":\"https:\\\/\\\/quizviajero.com\\\/blog\\\/armando-el-catalogo\\\/#primaryimage\"},\"thumbnailUrl\":\"https:\\\/\\\/quizviajero.com\\\/blog\\\/wp-content\\\/uploads\\\/2016\\\/11\\\/bloggeroqv-mariana.jpg\",\"datePublished\":\"2016-11-27T19:09:30+00:00\",\"dateModified\":\"2016-12-08T23:50:17+00:00\",\"breadcrumb\":{\"@id\":\"https:\\\/\\\/quizviajero.com\\\/blog\\\/armando-el-catalogo\\\/#breadcrumb\"},\"inLanguage\":\"es\",\"potentialAction\":[{\"@type\":\"ReadAction\",\"target\":[\"https:\\\/\\\/quizviajero.com\\\/blog\\\/armando-el-catalogo\\\/\"]}]},{\"@type\":\"ImageObject\",\"inLanguage\":\"es\",\"@id\":\"https:\\\/\\\/quizviajero.com\\\/blog\\\/armando-el-catalogo\\\/#primaryimage\",\"url\":\"https:\\\/\\\/quizviajero.com\\\/blog\\\/wp-content\\\/uploads\\\/2016\\\/11\\\/bloggeroqv-mariana.jpg\",\"contentUrl\":\"https:\\\/\\\/quizviajero.com\\\/blog\\\/wp-content\\\/uploads\\\/2016\\\/11\\\/bloggeroqv-mariana.jpg\",\"width\":1280,\"height\":640},{\"@type\":\"BreadcrumbList\",\"@id\":\"https:\\\/\\\/quizviajero.com\\\/blog\\\/armando-el-catalogo\\\/#breadcrumb\",\"itemListElement\":[{\"@type\":\"ListItem\",\"position\":1,\"name\":\"Home\",\"item\":\"https:\\\/\\\/quizviajero.com\\\/blog\\\/\"},{\"@type\":\"ListItem\",\"position\":2,\"name\":\"#BloggeroQV\",\"item\":\"https:\\\/\\\/quizviajero.com\\\/blog\\\/bloggeroqv\\\/\"},{\"@type\":\"ListItem\",\"position\":3,\"name\":\"Armando el Cat\u00e1logo\"}]},{\"@type\":\"WebSite\",\"@id\":\"https:\\\/\\\/quizviajero.com\\\/blog\\\/#website\",\"url\":\"https:\\\/\\\/quizviajero.com\\\/blog\\\/\",\"name\":\"QuizViajero\",\"description\":\"El primer juego sobre viajes con premios! \u2708\",\"publisher\":{\"@id\":\"https:\\\/\\\/quizviajero.com\\\/blog\\\/#organization\"},\"potentialAction\":[{\"@type\":\"SearchAction\",\"target\":{\"@type\":\"EntryPoint\",\"urlTemplate\":\"https:\\\/\\\/quizviajero.com\\\/blog\\\/?s={search_term_string}\"},\"query-input\":{\"@type\":\"PropertyValueSpecification\",\"valueRequired\":true,\"valueName\":\"search_term_string\"}}],\"inLanguage\":\"es\"},{\"@type\":\"Organization\",\"@id\":\"https:\\\/\\\/quizviajero.com\\\/blog\\\/#organization\",\"name\":\"QuizViajero\",\"url\":\"https:\\\/\\\/quizviajero.com\\\/blog\\\/\",\"logo\":{\"@type\":\"ImageObject\",\"inLanguage\":\"es\",\"@id\":\"https:\\\/\\\/quizviajero.com\\\/blog\\\/#\\\/schema\\\/logo\\\/image\\\/\",\"url\":\"https:\\\/\\\/quizviajero.com\\\/blog\\\/wp-content\\\/uploads\\\/2016\\\/11\\\/cropped-qv_logo-1.png\",\"contentUrl\":\"https:\\\/\\\/quizviajero.com\\\/blog\\\/wp-content\\\/uploads\\\/2016\\\/11\\\/cropped-qv_logo-1.png\",\"width\":301,\"height\":100,\"caption\":\"QuizViajero\"},\"image\":{\"@id\":\"https:\\\/\\\/quizviajero.com\\\/blog\\\/#\\\/schema\\\/logo\\\/image\\\/\"},\"sameAs\":[\"https:\\\/\\\/www.facebook.com\\\/quizviajero\\\/\",\"https:\\\/\\\/x.com\\\/quiz_viajero\",\"http:\\\/\\\/instagram.com\\\/quizviajeroig\"]},{\"@type\":\"Person\",\"@id\":\"https:\\\/\\\/quizviajero.com\\\/blog\\\/#\\\/schema\\\/person\\\/ca13a4c48552c967abaf1d7bafb306bf\",\"name\":\"quizviajero\",\"image\":{\"@type\":\"ImageObject\",\"inLanguage\":\"es\",\"@id\":\"https:\\\/\\\/secure.gravatar.com\\\/avatar\\\/e65b9aecb06b10ce30df7dd83ee88ca04c8cd398e366a5dd02613d67684bfc4b?s=96&d=mm&r=g\",\"url\":\"https:\\\/\\\/secure.gravatar.com\\\/avatar\\\/e65b9aecb06b10ce30df7dd83ee88ca04c8cd398e366a5dd02613d67684bfc4b?s=96&d=mm&r=g\",\"contentUrl\":\"https:\\\/\\\/secure.gravatar.com\\\/avatar\\\/e65b9aecb06b10ce30df7dd83ee88ca04c8cd398e366a5dd02613d67684bfc4b?s=96&d=mm&r=g\",\"caption\":\"quizviajero\"},\"url\":\"https:\\\/\\\/quizviajero.com\\\/blog\\\/author\\\/quizviajero\\\/\"}]}<\/script>\n<!-- \/ Yoast SEO plugin. -->","yoast_head_json":{"title":"Armando el Cat\u00e1logo -por Europa | Quiz Viajero","robots":{"index":"index","follow":"follow","max-snippet":"max-snippet:-1","max-image-preview":"max-image-preview:large","max-video-preview":"max-video-preview:-1"},"canonical":"https:\/\/quizviajero.com\/blog\/armando-el-catalogo\/","og_locale":"es_ES","og_type":"article","og_title":"Armando el Cat\u00e1logo -por Europa | Quiz Viajero","og_description":"\u00bfQui\u00e9n no so\u00f1\u00f3 alguna vez con trabajar \u201cde viajero\u201d?\u00a0 Soy una de esas so\u00f1adoras, pero mi d\u00eda a d\u00eda es la t\u00edpica rutina de oficina y solo tengo, por ahora,\u00a0 unos 28 d\u00edas al a\u00f1o para poder hacer realidad ese sue\u00f1o. Y a mis neuronas adem\u00e1s de dejarlas so\u00f1ar, las mantengo activas y siempre estoy tratando de hacer algo que me gratifique. Sin obligaci\u00f3n, solo por placer.\u00a0 Hab\u00eda terminado ya dos a\u00f1os de curso de Historia General del Arte en el Museo de Bellas Artes de Buenos Aires (100% recomendable) y estaba estudiando italiano, un idioma que quer\u00eda aprender desde la infancia, \u00a0cuando mi abuelo me cantaba canciones en su dialecto friulano. Y como una cosa lleva a la otra, estaban aliment\u00e1ndose con todo esto, unas ganas terribles de viajar y de conocer Italia. Pero el contexto ya no era el de la soltera que dispon\u00eda de su vida as\u00ed como as\u00ed, \u00a0y tengo \u00a0cuatro hermosos hijos y un marido que me aguanta y el presupuesto de un viaje a Europa por 6 es, convengamos, m\u00e1s que importante. Y fueron expresiones de deseos y planes en el aire a futuro lejano, \u00a0las que surg\u00edan en charlas de cenas, almuerzos, mateadas y caf\u00e9s, con amigos, con marido.\u00a0 Y sucedi\u00f3\u2026 Un regalo de cumplea\u00f1os, una amiga con vacaciones disponibles y contagiosas ganas de aventura. Y eso que empez\u00f3 como ideas locas, fue tomando forma y la frase: &#8211; \u201cSaquen el pasaje y vayan, yo me quedo con los chicos\u201d son\u00f3 como esas trompetas de entrada triunfal en las pel\u00edculas. Una oferta a\u00e9rea decidi\u00f3 que el viaje empezar\u00eda y terminar\u00eda en Amsterdam. Y tambi\u00e9n cuanto durar\u00eda. A partir de ah\u00ed, fue amalgamar expectativas de ambas de acuerdo a intereses y gustos personales y ver que pod\u00edamos incluir en esos d\u00edas y aprovechar al m\u00e1ximo Europa con un presupuesto tranquilo, (tendiendo a gasolero). Casi como la pel\u00edcula \u201cIf It&#8217;s Tuesday, This Must Be Belgium\u201d. \u00a0Lo nuestro termin\u00f3 siendo 13 ciudades, 8 pa\u00edses en 21 d\u00edas. \u00a0Para cualquier viajero con dos dedos de frente, parecer\u00eda una locura.\u00a0 Para nosotras, \u00a0era una oportunidad que no sab\u00edamos si iba a volver a repetirse. Los preparativos fueron tan divertidos como el viaje en s\u00ed mismo. Trasnochadas buscando ideas y armando el itinerario.\u00a0 Reuniones con mate de por medio, o chat de madrugada. Mesas llenas de mapas, gu\u00edas, papeles. Que vamos a hotel, que vamos a un hostel, que lo hacemos en tren, que lo hacemos en avi\u00f3n.\u00a0 Que ya que estamos por ah\u00ed tenemos que ir por all\u00e1\u2026 Finalmente lleg\u00f3 el d\u00eda despu\u00e9s de 3 meses.\u00a0 Una madre con algo de culpa (bastante) y dejando a cuatro hijos y marido, \u00a0estaba camino a Ezeiza con tres semanas por delante para aprovechar al m\u00e1ximo. Todo estaba previsto para contenerme: fotos, \u00a0extensi\u00f3n del servicio celular pago para estar conectada 7&#215;24,\u00a0 cartitas, dibujitos, etc., etc\u2026. Con algunos traspi\u00e9s gracias al empleado de turno de la aerol\u00ednea en cuesti\u00f3n, se iban por la cinta nuestros petates despachados con destino AMS. Mi amiga soport\u00e1ndome las 12 horas de vuelo a Madrid.\u00a0 A m\u00ed, a mi culpa, y a mi miedo a volar.\u00a0 Una hero\u00edna. Ella, mi amiga, \u00a0obvio. Voy a tratar de contarles algo breve de cada lugar, lo que que me impact\u00f3 del que fue el viaje m\u00e1s intenso y caminado que he tenido. No me quedan dudas que cada destino deber\u00eda tener su propia historia, y que esto no es m\u00e1s que un \u00ednfimo resumen. La escala en Madrid\u00a0 tuvo un peque\u00f1o susto al ir al embarque de la conexi\u00f3n, y ver que por \u00a0la confusi\u00f3n generada en Ezeiza, hab\u00edan anulado mi ticket y si bien lograba que me suban al avi\u00f3n, no sab\u00edamos si mi valija iba a encontrarse conmigo en Amsterdam. Poco a poco la excitaci\u00f3n de conocer nuevas cosas fue haciendo mermar esa sensaci\u00f3n fuerte de extra\u00f1ar la familia que ya estaba del otro lado del gran charco.\u00a0 Madrid me era conocido, porque ya hab\u00eda estado en 3 oportunidades, pero todo lo que me esperaba por los pr\u00f3ximos d\u00edas iba a ser nuevo para mi. Y ah\u00ed aterrizamos en Amsterdam.\u00a0 Y tambi\u00e9n nuestro equipaje para mi tranquilidad.\u00a0 Una con mochila y la otra con valija: dos estilos para un mismo viaje. Llamada de rigor a Bs. As. para dar el presente y que est\u00e1bamos bien y\u00a0 preguntar si llor\u00f3 la m\u00e1s chica, si todos fueron al cole, si me extra\u00f1aban porque yo s\u00ed, etc., etc.\u2026 Esa primera parada era de unas cuantas horas. Y las aprovechamos a full. Dejamos las valijas en lockers en la Estaci\u00f3n Central y salimos a caminar para tener un primer encuentro con la ciudad de los canales. Ya volver\u00edamos con m\u00e1s tiempo al final de recorrido.\u00a0 A las 19 sal\u00eda el tren que nos llevar\u00eda en viaje nocturno a Praga. Un muchacho coreano, que solo hablaba ingl\u00e9s fue nuestro \u00fanico acompa\u00f1ante en el camarote hasta Berl\u00edn.\u00a0 All\u00ed llegamos de noche cerrada y de ese stop y de Berl\u00edn, solo me qued\u00f3 la imagen de un brillante cartel de Mercedes Benz en lo alto del cielo nocturno a trav\u00e9s de la ventanilla y un guarda que solo hablaba alem\u00e1n y mi amiga haciendo de interprete para m\u00ed y para el coreano. El amanecer nos despert\u00f3 cuando el tren estaba bordeando el rio Moldava, y en poco tiempo llegamos a Praga. Que les puedo contar\u2026 Praga es se\u00f1orial, es realmente m\u00e1gica.\u00a0 Con su incre\u00edble reloj, el puente, la visita al palacio, la Catedral de San Vito, las sinagogas, el cementerio jud\u00edo (que le dio el t\u00edtulo al libro de Umberto Eco), la calle de Oro, \u00a0las iglesias, los tejados y las vistas nocturnas. El siguiente destino, en un tren hacia Austria, era Linz.\u00a0 Una suave nevada nos despidi\u00f3 en la frontera de Rep. Checa. Hab\u00edamos incluido como destino de paso, visitar el ex campo de concentraci\u00f3n de Mauthausen. Nuevamente las valijas al locker y un bus desde Linz nos dej\u00f3 a un par de kil\u00f3metros que ten\u00edamos que hacer caminando. La llovizna, el viento","og_url":"https:\/\/quizviajero.com\/blog\/armando-el-catalogo\/","og_site_name":"QuizViajero","article_publisher":"https:\/\/www.facebook.com\/quizviajero\/","article_published_time":"2016-11-27T19:09:30+00:00","article_modified_time":"2016-12-08T23:50:17+00:00","og_image":[{"width":1280,"height":640,"url":"https:\/\/quizviajero.com\/blog\/wp-content\/uploads\/2016\/11\/bloggeroqv-mariana.jpg","type":"image\/jpeg"}],"author":"quizviajero","twitter_card":"summary_large_image","twitter_creator":"@quiz_viajero","twitter_site":"@quiz_viajero","twitter_misc":{"Escrito por":"quizviajero","Tiempo de lectura":"13 minutos"},"schema":{"@context":"https:\/\/schema.org","@graph":[{"@type":"Article","@id":"https:\/\/quizviajero.com\/blog\/armando-el-catalogo\/#article","isPartOf":{"@id":"https:\/\/quizviajero.com\/blog\/armando-el-catalogo\/"},"author":{"name":"quizviajero","@id":"https:\/\/quizviajero.com\/blog\/#\/schema\/person\/ca13a4c48552c967abaf1d7bafb306bf"},"headline":"Armando el Cat\u00e1logo","datePublished":"2016-11-27T19:09:30+00:00","dateModified":"2016-12-08T23:50:17+00:00","mainEntityOfPage":{"@id":"https:\/\/quizviajero.com\/blog\/armando-el-catalogo\/"},"wordCount":2595,"commentCount":5,"publisher":{"@id":"https:\/\/quizviajero.com\/blog\/#organization"},"image":{"@id":"https:\/\/quizviajero.com\/blog\/armando-el-catalogo\/#primaryimage"},"thumbnailUrl":"https:\/\/quizviajero.com\/blog\/wp-content\/uploads\/2016\/11\/bloggeroqv-mariana.jpg","articleSection":["#BloggeroQV"],"inLanguage":"es","potentialAction":[{"@type":"CommentAction","name":"Comment","target":["https:\/\/quizviajero.com\/blog\/armando-el-catalogo\/#respond"]}]},{"@type":"WebPage","@id":"https:\/\/quizviajero.com\/blog\/armando-el-catalogo\/","url":"https:\/\/quizviajero.com\/blog\/armando-el-catalogo\/","name":"Armando el Cat\u00e1logo -por Europa | Quiz Viajero","isPartOf":{"@id":"https:\/\/quizviajero.com\/blog\/#website"},"primaryImageOfPage":{"@id":"https:\/\/quizviajero.com\/blog\/armando-el-catalogo\/#primaryimage"},"image":{"@id":"https:\/\/quizviajero.com\/blog\/armando-el-catalogo\/#primaryimage"},"thumbnailUrl":"https:\/\/quizviajero.com\/blog\/wp-content\/uploads\/2016\/11\/bloggeroqv-mariana.jpg","datePublished":"2016-11-27T19:09:30+00:00","dateModified":"2016-12-08T23:50:17+00:00","breadcrumb":{"@id":"https:\/\/quizviajero.com\/blog\/armando-el-catalogo\/#breadcrumb"},"inLanguage":"es","potentialAction":[{"@type":"ReadAction","target":["https:\/\/quizviajero.com\/blog\/armando-el-catalogo\/"]}]},{"@type":"ImageObject","inLanguage":"es","@id":"https:\/\/quizviajero.com\/blog\/armando-el-catalogo\/#primaryimage","url":"https:\/\/quizviajero.com\/blog\/wp-content\/uploads\/2016\/11\/bloggeroqv-mariana.jpg","contentUrl":"https:\/\/quizviajero.com\/blog\/wp-content\/uploads\/2016\/11\/bloggeroqv-mariana.jpg","width":1280,"height":640},{"@type":"BreadcrumbList","@id":"https:\/\/quizviajero.com\/blog\/armando-el-catalogo\/#breadcrumb","itemListElement":[{"@type":"ListItem","position":1,"name":"Home","item":"https:\/\/quizviajero.com\/blog\/"},{"@type":"ListItem","position":2,"name":"#BloggeroQV","item":"https:\/\/quizviajero.com\/blog\/bloggeroqv\/"},{"@type":"ListItem","position":3,"name":"Armando el Cat\u00e1logo"}]},{"@type":"WebSite","@id":"https:\/\/quizviajero.com\/blog\/#website","url":"https:\/\/quizviajero.com\/blog\/","name":"QuizViajero","description":"El primer juego sobre viajes con premios! \u2708","publisher":{"@id":"https:\/\/quizviajero.com\/blog\/#organization"},"potentialAction":[{"@type":"SearchAction","target":{"@type":"EntryPoint","urlTemplate":"https:\/\/quizviajero.com\/blog\/?s={search_term_string}"},"query-input":{"@type":"PropertyValueSpecification","valueRequired":true,"valueName":"search_term_string"}}],"inLanguage":"es"},{"@type":"Organization","@id":"https:\/\/quizviajero.com\/blog\/#organization","name":"QuizViajero","url":"https:\/\/quizviajero.com\/blog\/","logo":{"@type":"ImageObject","inLanguage":"es","@id":"https:\/\/quizviajero.com\/blog\/#\/schema\/logo\/image\/","url":"https:\/\/quizviajero.com\/blog\/wp-content\/uploads\/2016\/11\/cropped-qv_logo-1.png","contentUrl":"https:\/\/quizviajero.com\/blog\/wp-content\/uploads\/2016\/11\/cropped-qv_logo-1.png","width":301,"height":100,"caption":"QuizViajero"},"image":{"@id":"https:\/\/quizviajero.com\/blog\/#\/schema\/logo\/image\/"},"sameAs":["https:\/\/www.facebook.com\/quizviajero\/","https:\/\/x.com\/quiz_viajero","http:\/\/instagram.com\/quizviajeroig"]},{"@type":"Person","@id":"https:\/\/quizviajero.com\/blog\/#\/schema\/person\/ca13a4c48552c967abaf1d7bafb306bf","name":"quizviajero","image":{"@type":"ImageObject","inLanguage":"es","@id":"https:\/\/secure.gravatar.com\/avatar\/e65b9aecb06b10ce30df7dd83ee88ca04c8cd398e366a5dd02613d67684bfc4b?s=96&d=mm&r=g","url":"https:\/\/secure.gravatar.com\/avatar\/e65b9aecb06b10ce30df7dd83ee88ca04c8cd398e366a5dd02613d67684bfc4b?s=96&d=mm&r=g","contentUrl":"https:\/\/secure.gravatar.com\/avatar\/e65b9aecb06b10ce30df7dd83ee88ca04c8cd398e366a5dd02613d67684bfc4b?s=96&d=mm&r=g","caption":"quizviajero"},"url":"https:\/\/quizviajero.com\/blog\/author\/quizviajero\/"}]}},"_links":{"self":[{"href":"https:\/\/quizviajero.com\/blog\/wp-json\/wp\/v2\/posts\/517","targetHints":{"allow":["GET"]}}],"collection":[{"href":"https:\/\/quizviajero.com\/blog\/wp-json\/wp\/v2\/posts"}],"about":[{"href":"https:\/\/quizviajero.com\/blog\/wp-json\/wp\/v2\/types\/post"}],"author":[{"embeddable":true,"href":"https:\/\/quizviajero.com\/blog\/wp-json\/wp\/v2\/users\/1"}],"replies":[{"embeddable":true,"href":"https:\/\/quizviajero.com\/blog\/wp-json\/wp\/v2\/comments?post=517"}],"version-history":[{"count":0,"href":"https:\/\/quizviajero.com\/blog\/wp-json\/wp\/v2\/posts\/517\/revisions"}],"wp:featuredmedia":[{"embeddable":true,"href":"https:\/\/quizviajero.com\/blog\/wp-json\/wp\/v2\/media\/545"}],"wp:attachment":[{"href":"https:\/\/quizviajero.com\/blog\/wp-json\/wp\/v2\/media?parent=517"}],"wp:term":[{"taxonomy":"category","embeddable":true,"href":"https:\/\/quizviajero.com\/blog\/wp-json\/wp\/v2\/categories?post=517"},{"taxonomy":"post_tag","embeddable":true,"href":"https:\/\/quizviajero.com\/blog\/wp-json\/wp\/v2\/tags?post=517"}],"curies":[{"name":"wp","href":"https:\/\/api.w.org\/{rel}","templated":true}]}}