{"id":5966,"date":"2023-02-22T10:13:15","date_gmt":"2023-02-22T13:13:15","guid":{"rendered":"https:\/\/quizviajero.com\/blog\/?p=5966"},"modified":"2025-02-24T13:24:57","modified_gmt":"2025-02-24T16:24:57","slug":"viaje-grupal-a-catamarca-abierta-la-inscripcion","status":"publish","type":"post","link":"https:\/\/quizviajero.com\/blog\/viaje-grupal-a-catamarca-abierta-la-inscripcion\/","title":{"rendered":"Viaje grupal a Catamarca 2023 (AGOTADO)"},"content":{"rendered":"\r\n<p>Junto a Daniel Puddu de Nilo Viajes abrimos la inscripci\u00f3n a nuestro 6to viaje grupal. Esta vez ser\u00e1 a una de las provincias m\u00e1s lindas de Argentina pero a su vez menos explorada por el turismo: CATAMARCA<\/p>\r\n\r\n\r\n\r\n<p>Para la organizaci\u00f3n de este viaje nos volvimos a asociar a\u00a0<a href=\"https:\/\/www.runacay.tur.ar\/\">Runacay<\/a>\u00a0(la misma empresa con quien hicimos el viaje a La Rioja) quienes no solo conocen mejor que nadie cada rinc\u00f3n del recorrido sino que preparan experiencias y sorpresas inolvidables.\u00a0\u00a0<\/p>\r\n\r\n\r\n\r\n<p>Fechas: del 9 al 15 de mayo (6 noches y 7 d\u00edas).<\/p>\r\n\r\n\r\n\r\n<p><strong>ITINERARIO<\/strong><\/p>\r\n\r\n\r\n\r\n<p><strong>09 MAY<\/strong><br \/>Salida de Aeroparque 9:05am y llegada a Catamarca 11am. Nos subimos al bus con destino a Bel\u00e9n cruzando por la sierra centrales de Catamarca a trav\u00e9s de la cuesta de la C\u00e9bila.\u00a0Previo al arribo al alojamiento visitaremos la que fuera otrora la ciudad \u00a0pol\u00edtico religiosa m\u00e1s austral de impero inca, EL SHINCAL DE QUIMIVIL.\u00a0En el sitio arqueol\u00f3gico visitaremos el centro de interpretaci\u00f3n, recorreremos parte de la ciudadela, y ascenderemos a uno de los sitios ceremoniales principales.<\/p>\r\n\r\n\r\n\r\n<p>Luego continuamos viaje hasta el hotel y disfrutaremos de una cena de bienvenida con platos t\u00edpicos de la regi\u00f3n.<\/p>\r\n\r\n\r\n\r\n<p><strong>10 MAY<\/strong><br \/>Nuestro segundo d\u00eda propone salir desde Bel\u00e9n ascendiendo hacia la Puna Catamarque\u00f1a para arribar a la comarca de El Pe\u00f1\u00f3n. Desde all\u00ed emprenderemos una traves\u00eda en 4&#215;4 para llegar a una de las maravillas m\u00e1s sorprendentes del pa\u00eds, una enorme colada volc\u00e1nica de piedra toba, remanente eruptivo conocido como \u00abEl Campo de Piedra P\u00f3mez\u00bb.<\/p>\r\n\r\n\r\n\r\n<p><strong>11 MAY<\/strong><br \/>En la tercera jornada de Expedici\u00f3n Catamarca podremos conocer uno de los sitios m\u00e1s inh\u00f3spitos y agrestes, el salar de Antofalla El m\u00e1s grande conocido en el mundo.<br \/>Tambi\u00e9n intentaremos llegar una poblaci\u00f3n originaria situada en plena Puna Catamarque\u00f1a, la comunidad Kolla Atacame\u00f1o de Antofalla.<\/p>\r\n\r\n\r\n\r\n<p><strong>12 MAY<\/strong><br \/>En nuestro cuarto d\u00eda visitaremos el VOLCAN GALAN e ingresaremos a su caldera. Su boca mide 45 km de norte a sur y 24 km de este a oeste. Por sus dimensiones es el mayor del mundo. La erupci\u00f3n est\u00e1 calculada en 2.2 millones de a\u00f1os de antiguedad y se estima expulso 65Km\u00b3 de magma.<br \/>En su enorme dimensi\u00f3n alberga las Laguna Diamante y Grande, templo natural de aves migratorias como el Flamenco y las Parinas Andinas.<\/p>\r\n\r\n\r\n\r\n<p><strong>13 MAY<\/strong><br \/>Partimos hacia Fiambal\u00e1 y haremos parte de la Ruta del Adobe parando a almorzar en La Casa Hist\u00f3rica, un lugar hermoso y colonial que form\u00f3 parte de una familia aristocr\u00e1tica de la zona. Luego continuamos hasta las termas de Fiambial\u00e1 para relajar y a la noche puede haber una sorpresita.\u00a0<\/p>\r\n\r\n\r\n\r\n<p><strong>14 MAY<\/strong><\/p>\r\n\r\n\r\n\r\n<p>Desde Fiambal\u00e1 iremos a recorrer la famosa Ruta de los 6 miles para ir terminando el viaje con uno de los espect\u00e1culos visuales m\u00e1s magn\u00edficos de la naturaleza. A la tardecita volveremos a Fiambal\u00e1 para pasar la noche.<\/p>\r\n\r\n\r\n\r\n<p><strong>15 MAY<\/strong><br \/>Regresaremos desde La Rioja y en el camino pararemos en el Castillo de Dionisio.\u00a0<\/p>\r\n\r\n\r\n\r\n<p>El vuelo sale a las 18:45 y llega a Aeroparque a las 20:20hs.<\/p>\r\n\r\n\r\n\r\n<p><strong>HOTELES:<\/strong><\/p>\r\n\r\n\r\n\r\n<p>Bel\u00e9n: 2 noches en el WIS-Z BEL\u00c9N\u00a0<a href=\"https:\/\/www.tripadvisor.com\/Hotel_Review-g1202625-d17706509-Reviews-Wisz_V-Belen_Province_of_Catamarca_Northern_Argentina.html\">https:\/\/www.tripadvisor.com\/Hotel_Review-g1202625-d17706509-Reviews-Wisz_V-Belen_Province_of_Catamarca_Northern_Argentina.html<\/a><\/p>\r\n\r\n\r\n\r\n<p>Antofagasta: 2 noches en el COMPLEJO PUCAR\u00c1\u00a0<a href=\"https:\/\/www.tripadvisor.co\/Hotel_Review-g2338585-d2507664-Reviews-Complejo_Pucara-Antofagasta_de_la_Sierra_Province_of_Catamarca_Northern_Argentina.html\">https:\/\/www.tripadvisor.co\/Hotel_Review-g2338585-d2507664-Reviews-Complejo_Pucara-Antofagasta_de_la_Sierra_Province_of_Catamarca_Northern_Argentina.html<\/a><\/p>\r\n\r\n\r\n\r\n<p>y PUEBLO DEL SOL\u00a0\u00a0<a href=\"https:\/\/www.tripadvisor.com.ar\/Hotel_Review-g2338585-d12192442-Reviews-Hosteria_Pueblo_de_Sol-Antofagasta_de_la_Sierra_Province_of_Catamarca_Northern_Argen.html\">https:\/\/www.tripadvisor.com.ar\/Hotel_Review-g2338585-d12192442-Reviews-Hosteria_Pueblo_de_Sol-Antofagasta_de_la_Sierra_Province_of_Catamarca_Northern_Argen.html<\/a><\/p>\r\n\r\n\r\n\r\n<p>Fiambal\u00e1: 2 noches en ABAUCAN FIAMBAL\u00c1 HOTEL y SPA:\u00a0<a href=\"https:\/\/www.abaucan.com\/\">https:\/\/www.abaucan.com\/<\/a><\/p>\r\n\r\n\r\n\r\n<p><strong>INCLUYE:<\/strong><\/p>\r\n\r\n\r\n\r\n<p>-Vuelos Buenos Aires &#8211; Catamarca; La Rioja &#8211; Buenos Aires por Aerol\u00edneas Argentinas.<\/p>\r\n\r\n\r\n\r\n<p>-6 noches de hotel con desayuno incluido.<\/p>\r\n\r\n\r\n\r\n<p>-Cena bienvenida y 1 almuerzo en Casa Hist\u00f3rica.<\/p>\r\n\r\n\r\n\r\n<p>-Colaciones durante todo el viaje.<br \/>-Todos los transportes desde el aeropuerto de Catamarca hasta el aeropuerto de La Rioja al regreso.<br \/>-Todas las excursiones.<\/p>\r\n\r\n\r\n\r\n<p>-Sorpresas (no las podemos decir porque dejar\u00edan de serlo)<br \/>-Merchandising del viaje<\/p>\r\n\r\n\r\n\r\n<p><strong>NO INCLUYE:<\/strong><\/p>\r\n\r\n\r\n\r\n<p>-Traslados a y desde Aeroparque<\/p>\r\n\r\n\r\n\r\n<p>-Entrada a la reserva\u00a0<\/p>\r\n\r\n\r\n\r\n<p>-Todo lo que no est\u00e9 indicado en la secci\u00f3n anterior<\/p>\r\n\r\n\r\n\r\n<p><strong>COSTOS:<\/strong><\/p>\r\n\r\n\r\n\r\n<p>Por persona y final<\/p>\r\n\r\n\r\n\r\n<p>Yendo a habitaciones dobles a compartir (no hay opci\u00f3n de otro tipo de habitaci\u00f3n en este viaje).<\/p>\r\n\r\n\r\n\r\n<p>-$460.000<\/p>\r\n\r\n\r\n\r\n<p><strong>HAY SOLAMENTE 20 LUGARES DISPONIBLES<\/strong><\/p>\r\n\r\n\r\n\r\n<p><strong>FORMA DE PAGO:<\/strong><\/p>\r\n\r\n\r\n\r\n<p>-30% para reservar el lugar. El 70% restante antes de comenzar el viaje.<br \/>-Transferencia, dep\u00f3sito o Tarjeta en 1 pago.<\/p>\r\n\r\n\r\n\r\n<p>En caso de transferencia hacerla al Alias: nilo-viajes<br \/>Santander a nombre de Daniel Puddu y mandar comprobantes de pago a <a href=\"mailto:contable@nilo-viajes.com.ar\">contable@nilo-viajes.com.ar<\/a><\/p>\r\n\r\n\r\n\r\n<p><strong>PREVIAJE:<\/strong><\/p>\r\n\r\n\r\n\r\n<p>En caso de que salga y se pueda facturar en los plazos que se establezca podremos incluirlo, pero no hay garant\u00edas de que eso suceda.<\/p>\r\n\r\n\r\n\r\n<p>INSCRIPCI\u00d3N:<\/p>\r\n\r\n\r\n\r\n<p>Si quer\u00e9s formar parte del viaje, complet\u00e1 los datos en <a href=\"https:\/\/forms.gle\/62JgfXEpV5EHcgLi8\">este google form.<\/a><\/p>\r\n\r\n\r\n\r\n<figure class=\"wp-block-gallery has-nested-images columns-default is-cropped wp-block-gallery-1 is-layout-flex wp-block-gallery-is-layout-flex\">\r\n<figure class=\"wp-block-image size-large\"><img fetchpriority=\"high\" decoding=\"async\" width=\"680\" height=\"453\" data-id=\"5967\" class=\"wp-image-5967\" src=\"https:\/\/quizviajero.com\/blog\/wp-content\/uploads\/2023\/02\/cata1.jpeg\" alt=\"\" srcset=\"https:\/\/quizviajero.com\/blog\/wp-content\/uploads\/2023\/02\/cata1.jpeg 680w, https:\/\/quizviajero.com\/blog\/wp-content\/uploads\/2023\/02\/cata1-400x266.jpeg 400w\" sizes=\"(max-width: 680px) 100vw, 680px\" \/><\/figure>\r\n<\/figure>\r\n\r\n\r\n\r\n<p>&nbsp;<\/p>\r\n\r\n\r\n\r\n<figure class=\"wp-block-image size-full\"><img decoding=\"async\" width=\"640\" height=\"480\" class=\"wp-image-5968\" src=\"https:\/\/quizviajero.com\/blog\/wp-content\/uploads\/2023\/02\/cata2.jpeg\" alt=\"\" srcset=\"https:\/\/quizviajero.com\/blog\/wp-content\/uploads\/2023\/02\/cata2.jpeg 640w, https:\/\/quizviajero.com\/blog\/wp-content\/uploads\/2023\/02\/cata2-400x300.jpeg 400w\" sizes=\"(max-width: 640px) 100vw, 640px\" \/><\/figure>\r\n\r\n\r\n\r\n<figure class=\"wp-block-gallery has-nested-images columns-default is-cropped wp-block-gallery-2 is-layout-flex wp-block-gallery-is-layout-flex\">\r\n<figure class=\"wp-block-image size-large\"><img decoding=\"async\" width=\"680\" height=\"680\" data-id=\"5969\" class=\"wp-image-5969\" src=\"https:\/\/quizviajero.com\/blog\/wp-content\/uploads\/2023\/02\/cata3.jpeg\" alt=\"\" srcset=\"https:\/\/quizviajero.com\/blog\/wp-content\/uploads\/2023\/02\/cata3.jpeg 680w, https:\/\/quizviajero.com\/blog\/wp-content\/uploads\/2023\/02\/cata3-400x400.jpeg 400w, https:\/\/quizviajero.com\/blog\/wp-content\/uploads\/2023\/02\/cata3-150x150.jpeg 150w\" sizes=\"(max-width: 680px) 100vw, 680px\" \/><\/figure>\r\n<\/figure>\r\n\r\n\r\n\r\n<figure class=\"wp-block-gallery has-nested-images columns-default is-cropped wp-block-gallery-3 is-layout-flex wp-block-gallery-is-layout-flex\">\r\n<figure class=\"wp-block-image size-large\"><img loading=\"lazy\" decoding=\"async\" width=\"800\" height=\"460\" data-id=\"5970\" class=\"wp-image-5970\" src=\"https:\/\/quizviajero.com\/blog\/wp-content\/uploads\/2023\/02\/cata4.jpeg\" alt=\"\" srcset=\"https:\/\/quizviajero.com\/blog\/wp-content\/uploads\/2023\/02\/cata4.jpeg 800w, https:\/\/quizviajero.com\/blog\/wp-content\/uploads\/2023\/02\/cata4-400x230.jpeg 400w, https:\/\/quizviajero.com\/blog\/wp-content\/uploads\/2023\/02\/cata4-768x442.jpeg 768w\" sizes=\"(max-width: 800px) 100vw, 800px\" \/><\/figure>\r\n<\/figure>\r\n","protected":false},"excerpt":{"rendered":"<p>Junto a Daniel Puddu de Nilo Viajes abrimos la inscripci\u00f3n a nuestro 6to viaje grupal. Esta vez ser\u00e1 a una de las provincias m\u00e1s lindas de Argentina pero a su vez menos explorada por el turismo: CATAMARCA Para la organizaci\u00f3n de este viaje nos volvimos a asociar a\u00a0Runacay\u00a0(la misma empresa con quien hicimos el viaje a La Rioja) quienes no solo conocen mejor que nadie cada rinc\u00f3n del recorrido sino que preparan experiencias y sorpresas inolvidables.\u00a0\u00a0 Fechas: del 9 al 15 de mayo (6 noches y 7 d\u00edas). ITINERARIO 09 MAYSalida de Aeroparque 9:05am y llegada a Catamarca 11am. Nos subimos al bus con destino a Bel\u00e9n cruzando por la sierra centrales de Catamarca a trav\u00e9s de la cuesta de la C\u00e9bila.\u00a0Previo al arribo al alojamiento visitaremos la que fuera otrora la ciudad \u00a0pol\u00edtico religiosa m\u00e1s austral de impero inca, EL SHINCAL DE QUIMIVIL.\u00a0En el sitio arqueol\u00f3gico visitaremos el centro de interpretaci\u00f3n, recorreremos parte de la ciudadela, y ascenderemos a uno de los sitios ceremoniales principales. Luego continuamos viaje hasta el hotel y disfrutaremos de una cena de bienvenida con platos t\u00edpicos de la regi\u00f3n. 10 MAYNuestro segundo d\u00eda propone salir desde Bel\u00e9n ascendiendo hacia la Puna Catamarque\u00f1a para arribar a la comarca de El Pe\u00f1\u00f3n. Desde all\u00ed emprenderemos una traves\u00eda en 4&#215;4 para llegar a una de las maravillas m\u00e1s sorprendentes del pa\u00eds, una enorme colada volc\u00e1nica de piedra toba, remanente eruptivo conocido como \u00abEl Campo de Piedra P\u00f3mez\u00bb. 11 MAYEn la tercera jornada de Expedici\u00f3n Catamarca podremos conocer uno de los sitios m\u00e1s inh\u00f3spitos y agrestes, el salar de Antofalla El m\u00e1s grande conocido en el mundo.Tambi\u00e9n intentaremos llegar una poblaci\u00f3n originaria situada en plena Puna Catamarque\u00f1a, la comunidad Kolla Atacame\u00f1o de Antofalla. 12 MAYEn nuestro cuarto d\u00eda visitaremos el VOLCAN GALAN e ingresaremos a su caldera. Su boca mide 45 km de norte a sur y 24 km de este a oeste. Por sus dimensiones es el mayor del mundo. La erupci\u00f3n est\u00e1 calculada en 2.2 millones de a\u00f1os de antiguedad y se estima expulso 65Km\u00b3 de magma.En su enorme dimensi\u00f3n alberga las Laguna Diamante y Grande, templo natural de aves migratorias como el Flamenco y las Parinas Andinas. 13 MAYPartimos hacia Fiambal\u00e1 y haremos parte de la Ruta del Adobe parando a almorzar en La Casa Hist\u00f3rica, un lugar hermoso y colonial que form\u00f3 parte de una familia aristocr\u00e1tica de la zona. Luego continuamos hasta las termas de Fiambial\u00e1 para relajar y a la noche puede haber una sorpresita.\u00a0 14 MAY Desde Fiambal\u00e1 iremos a recorrer la famosa Ruta de los 6 miles para ir terminando el viaje con uno de los espect\u00e1culos visuales m\u00e1s magn\u00edficos de la naturaleza. A la tardecita volveremos a Fiambal\u00e1 para pasar la noche. 15 MAYRegresaremos desde La Rioja y en el camino pararemos en el Castillo de Dionisio.\u00a0 El vuelo sale a las 18:45 y llega a Aeroparque a las 20:20hs. HOTELES: Bel\u00e9n: 2 noches en el WIS-Z BEL\u00c9N\u00a0https:\/\/www.tripadvisor.com\/Hotel_Review-g1202625-d17706509-Reviews-Wisz_V-Belen_Province_of_Catamarca_Northern_Argentina.html Antofagasta: 2 noches en el COMPLEJO PUCAR\u00c1\u00a0https:\/\/www.tripadvisor.co\/Hotel_Review-g2338585-d2507664-Reviews-Complejo_Pucara-Antofagasta_de_la_Sierra_Province_of_Catamarca_Northern_Argentina.html y PUEBLO DEL SOL\u00a0\u00a0https:\/\/www.tripadvisor.com.ar\/Hotel_Review-g2338585-d12192442-Reviews-Hosteria_Pueblo_de_Sol-Antofagasta_de_la_Sierra_Province_of_Catamarca_Northern_Argen.html Fiambal\u00e1: 2 noches en ABAUCAN FIAMBAL\u00c1 HOTEL y SPA:\u00a0https:\/\/www.abaucan.com\/ INCLUYE: -Vuelos Buenos Aires &#8211; Catamarca; La Rioja &#8211; Buenos Aires por Aerol\u00edneas Argentinas. -6 noches de hotel con desayuno incluido. -Cena bienvenida y 1 almuerzo en Casa Hist\u00f3rica. -Colaciones durante todo el viaje.-Todos los transportes desde el aeropuerto de Catamarca hasta el aeropuerto de La Rioja al regreso.-Todas las excursiones. -Sorpresas (no las podemos decir porque dejar\u00edan de serlo)-Merchandising del viaje NO INCLUYE: -Traslados a y desde Aeroparque -Entrada a la reserva\u00a0 -Todo lo que no est\u00e9 indicado en la secci\u00f3n anterior COSTOS: Por persona y final Yendo a habitaciones dobles a compartir (no hay opci\u00f3n de otro tipo de habitaci\u00f3n en este viaje). -$460.000 HAY SOLAMENTE 20 LUGARES DISPONIBLES FORMA DE PAGO: -30% para reservar el lugar. El 70% restante antes de comenzar el viaje.-Transferencia, dep\u00f3sito o Tarjeta en 1 pago. En caso de transferencia hacerla al Alias: nilo-viajesSantander a nombre de Daniel Puddu y mandar comprobantes de pago a contable@nilo-viajes.com.ar PREVIAJE: En caso de que salga y se pueda facturar en los plazos que se establezca podremos incluirlo, pero no hay garant\u00edas de que eso suceda. INSCRIPCI\u00d3N: Si quer\u00e9s formar parte del viaje, complet\u00e1 los datos en este google form. &nbsp;<\/p>\n","protected":false},"author":77,"featured_media":5971,"comment_status":"open","ping_status":"open","sticky":false,"template":"","format":"standard","meta":{"_mo_disable_npp":"","_joinchat":[],"footnotes":""},"categories":[213,1,329],"tags":[155,344,330,343],"class_list":["post-5966","post","type-post","status-publish","format-standard","has-post-thumbnail","hentry","category-argentina","category-uncategorized","category-viajes-grupales","tag-argentina","tag-catamarca","tag-viaje-grupal","tag-viajes-grupales"],"yoast_head":"<!-- This site is optimized with the Yoast SEO plugin v27.5 - https:\/\/yoast.com\/product\/yoast-seo-wordpress\/ -->\n<title>Viaje grupal a Catamarca 2023 (AGOTADO) | QuizViajero<\/title>\n<meta name=\"description\" content=\"Del 9 al 15 de mayo de 2023 realizaremos nuestro 6to viaje grupal esta vez a la hermosa Catamarca recorriendo durante 7 d\u00edas sus mejores lugares.\" \/>\n<meta name=\"robots\" content=\"index, follow, max-snippet:-1, max-image-preview:large, max-video-preview:-1\" \/>\n<link rel=\"canonical\" href=\"https:\/\/quizviajero.com\/blog\/viaje-grupal-a-catamarca-abierta-la-inscripcion\/\" \/>\n<meta property=\"og:locale\" content=\"es_ES\" \/>\n<meta property=\"og:type\" content=\"article\" \/>\n<meta property=\"og:title\" content=\"Viaje grupal a Catamarca 2023 (AGOTADO) | QuizViajero\" \/>\n<meta property=\"og:description\" content=\"Del 9 al 15 de mayo de 2023 realizaremos nuestro 6to viaje grupal esta vez a la hermosa Catamarca recorriendo durante 7 d\u00edas sus mejores lugares.\" \/>\n<meta property=\"og:url\" content=\"https:\/\/quizviajero.com\/blog\/viaje-grupal-a-catamarca-abierta-la-inscripcion\/\" \/>\n<meta property=\"og:site_name\" content=\"QuizViajero\" \/>\n<meta property=\"article:publisher\" content=\"https:\/\/www.facebook.com\/quizviajero\/\" \/>\n<meta property=\"article:published_time\" content=\"2023-02-22T13:13:15+00:00\" \/>\n<meta property=\"article:modified_time\" content=\"2025-02-24T16:24:57+00:00\" \/>\n<meta property=\"og:image\" content=\"https:\/\/quizviajero.com\/blog\/wp-content\/uploads\/2023\/02\/cata1-1.jpeg\" \/>\n\t<meta property=\"og:image:width\" content=\"680\" \/>\n\t<meta property=\"og:image:height\" content=\"453\" \/>\n\t<meta property=\"og:image:type\" content=\"image\/jpeg\" \/>\n<meta name=\"author\" content=\"Sergio Mandelbaum\" \/>\n<meta name=\"twitter:card\" content=\"summary_large_image\" \/>\n<meta name=\"twitter:creator\" content=\"@quiz_viajero\" \/>\n<meta name=\"twitter:site\" content=\"@quiz_viajero\" \/>\n<meta name=\"twitter:label1\" content=\"Escrito por\" \/>\n\t<meta name=\"twitter:data1\" content=\"Sergio Mandelbaum\" \/>\n\t<meta name=\"twitter:label2\" content=\"Tiempo de lectura\" \/>\n\t<meta name=\"twitter:data2\" content=\"5 minutos\" \/>\n<script type=\"application\/ld+json\" class=\"yoast-schema-graph\">{\"@context\":\"https:\\\/\\\/schema.org\",\"@graph\":[{\"@type\":\"Article\",\"@id\":\"https:\\\/\\\/quizviajero.com\\\/blog\\\/viaje-grupal-a-catamarca-abierta-la-inscripcion\\\/#article\",\"isPartOf\":{\"@id\":\"https:\\\/\\\/quizviajero.com\\\/blog\\\/viaje-grupal-a-catamarca-abierta-la-inscripcion\\\/\"},\"author\":{\"name\":\"Sergio Mandelbaum\",\"@id\":\"https:\\\/\\\/quizviajero.com\\\/blog\\\/#\\\/schema\\\/person\\\/f4fb0b7d92e2b4474ea6aa797755abfb\"},\"headline\":\"Viaje grupal a Catamarca 2023 (AGOTADO)\",\"datePublished\":\"2023-02-22T13:13:15+00:00\",\"dateModified\":\"2025-02-24T16:24:57+00:00\",\"mainEntityOfPage\":{\"@id\":\"https:\\\/\\\/quizviajero.com\\\/blog\\\/viaje-grupal-a-catamarca-abierta-la-inscripcion\\\/\"},\"wordCount\":814,\"commentCount\":1,\"publisher\":{\"@id\":\"https:\\\/\\\/quizviajero.com\\\/blog\\\/#organization\"},\"image\":{\"@id\":\"https:\\\/\\\/quizviajero.com\\\/blog\\\/viaje-grupal-a-catamarca-abierta-la-inscripcion\\\/#primaryimage\"},\"thumbnailUrl\":\"https:\\\/\\\/quizviajero.com\\\/blog\\\/wp-content\\\/uploads\\\/2023\\\/02\\\/cata1-1.jpeg\",\"keywords\":[\"Argentina\",\"catamarca\",\"viaje grupal\",\"viajes grupales\"],\"articleSection\":[\"Argentina\",\"Uncategorized\",\"Viajes Grupales\"],\"inLanguage\":\"es\",\"potentialAction\":[{\"@type\":\"CommentAction\",\"name\":\"Comment\",\"target\":[\"https:\\\/\\\/quizviajero.com\\\/blog\\\/viaje-grupal-a-catamarca-abierta-la-inscripcion\\\/#respond\"]}]},{\"@type\":\"WebPage\",\"@id\":\"https:\\\/\\\/quizviajero.com\\\/blog\\\/viaje-grupal-a-catamarca-abierta-la-inscripcion\\\/\",\"url\":\"https:\\\/\\\/quizviajero.com\\\/blog\\\/viaje-grupal-a-catamarca-abierta-la-inscripcion\\\/\",\"name\":\"Viaje grupal a Catamarca 2023 (AGOTADO) | QuizViajero\",\"isPartOf\":{\"@id\":\"https:\\\/\\\/quizviajero.com\\\/blog\\\/#website\"},\"primaryImageOfPage\":{\"@id\":\"https:\\\/\\\/quizviajero.com\\\/blog\\\/viaje-grupal-a-catamarca-abierta-la-inscripcion\\\/#primaryimage\"},\"image\":{\"@id\":\"https:\\\/\\\/quizviajero.com\\\/blog\\\/viaje-grupal-a-catamarca-abierta-la-inscripcion\\\/#primaryimage\"},\"thumbnailUrl\":\"https:\\\/\\\/quizviajero.com\\\/blog\\\/wp-content\\\/uploads\\\/2023\\\/02\\\/cata1-1.jpeg\",\"datePublished\":\"2023-02-22T13:13:15+00:00\",\"dateModified\":\"2025-02-24T16:24:57+00:00\",\"description\":\"Del 9 al 15 de mayo de 2023 realizaremos nuestro 6to viaje grupal esta vez a la hermosa Catamarca recorriendo durante 7 d\u00edas sus mejores lugares.\",\"breadcrumb\":{\"@id\":\"https:\\\/\\\/quizviajero.com\\\/blog\\\/viaje-grupal-a-catamarca-abierta-la-inscripcion\\\/#breadcrumb\"},\"inLanguage\":\"es\",\"potentialAction\":[{\"@type\":\"ReadAction\",\"target\":[\"https:\\\/\\\/quizviajero.com\\\/blog\\\/viaje-grupal-a-catamarca-abierta-la-inscripcion\\\/\"]}]},{\"@type\":\"ImageObject\",\"inLanguage\":\"es\",\"@id\":\"https:\\\/\\\/quizviajero.com\\\/blog\\\/viaje-grupal-a-catamarca-abierta-la-inscripcion\\\/#primaryimage\",\"url\":\"https:\\\/\\\/quizviajero.com\\\/blog\\\/wp-content\\\/uploads\\\/2023\\\/02\\\/cata1-1.jpeg\",\"contentUrl\":\"https:\\\/\\\/quizviajero.com\\\/blog\\\/wp-content\\\/uploads\\\/2023\\\/02\\\/cata1-1.jpeg\",\"width\":680,\"height\":453},{\"@type\":\"BreadcrumbList\",\"@id\":\"https:\\\/\\\/quizviajero.com\\\/blog\\\/viaje-grupal-a-catamarca-abierta-la-inscripcion\\\/#breadcrumb\",\"itemListElement\":[{\"@type\":\"ListItem\",\"position\":1,\"name\":\"Home\",\"item\":\"https:\\\/\\\/quizviajero.com\\\/blog\\\/\"},{\"@type\":\"ListItem\",\"position\":2,\"name\":\"Uncategorized\",\"item\":\"https:\\\/\\\/quizviajero.com\\\/blog\\\/uncategorized\\\/\"},{\"@type\":\"ListItem\",\"position\":3,\"name\":\"Viaje grupal a Catamarca 2023 (AGOTADO)\"}]},{\"@type\":\"WebSite\",\"@id\":\"https:\\\/\\\/quizviajero.com\\\/blog\\\/#website\",\"url\":\"https:\\\/\\\/quizviajero.com\\\/blog\\\/\",\"name\":\"QuizViajero\",\"description\":\"El primer juego sobre viajes con premios! \u2708\",\"publisher\":{\"@id\":\"https:\\\/\\\/quizviajero.com\\\/blog\\\/#organization\"},\"potentialAction\":[{\"@type\":\"SearchAction\",\"target\":{\"@type\":\"EntryPoint\",\"urlTemplate\":\"https:\\\/\\\/quizviajero.com\\\/blog\\\/?s={search_term_string}\"},\"query-input\":{\"@type\":\"PropertyValueSpecification\",\"valueRequired\":true,\"valueName\":\"search_term_string\"}}],\"inLanguage\":\"es\"},{\"@type\":\"Organization\",\"@id\":\"https:\\\/\\\/quizviajero.com\\\/blog\\\/#organization\",\"name\":\"QuizViajero\",\"url\":\"https:\\\/\\\/quizviajero.com\\\/blog\\\/\",\"logo\":{\"@type\":\"ImageObject\",\"inLanguage\":\"es\",\"@id\":\"https:\\\/\\\/quizviajero.com\\\/blog\\\/#\\\/schema\\\/logo\\\/image\\\/\",\"url\":\"https:\\\/\\\/quizviajero.com\\\/blog\\\/wp-content\\\/uploads\\\/2016\\\/11\\\/cropped-qv_logo-1.png\",\"contentUrl\":\"https:\\\/\\\/quizviajero.com\\\/blog\\\/wp-content\\\/uploads\\\/2016\\\/11\\\/cropped-qv_logo-1.png\",\"width\":301,\"height\":100,\"caption\":\"QuizViajero\"},\"image\":{\"@id\":\"https:\\\/\\\/quizviajero.com\\\/blog\\\/#\\\/schema\\\/logo\\\/image\\\/\"},\"sameAs\":[\"https:\\\/\\\/www.facebook.com\\\/quizviajero\\\/\",\"https:\\\/\\\/x.com\\\/quiz_viajero\",\"http:\\\/\\\/instagram.com\\\/quizviajeroig\"]},{\"@type\":\"Person\",\"@id\":\"https:\\\/\\\/quizviajero.com\\\/blog\\\/#\\\/schema\\\/person\\\/f4fb0b7d92e2b4474ea6aa797755abfb\",\"name\":\"Sergio Mandelbaum\",\"image\":{\"@type\":\"ImageObject\",\"inLanguage\":\"es\",\"@id\":\"https:\\\/\\\/secure.gravatar.com\\\/avatar\\\/b5e137ec23c9adbecfd3e17ef0e3c3abc99e1fdd81ba3dc8a61dccb5147a1652?s=96&d=mm&r=g\",\"url\":\"https:\\\/\\\/secure.gravatar.com\\\/avatar\\\/b5e137ec23c9adbecfd3e17ef0e3c3abc99e1fdd81ba3dc8a61dccb5147a1652?s=96&d=mm&r=g\",\"contentUrl\":\"https:\\\/\\\/secure.gravatar.com\\\/avatar\\\/b5e137ec23c9adbecfd3e17ef0e3c3abc99e1fdd81ba3dc8a61dccb5147a1652?s=96&d=mm&r=g\",\"caption\":\"Sergio Mandelbaum\"},\"url\":\"https:\\\/\\\/quizviajero.com\\\/blog\\\/author\\\/infoquizviajero-com\\\/\"}]}<\/script>\n<!-- \/ Yoast SEO plugin. -->","yoast_head_json":{"title":"Viaje grupal a Catamarca 2023 (AGOTADO) | QuizViajero","description":"Del 9 al 15 de mayo de 2023 realizaremos nuestro 6to viaje grupal esta vez a la hermosa Catamarca recorriendo durante 7 d\u00edas sus mejores lugares.","robots":{"index":"index","follow":"follow","max-snippet":"max-snippet:-1","max-image-preview":"max-image-preview:large","max-video-preview":"max-video-preview:-1"},"canonical":"https:\/\/quizviajero.com\/blog\/viaje-grupal-a-catamarca-abierta-la-inscripcion\/","og_locale":"es_ES","og_type":"article","og_title":"Viaje grupal a Catamarca 2023 (AGOTADO) | QuizViajero","og_description":"Del 9 al 15 de mayo de 2023 realizaremos nuestro 6to viaje grupal esta vez a la hermosa Catamarca recorriendo durante 7 d\u00edas sus mejores lugares.","og_url":"https:\/\/quizviajero.com\/blog\/viaje-grupal-a-catamarca-abierta-la-inscripcion\/","og_site_name":"QuizViajero","article_publisher":"https:\/\/www.facebook.com\/quizviajero\/","article_published_time":"2023-02-22T13:13:15+00:00","article_modified_time":"2025-02-24T16:24:57+00:00","og_image":[{"width":680,"height":453,"url":"https:\/\/quizviajero.com\/blog\/wp-content\/uploads\/2023\/02\/cata1-1.jpeg","type":"image\/jpeg"}],"author":"Sergio Mandelbaum","twitter_card":"summary_large_image","twitter_creator":"@quiz_viajero","twitter_site":"@quiz_viajero","twitter_misc":{"Escrito por":"Sergio Mandelbaum","Tiempo de lectura":"5 minutos"},"schema":{"@context":"https:\/\/schema.org","@graph":[{"@type":"Article","@id":"https:\/\/quizviajero.com\/blog\/viaje-grupal-a-catamarca-abierta-la-inscripcion\/#article","isPartOf":{"@id":"https:\/\/quizviajero.com\/blog\/viaje-grupal-a-catamarca-abierta-la-inscripcion\/"},"author":{"name":"Sergio Mandelbaum","@id":"https:\/\/quizviajero.com\/blog\/#\/schema\/person\/f4fb0b7d92e2b4474ea6aa797755abfb"},"headline":"Viaje grupal a Catamarca 2023 (AGOTADO)","datePublished":"2023-02-22T13:13:15+00:00","dateModified":"2025-02-24T16:24:57+00:00","mainEntityOfPage":{"@id":"https:\/\/quizviajero.com\/blog\/viaje-grupal-a-catamarca-abierta-la-inscripcion\/"},"wordCount":814,"commentCount":1,"publisher":{"@id":"https:\/\/quizviajero.com\/blog\/#organization"},"image":{"@id":"https:\/\/quizviajero.com\/blog\/viaje-grupal-a-catamarca-abierta-la-inscripcion\/#primaryimage"},"thumbnailUrl":"https:\/\/quizviajero.com\/blog\/wp-content\/uploads\/2023\/02\/cata1-1.jpeg","keywords":["Argentina","catamarca","viaje grupal","viajes grupales"],"articleSection":["Argentina","Uncategorized","Viajes Grupales"],"inLanguage":"es","potentialAction":[{"@type":"CommentAction","name":"Comment","target":["https:\/\/quizviajero.com\/blog\/viaje-grupal-a-catamarca-abierta-la-inscripcion\/#respond"]}]},{"@type":"WebPage","@id":"https:\/\/quizviajero.com\/blog\/viaje-grupal-a-catamarca-abierta-la-inscripcion\/","url":"https:\/\/quizviajero.com\/blog\/viaje-grupal-a-catamarca-abierta-la-inscripcion\/","name":"Viaje grupal a Catamarca 2023 (AGOTADO) | QuizViajero","isPartOf":{"@id":"https:\/\/quizviajero.com\/blog\/#website"},"primaryImageOfPage":{"@id":"https:\/\/quizviajero.com\/blog\/viaje-grupal-a-catamarca-abierta-la-inscripcion\/#primaryimage"},"image":{"@id":"https:\/\/quizviajero.com\/blog\/viaje-grupal-a-catamarca-abierta-la-inscripcion\/#primaryimage"},"thumbnailUrl":"https:\/\/quizviajero.com\/blog\/wp-content\/uploads\/2023\/02\/cata1-1.jpeg","datePublished":"2023-02-22T13:13:15+00:00","dateModified":"2025-02-24T16:24:57+00:00","description":"Del 9 al 15 de mayo de 2023 realizaremos nuestro 6to viaje grupal esta vez a la hermosa Catamarca recorriendo durante 7 d\u00edas sus mejores lugares.","breadcrumb":{"@id":"https:\/\/quizviajero.com\/blog\/viaje-grupal-a-catamarca-abierta-la-inscripcion\/#breadcrumb"},"inLanguage":"es","potentialAction":[{"@type":"ReadAction","target":["https:\/\/quizviajero.com\/blog\/viaje-grupal-a-catamarca-abierta-la-inscripcion\/"]}]},{"@type":"ImageObject","inLanguage":"es","@id":"https:\/\/quizviajero.com\/blog\/viaje-grupal-a-catamarca-abierta-la-inscripcion\/#primaryimage","url":"https:\/\/quizviajero.com\/blog\/wp-content\/uploads\/2023\/02\/cata1-1.jpeg","contentUrl":"https:\/\/quizviajero.com\/blog\/wp-content\/uploads\/2023\/02\/cata1-1.jpeg","width":680,"height":453},{"@type":"BreadcrumbList","@id":"https:\/\/quizviajero.com\/blog\/viaje-grupal-a-catamarca-abierta-la-inscripcion\/#breadcrumb","itemListElement":[{"@type":"ListItem","position":1,"name":"Home","item":"https:\/\/quizviajero.com\/blog\/"},{"@type":"ListItem","position":2,"name":"Uncategorized","item":"https:\/\/quizviajero.com\/blog\/uncategorized\/"},{"@type":"ListItem","position":3,"name":"Viaje grupal a Catamarca 2023 (AGOTADO)"}]},{"@type":"WebSite","@id":"https:\/\/quizviajero.com\/blog\/#website","url":"https:\/\/quizviajero.com\/blog\/","name":"QuizViajero","description":"El primer juego sobre viajes con premios! \u2708","publisher":{"@id":"https:\/\/quizviajero.com\/blog\/#organization"},"potentialAction":[{"@type":"SearchAction","target":{"@type":"EntryPoint","urlTemplate":"https:\/\/quizviajero.com\/blog\/?s={search_term_string}"},"query-input":{"@type":"PropertyValueSpecification","valueRequired":true,"valueName":"search_term_string"}}],"inLanguage":"es"},{"@type":"Organization","@id":"https:\/\/quizviajero.com\/blog\/#organization","name":"QuizViajero","url":"https:\/\/quizviajero.com\/blog\/","logo":{"@type":"ImageObject","inLanguage":"es","@id":"https:\/\/quizviajero.com\/blog\/#\/schema\/logo\/image\/","url":"https:\/\/quizviajero.com\/blog\/wp-content\/uploads\/2016\/11\/cropped-qv_logo-1.png","contentUrl":"https:\/\/quizviajero.com\/blog\/wp-content\/uploads\/2016\/11\/cropped-qv_logo-1.png","width":301,"height":100,"caption":"QuizViajero"},"image":{"@id":"https:\/\/quizviajero.com\/blog\/#\/schema\/logo\/image\/"},"sameAs":["https:\/\/www.facebook.com\/quizviajero\/","https:\/\/x.com\/quiz_viajero","http:\/\/instagram.com\/quizviajeroig"]},{"@type":"Person","@id":"https:\/\/quizviajero.com\/blog\/#\/schema\/person\/f4fb0b7d92e2b4474ea6aa797755abfb","name":"Sergio Mandelbaum","image":{"@type":"ImageObject","inLanguage":"es","@id":"https:\/\/secure.gravatar.com\/avatar\/b5e137ec23c9adbecfd3e17ef0e3c3abc99e1fdd81ba3dc8a61dccb5147a1652?s=96&d=mm&r=g","url":"https:\/\/secure.gravatar.com\/avatar\/b5e137ec23c9adbecfd3e17ef0e3c3abc99e1fdd81ba3dc8a61dccb5147a1652?s=96&d=mm&r=g","contentUrl":"https:\/\/secure.gravatar.com\/avatar\/b5e137ec23c9adbecfd3e17ef0e3c3abc99e1fdd81ba3dc8a61dccb5147a1652?s=96&d=mm&r=g","caption":"Sergio Mandelbaum"},"url":"https:\/\/quizviajero.com\/blog\/author\/infoquizviajero-com\/"}]}},"_links":{"self":[{"href":"https:\/\/quizviajero.com\/blog\/wp-json\/wp\/v2\/posts\/5966","targetHints":{"allow":["GET"]}}],"collection":[{"href":"https:\/\/quizviajero.com\/blog\/wp-json\/wp\/v2\/posts"}],"about":[{"href":"https:\/\/quizviajero.com\/blog\/wp-json\/wp\/v2\/types\/post"}],"author":[{"embeddable":true,"href":"https:\/\/quizviajero.com\/blog\/wp-json\/wp\/v2\/users\/77"}],"replies":[{"embeddable":true,"href":"https:\/\/quizviajero.com\/blog\/wp-json\/wp\/v2\/comments?post=5966"}],"version-history":[{"count":3,"href":"https:\/\/quizviajero.com\/blog\/wp-json\/wp\/v2\/posts\/5966\/revisions"}],"predecessor-version":[{"id":11079,"href":"https:\/\/quizviajero.com\/blog\/wp-json\/wp\/v2\/posts\/5966\/revisions\/11079"}],"wp:featuredmedia":[{"embeddable":true,"href":"https:\/\/quizviajero.com\/blog\/wp-json\/wp\/v2\/media\/5971"}],"wp:attachment":[{"href":"https:\/\/quizviajero.com\/blog\/wp-json\/wp\/v2\/media?parent=5966"}],"wp:term":[{"taxonomy":"category","embeddable":true,"href":"https:\/\/quizviajero.com\/blog\/wp-json\/wp\/v2\/categories?post=5966"},{"taxonomy":"post_tag","embeddable":true,"href":"https:\/\/quizviajero.com\/blog\/wp-json\/wp\/v2\/tags?post=5966"}],"curies":[{"name":"wp","href":"https:\/\/api.w.org\/{rel}","templated":true}]}}